{"id":162021,"date":"2014-09-27T19:00:35","date_gmt":"2014-09-27T19:00:35","guid":{"rendered":"http:\/\/diariodominicano.ddns.net\/?p=162021"},"modified":"2014-09-27T19:00:35","modified_gmt":"2014-09-27T19:00:35","slug":"pelegrin-afirma-balaguer-fue-el-politico-que-mayor-atencion-presto-al-campo","status":"publish","type":"post","link":"https:\/\/diariodominicano.com\/?p=162021","title":{"rendered":"Pelegr\u00edn afirma Balaguer fue el pol\u00edtico que mayor atenci\u00f3n prest\u00f3 al campo"},"content":{"rendered":"<p><body><\/p>\n<p><img decoding=\"async\" src=\"img3\/pelgrin.jpg\" \/>  <\/p>\n<p><span class=\"text1noticias\">Santo Domingo, RD, 27 de Septiembre.-El primer vicepresidente de la Fuerza Nacional Progresista (FNP), Pelegr\u00edn Castillo afirm\u00f3 que el l\u00edder hist\u00f3rico del Partido Reformista Social Cristiano, doctor Joaqu\u00edn Balaguer, fue el pol\u00edtico que mayor atenci\u00f3n prest\u00f3 a la poblaci\u00f3n rural.<\/span><\/p>\n<\/p>\n<p><span class=\"text1noticias\">Sostuvo, adem\u00e1s, que Balaguer fue el pol\u00edtico que m\u00e1s vio con claridad el problema estrat\u00e9gico que representa para la Rep\u00fablica Dominicana la preservaci\u00f3n de los recursos naturales.<\/span><\/p>\n<\/p>\n<p><span class=\"text1noticias\">Dijo que por ello la FNP ha sido consecuente con el pensamiento que ten\u00eda el fenecido ex presidente Balaguer.<\/span><\/p>\n<\/p>\n<p><span class=\"text1noticias\">Pelegr\u00edn Castillo habl\u00f3 en el marco del V Encuentro de L\u00edderes de Juventudes de la Uni\u00f3n de Partidos Latinoamericanos (UPLA) que se celebra en Santo Domingo desde el jueves. Estuvieron presentes el primer vicepresidente del PRSC, Louis Bogaert; el director del Instituto de Formaci\u00f3n Pol\u00edtica (IFP), Frank Mart\u00ednez, y el subsecretario de Asuntos Internacionales del partido colorao, Jatzel Rom\u00e1n, entre otros.<\/span><\/p>\n<\/p>\n<p><span class=\"text1noticias\">Explic\u00f3 que el pa\u00eds tiene la capacidad de producir la mayor parte de los alimentos utilizado para el consumo local, lo que dijo garantiza la seguridad alimentaria.<\/span><\/p>\n<\/p>\n<p><span class=\"text1noticias\">En ese sentido, destac\u00f3 que el presidente Danilo Medina le ha prestado m\u00e1s atenci\u00f3n a este sector \u00aby en eso ha sido consecuente, ya siguiendo la l\u00ednea que le planteamos nosotros como partido aliado de la importancia de la seguridad alimentaria\u00bb.<\/span><\/p>\n<\/p>\n<p><span class=\"text1noticias\">Dijo que el s\u00edmbolo de la FNP es el hombre con el arado \u00aby uno de los elementos del pacto de nosotros con el Gobierno fue ese y el Presidente Medina ha sido consecuente con eso\u00bb.<\/span><\/p>\n<\/p>\n<p><span class=\"text1noticias\">Pero yo quiero decir ?agreg\u00f3- que  nosotros hemos sido consecuente con el pensamiento que sobre ese particular tenia el doctor Joaqu\u00edn Balaguer.<\/span><\/p>\n<\/p>\n<p><strong><span class=\"text1noticias\">Llamados a los j\u00f3venes<\/span><\/strong><\/p>\n<\/p>\n<p><span class=\"text1noticias\">El dirigente de la Fuerza Nacional Progresista llam\u00f3 a los j\u00f3venes que se inician en la carrera pol\u00edtica a tener ideas propias, luchar, arriesgarse y asumir consecuencia por la defensa de sus posiciones.<\/span><\/p>\n<p><span class=\"text1noticias\">\u00abNo se puede hacer carrera pol\u00edtica sin ideales y mucho menos sin ideas\u00bb, sostuvo.<\/span><\/p>\n<\/p>\n<p><span class=\"text1noticias\">Dijo que siempre recomienda a la juventud a asumir posiciones propositivas en beneficio del inter\u00e9s general e interpretar la realidad de su pueblo para elaborar propuestas viables.<\/span><\/p>\n<\/p>\n<p><span class=\"text1noticias\">Sostuvo que en la pol\u00edtica se necesita la coherencia, \u00abesforz\u00e1ndose siempre en tratar de ser consecuente con lo que se plantea, desafiando muchas veces el riesgo y encarando peligro\u00bb.<\/span><\/p>\n<\/p>\n<p><span class=\"text1noticias\">Explic\u00f3 que cuando se asume esa postura, que dijo ha caracterizado a la Fuerza Nacional Progresista, \u00abse defiende siempre con la convicci\u00f3n una causa justa, buena, y necesaria para la naci\u00f3n\u00bb.<\/span><\/p>\n<\/p>\n<p><span class=\"text1noticias\">En ese sentido, dijo que se han concentrado en los grandes temas nacionales, lo que le ha generado respaldo de amplios sectores de la sociedad dominicana.<\/span><\/p>\n<\/p>\n<p><span class=\"text1noticias\">Entre los participantes en el encuentro internacional, que se celebra en el Hotel Plaza Naco, de la Capital,  figuran el subsecretario de Asuntos Internacionales del PRSC, Jatzel Rom\u00e1n, y los dirigentes de la Juventud Reformista Social Cristiana (JRSC) Peter Amable S\u00e1nchez Aristy, Carlos Modesto Guzm\u00e1n, Jorge Dargam, Eddy Antonio, Ra\u00fal Negr\u00f3n (Chucho), entre otros. Tambi\u00e9n Jatzel Pimentel y otros dirigentes juveniles de la FNP.<\/span><\/p>\n<\/p>\n<p><span class=\"text1noticias\">Entre los invitados internacionales en el evento est\u00e1n Abraham Bercenas, de Panam\u00e1;  Felipe Cuevas, de Chile; Villeta Beas, de Per\u00fa; Daniela Serrano, Ecuador; Freddy V\u00e1squez, Chile; Julio Clavijo, Ecuador; Juan D\u00edaz, Costa Rica; Fanny Delgado, El Salvador; Junior Pantoja, Bolivia, y Yeza Mart\u00edn, de Argentina.<\/span><\/p>\n<p><span class=\"text1noticias\">Tambi\u00e9n Gabriel Coronado, de Venezuela; David Valencia, de Colombia; C\u00e9sar Accorsi y Bruno Otsuka, de Brasil; Nicol\u00e1s Figari, Sandrock Jorge y Sandra M\u00e9ndez, de Chile; Mart\u00edn Riviera, Paraguay, y William Mar\u00edn, de Nicaragua, entre otros.(HG)<\/span>.<\/p>\n<\/p>\n<h6> 2014-09-27 19:00:35 <\/h6>\n<p><!--\n<link rel=\"stylesheet\" href=\"css\/bootstrap.min.css\">\n\n\n<ul class=\"pagination\">\n\t    \n\t\n\n<li >\n\t<a href='?page_no=14468'>Previous<\/a>\n\t<\/li>\n\n\n       \n    \n\n<li><a href='?page_no=1'>1<\/a><\/li>\n\n\n\n<li><a href='?page_no=2'>2<\/a><\/li>\n\n\n\n<li><a>...<\/a><\/li>\n\n\n\n<li><a href='?page_no=14467'>14467<\/a><\/li>\n\n\n\n<li><a href='?page_no=14468'>14468<\/a><\/li>\n\n\n\n<li class='active'><a>14469<\/a><\/li>\n\n\n\n<li><a href='?page_no=14470'>14470<\/a><\/li>\n\n\n\n<li><a href='?page_no=14471'>14471<\/a><\/li>\n\n\n\n<li><a>...<\/a><\/li>\n\n\n\n<li><a href='?page_no=36999'>36999<\/a><\/li>\n\n\n\n<li><a href='?page_no=37000'>37000<\/a><\/li>\n\n    \n\t\n\n<li >\n\t<a href='?page_no=14470'>Next<\/a>\n\t<\/li>\n\n\n    \n\n<li><a href='?page_no=37000'>Last &rsaquo;&rsaquo;<\/a><\/li>\n\n<\/ul>\n\n\n--><br \/>\n<\/body><\/p>\n","protected":false},"excerpt":{"rendered":"<p>Santo Domingo, RD, 27 de Septiembre.-El primer vicepresidente de la Fuerza Nacional Progresista (FNP), Pelegr\u00edn Castillo afirm\u00f3 que el l\u00edder hist\u00f3rico del Partido Reformista Social Cristiano, doctor Joaqu\u00edn Balaguer, fue el pol\u00edtico que mayor atenci\u00f3n prest\u00f3 a la poblaci\u00f3n rural. Sostuvo, adem\u00e1s, que Balaguer fue el pol\u00edtico que m\u00e1s vio con claridad el problema estrat\u00e9gico [&hellip;]<\/p>\n","protected":false},"author":3,"featured_media":0,"comment_status":"open","ping_status":"open","sticky":false,"template":"","format":"standard","meta":{"footnotes":""},"categories":[22],"tags":[],"class_list":["post-162021","post","type-post","status-publish","format-standard","hentry","category-politica"],"_links":{"self":[{"href":"https:\/\/diariodominicano.com\/index.php?rest_route=\/wp\/v2\/posts\/162021","targetHints":{"allow":["GET"]}}],"collection":[{"href":"https:\/\/diariodominicano.com\/index.php?rest_route=\/wp\/v2\/posts"}],"about":[{"href":"https:\/\/diariodominicano.com\/index.php?rest_route=\/wp\/v2\/types\/post"}],"author":[{"embeddable":true,"href":"https:\/\/diariodominicano.com\/index.php?rest_route=\/wp\/v2\/users\/3"}],"replies":[{"embeddable":true,"href":"https:\/\/diariodominicano.com\/index.php?rest_route=%2Fwp%2Fv2%2Fcomments&post=162021"}],"version-history":[{"count":0,"href":"https:\/\/diariodominicano.com\/index.php?rest_route=\/wp\/v2\/posts\/162021\/revisions"}],"wp:attachment":[{"href":"https:\/\/diariodominicano.com\/index.php?rest_route=%2Fwp%2Fv2%2Fmedia&parent=162021"}],"wp:term":[{"taxonomy":"category","embeddable":true,"href":"https:\/\/diariodominicano.com\/index.php?rest_route=%2Fwp%2Fv2%2Fcategories&post=162021"},{"taxonomy":"post_tag","embeddable":true,"href":"https:\/\/diariodominicano.com\/index.php?rest_route=%2Fwp%2Fv2%2Ftags&post=162021"}],"curies":[{"name":"wp","href":"https:\/\/api.w.org\/{rel}","templated":true}]}}