{"id":162019,"date":"2014-09-27T22:22:51","date_gmt":"2014-09-27T22:22:51","guid":{"rendered":"http:\/\/diariodominicano.ddns.net\/?p=162019"},"modified":"2014-09-27T22:22:51","modified_gmt":"2014-09-27T22:22:51","slug":"reinaldo-pared-cosidera-proximo-presidente-debe-parecerse-a-danilo-medina","status":"publish","type":"post","link":"https:\/\/diariodominicano.com\/?p=162019","title":{"rendered":"Reinaldo Pared cosidera  pr\u00f3ximo Presidente debe parecerse a Danilo Medina"},"content":{"rendered":"<p><body><\/p>\n<p><img decoding=\"async\" src=\"img3\/reina27000.jpg\" \/><br \/><img decoding=\"async\" src=\"img3\/reina002702.jpg\" \/>  <\/p>\n<p><span class=\"text1noticias\"> <\/span><\/p>\n<p><span class=\"text1noticias\">JIMA ABAJO, La Vega, RD, 27 de Septiembre de 2014.- El aspirante presidencial Reinaldo Pared P\u00e9rez consider\u00f3 aqu\u00ed que a quien le corresponda gobernar el pa\u00eds a partir del 2016 debe ser un Presidente de la Rep\u00fablica que se parezca a Danilo Medina, que sepa escuchar, canalizar y viabilizar las soluciones a los males que les sean planteados o a\u00fan queden por solucionarse.<\/span><\/p>\n<\/p>\n<p><span class=\"text1noticias\">El doctor Pared P\u00e9rez reconoci\u00f3 que todos los precandidatos presidenciales que hasta ahora se promueven en el Partido de la Liberaci\u00f3n Dominicana (PLD) son buenos y re\u00fanen excelentes cualidades, pero cuando se celebre el Congreso Elector de ese partido, la militancia pelede\u00edsta  deber\u00e1 escoger entre los buenos al mejor y al que m\u00e1s le convenga a la Rep\u00fablica Dominicana de estos tiempos.<\/span><\/p>\n<\/p>\n<p><span class=\"text1noticias\">El secretario general del PLD y senador por el Distrito Nacional asegur\u00f3 que desde la Presidencia pondr\u00e1 su vista en el campo dominicano, porque para la Rep\u00fablica Dominicana es fundamental seguir impulsando y modernizar la producci\u00f3n agropecuaria, para colocar al pa\u00eds en condiciones para competir con los grandes exportadores del mundo y \u00abcolocarnos como mandan los nuevos tiempos\u00bb.<\/span><\/p>\n<\/p>\n<p><span class=\"text1noticias\">El secretario general del PLD inici\u00f3 un recorrido el viernes en este municipio que lo lleva este fin de semana por gran parte de la provincia de La Vega; pero previo a iniciar su recorrido fue recibido por los presidentes de los comit\u00e9s provincial y municipal del PLD, senador Euclides S\u00e1nchez y Rafael Alberto Reyes, respectivamente, as\u00ed como por el senador por la provincia Duarte, ingeniero Am\u00edlcar Romero; el miembro del Comit\u00e9 Central del partido y aspirante a la alcald\u00eda de La Vega, Bol\u00edvar Marte; presidentes de comit\u00e9s intermedios y la casi totalidad de la dirigencia de esa organizaci\u00f3n pol\u00edtica en esta provincia.<\/span><\/p>\n<\/p>\n<p><span class=\"text1noticias\">\u00abYo conozco este partido, de los 41 a\u00f1os de fundado que tiene el PLD yo tengo 39 a\u00f1os de militancia, he dedicado toda una vida a este partido, tengo un largo trecho recorrido, un largo peregrinar que me ha permitido cruzar todos los trechos. Estoy preparado para asumir el gran reto que las bases del partido y el pueblo -con la ayuda de Dios- me tienen reservado: ser primero candidato y a partir del 2016 Presidente de la Rep\u00fablica\u00bb, dijo el doctor Pared P\u00e9rez.<\/span><\/p>\n<\/p>\n<p><span class=\"text1noticias\">El aspirante presidencial precis\u00f3 que desde la Presidencia dar\u00e1 atenci\u00f3n especial al campo, como lo hace el presidente Danilo Medina, para producir m\u00e1s alimentos para el mercado local y la exportaci\u00f3n, generar m\u00e1s empleos, divisas y contribuir al bienestar y el desarrollo de todos los dominicanos; pero al mismo tiempo, continuar\u00e1 fortaleciendo la educaci\u00f3n y la salud, la generaci\u00f3n de empleos, en fin, seguir\u00e1 solucionando los problemas fundamentales hasta lograr que la Rep\u00fablica Dominicana sea una naci\u00f3n desarrollada y pr\u00f3spera.<\/span><\/p>\n<\/p>\n<p><span class=\"text1noticias\">Al ser abordado sobre las razones que lo impulsan a buscar la candidatura presidencial por el PLD, el doctor Pared P\u00e9rez coment\u00f3 que es preciso que a la Presidencia de la Rep\u00fablica llegue un l\u00edder que pueda interpretar el pensamiento ideol\u00f3gico del l\u00edder por siempre y fundador del PLD, profesor Juan Bosch, y que sea capaz de continuar desarrollando el tipo de gobierno que impulsa el presidente Danilo Medina S\u00e1nchez.<\/span><\/p>\n<\/p>\n<p><span class=\"text1noticias\">\u00abY ese hombre, ese dirigente est\u00e1 aqu\u00ed frente a ustedes, compa\u00f1eros. Vengan conmigo, caminen conmigo, ganen conmigo, que yo no les fallar\u00e9, no les har\u00e9 quedar mal. Juntos haremos un gobierno con ribetes de humanismo, moral y socialmente cercano al pueblo, escuchando e interpretando sus sentimientos y solucionando juntos, gobierno y poblaci\u00f3n, los males que a\u00fan afectan a los dominicanos\u00bb, proclam\u00f3 un emocionado Reinaldo Pared P\u00e9rez, quien fue aclamado delirantemente en cada lugar visitado.<\/span><\/p>\n<\/p>\n<p><span class=\"text1noticias\"> <\/span><\/p>\n<\/p>\n<p><strong><span class=\"text1noticias\">Respaldo en La Vega y Jima Abajo<\/span><\/strong><\/p>\n<\/p>\n<p><span class=\"text1noticias\"> <\/span><\/p>\n<\/p>\n<p><span class=\"text1noticias\">En este municipio, donde inici\u00f3 su recorrido de tres d\u00edas, el aspirante presidencial por el PLD fue recibido por  dirigentes y miembros del PLD, al igual que en el municipio de Jima Abajo, encabezados por el presidente del comit\u00e9 municipal, licenciado Mario Concepci\u00f3n; el destacado dirigente Vicente S\u00e1nchez y la presidenta del comit\u00e9 intermedio, doctora Trinidad Toribio, aspirante a alcaldesa de esta localidad.<\/span><\/p>\n<\/p>\n<p><span class=\"text1noticias\">Adem\u00e1s de reunirse con la dirigencia y la militancia del PLD en La Vega y Jima Abajo, doctor Pared P\u00e9rez visit\u00f3 en la ciudad de La Vega la sede de la Universidad Tecnol\u00f3gica Cat\u00f3lica del Cibao (UCATECI), donde convers\u00f3 con el rector de esa academia, presb\u00edtero Julio Mart\u00edn Castillo Mej\u00eda, y otras autoridades, adem\u00e1s de ser entrevistado en el canal UCATECI Televisi\u00f3n.<\/span><\/p>\n<\/p>\n<p><span class=\"text1noticias\">UCATECI est\u00e1 embarcada en estos momentos en la organizaci\u00f3n y montaje del Primer Encuentro Mundial de la Agricultura Biointensiva, con el cual se procura, b\u00e1sicamente, promover el cultivo de ciclo corto y el aprovechamiento de espacios para producir alimentos, iniciativa que el doctor Pared P\u00e9rez prometi\u00f3 respaldar y promover.<\/span><\/p>\n<\/p>\n<p><span class=\"text1noticias\">Desde aqu\u00ed se traslad\u00f3 al canal de televisi\u00f3n La Voz de Mar\u00eda, donde habl\u00f3 con director del mismo, reverendo Rafael Delgado (Padre Chelo) y otros comunicadores, posteriormente se reuni\u00f3 con los principales directivos y ejecutivos de la C\u00e1mara de Comercio y Producci\u00f3n de La Vega Real, encabezados por su presidente, ingeniero Francisco Morilla, y en la residencia del doctor Hugo \u00c1lvarez fue recibido por una amplia delegaci\u00f3n de la Asociaci\u00f3n Pro Desarrollo.<\/span><\/p>\n<\/p>\n<p><span class=\"text1noticias\">En su recorrido de tres d\u00edas, el aspirante presidencial es acompa\u00f1ado por una  delegaci\u00f3n de miembros del Comit\u00e9 Central del PLD, legisladores, alcaldes, as\u00ed como delegaciones de los movimientos Caminando con Reinaldo, Nosotras con Reinaldo, Deportistas con Reinaldo, J\u00f3venes con Reinaldo, dirigentes nacionales, provinciales y municipales del PLD, entre otras personalidades que apoyan sus aspiraciones a la Presidencia.<\/span><\/p>\n<\/p>\n<p><span class=\"text1noticias\"> <\/span><\/p>\n<\/p>\n<\/p>\n<h6> 2014-09-27 22:22:51 <\/h6>\n<p><!--\n<link rel=\"stylesheet\" href=\"css\/bootstrap.min.css\">\n\n\n<ul class=\"pagination\">\n\t    \n\t\n\n<li >\n\t<a href='?page_no=14466'>Previous<\/a>\n\t<\/li>\n\n\n       \n    \n\n<li><a href='?page_no=1'>1<\/a><\/li>\n\n\n\n<li><a href='?page_no=2'>2<\/a><\/li>\n\n\n\n<li><a>...<\/a><\/li>\n\n\n\n<li><a href='?page_no=14465'>14465<\/a><\/li>\n\n\n\n<li><a href='?page_no=14466'>14466<\/a><\/li>\n\n\n\n<li class='active'><a>14467<\/a><\/li>\n\n\n\n<li><a href='?page_no=14468'>14468<\/a><\/li>\n\n\n\n<li><a href='?page_no=14469'>14469<\/a><\/li>\n\n\n\n<li><a>...<\/a><\/li>\n\n\n\n<li><a href='?page_no=36999'>36999<\/a><\/li>\n\n\n\n<li><a href='?page_no=37000'>37000<\/a><\/li>\n\n    \n\t\n\n<li >\n\t<a href='?page_no=14468'>Next<\/a>\n\t<\/li>\n\n\n    \n\n<li><a href='?page_no=37000'>Last &rsaquo;&rsaquo;<\/a><\/li>\n\n<\/ul>\n\n\n--><br \/>\n<\/body><\/p>\n","protected":false},"excerpt":{"rendered":"<p>JIMA ABAJO, La Vega, RD, 27 de Septiembre de 2014.- El aspirante presidencial Reinaldo Pared P\u00e9rez consider\u00f3 aqu\u00ed que a quien le corresponda gobernar el pa\u00eds a partir del 2016 debe ser un Presidente de la Rep\u00fablica que se parezca a Danilo Medina, que sepa escuchar, canalizar y viabilizar las soluciones a los males que [&hellip;]<\/p>\n","protected":false},"author":3,"featured_media":0,"comment_status":"open","ping_status":"open","sticky":false,"template":"","format":"standard","meta":{"footnotes":""},"categories":[22],"tags":[],"class_list":["post-162019","post","type-post","status-publish","format-standard","hentry","category-politica"],"_links":{"self":[{"href":"https:\/\/diariodominicano.com\/index.php?rest_route=\/wp\/v2\/posts\/162019","targetHints":{"allow":["GET"]}}],"collection":[{"href":"https:\/\/diariodominicano.com\/index.php?rest_route=\/wp\/v2\/posts"}],"about":[{"href":"https:\/\/diariodominicano.com\/index.php?rest_route=\/wp\/v2\/types\/post"}],"author":[{"embeddable":true,"href":"https:\/\/diariodominicano.com\/index.php?rest_route=\/wp\/v2\/users\/3"}],"replies":[{"embeddable":true,"href":"https:\/\/diariodominicano.com\/index.php?rest_route=%2Fwp%2Fv2%2Fcomments&post=162019"}],"version-history":[{"count":0,"href":"https:\/\/diariodominicano.com\/index.php?rest_route=\/wp\/v2\/posts\/162019\/revisions"}],"wp:attachment":[{"href":"https:\/\/diariodominicano.com\/index.php?rest_route=%2Fwp%2Fv2%2Fmedia&parent=162019"}],"wp:term":[{"taxonomy":"category","embeddable":true,"href":"https:\/\/diariodominicano.com\/index.php?rest_route=%2Fwp%2Fv2%2Fcategories&post=162019"},{"taxonomy":"post_tag","embeddable":true,"href":"https:\/\/diariodominicano.com\/index.php?rest_route=%2Fwp%2Fv2%2Ftags&post=162019"}],"curies":[{"name":"wp","href":"https:\/\/api.w.org\/{rel}","templated":true}]}}