{"id":162018,"date":"2014-09-27T22:53:14","date_gmt":"2014-09-27T22:53:14","guid":{"rendered":"http:\/\/diariodominicano.ddns.net\/?p=162018"},"modified":"2014-09-27T22:53:14","modified_gmt":"2014-09-27T22:53:14","slug":"leonel-fernandez-realiza-fructifera-reunion-con-los-dirigentes-del-pld-en-new-york","status":"publish","type":"post","link":"https:\/\/diariodominicano.com\/?p=162018","title":{"rendered":"Leonel Fern\u00e1ndez realiza fruct\u00edfera reuni\u00f3n con los dirigentes del PLD en New York&#13;"},"content":{"rendered":"<p><body><\/p>\n<p><img decoding=\"async\" src=\"img3\/leon270000.jpg\" \/>  <\/p>\n<\/p>\n<p><span class=\"text1noticias\">NUEVA YORK, 27 de Septiembre de 2014.- El Presidente del Partido de la Liberaci\u00f3n Dominicana, Leonel Fern\u00e1ndez, ex presidente de la Rep\u00fablica, valor\u00f3 como altamente positiva la gesti\u00f3n de gobierno del PLD encabezada por el Presidente Danilo Medina, y consider\u00f3  es un puntal , junto al trabajo de los dirigentes partidarios, para un nuevo triunfo electoral en el proceso comicial de 2016.<\/span><\/p>\n<\/p>\n<p><span class=\"text1noticias\">Al compartir con los miembros de la dilecci\u00f3n pelede\u00edsta en Nueva York, el ex mandatario pas\u00f3 revista a la situaci\u00f3n pol\u00edtica nacional  e internacional en un encuentro realizado al mediod\u00eda del  s\u00e1bado en New York , encuentro muy apreciado por los dirigentes locales del partido morado.<\/span><\/p>\n<\/p>\n<p><span class=\"text1noticias\">\u00abPara nosotros fue de mucho agrado reunirnos  con el  compa\u00f1ero Presidente del Partido y compartir con \u00e9l,   analizar  la situaci\u00f3n pol\u00edtica internacional y nacional y con los que respecta a la gesti\u00f3n de gobierno que  ejecuta  el presidente de la Rep\u00fablica , compa\u00f1ero Danilo Medina y las perspectivas que presenta en lo electoral  nuestro Partido  no importando quien sea el candidato del PLD\u00bb,  declar\u00f3 Frank Cortotrreal, presidente de la Direcci\u00f3n Estatal del PLD en New York y Embajador  Jefe de la Misi\u00f3n de Rep\u00fablica Dominicana ante la Organizaci\u00f3n  de las Naciones Unidas. en  la reuni\u00f3n realizada en el restaurante Lounge South Beach.<\/span><\/p>\n<\/p>\n<p><span class=\"text1noticias\">Cortorreal explic\u00f3  que adem\u00e1s del an\u00e1lisis pol\u00edtico realizado por la direcci\u00f3n peledeista en New York con el Presidente de la organizaci\u00f3n  se  plantearon algunos  puntos relativos al funcionamiento del Partido en las seccionales,  sobre todo los  relacionados con la aplicaci\u00f3n de las conclusiones del VIII Congreso  Ordinario Comandante Norge Botello.<\/span><\/p>\n<\/p>\n<p><span class=\"text1noticias\">\u00abEn todo caso, estableceremos comisiones de trabajo, con  los Enlaces que designe el  Comit\u00e9 Pol\u00edtico para elaborar  un plan de acci\u00f3n en lo que tiene que ver con asuntos electorales y las  implementaciones de las resoluciones del VIII Congreso que se est\u00e1n discutiendo en el Comit\u00e9 Pol\u00edtico\u00bb, explic\u00f3 el presidente Estatal del PLD,  Jos\u00e9 D. Batista de la Secretar\u00eda de Comunicaciones peledeista.<\/span><\/p>\n<\/p>\n<p><span class=\"text1noticias\">Al resumir las conclusiones del encuentro con el ex presidente  Leonel Fern\u00e1ndez ,  Frank Cortorreal  record\u00f3 que es una tradici\u00f3n en el PLD,   desde que Juan Bosch presid\u00eda el Partido, que siempre que iba a esa urbe  una comisi\u00f3n o un miembro del Comit\u00e9 Politico, se  re\u00fana con la direcci\u00f3n partidaria , primero  en la Seccional  Jaime Vargas, transformada por el crecimiento org\u00e1nico del Partido en la Direcci\u00f3n Estatal.<\/span><\/p>\n<\/p>\n<p><span class=\"text1noticias\">Fue reiterativo en explicar que fue una productiva reuni\u00f3n de trabajo, en donde tambi\u00e9n se abord\u00f3 el tema relativo al  empadronamiento de los dominicanos y dominicanos ante la Junta Central Electoral, para que aquellos que no le tengan, obtengan su cedula de identidad y electoral.<\/span><\/p>\n<\/p>\n<p><span class=\"text1noticias\">\u00abPlanteamos al  compa\u00f1ero Presidente la inquietud que,   junto a los dem\u00e1s partidos pol\u00edticos dominicanos,  solicitamos a la Junta Central Electoral para que se abran los centros del cedulaci\u00f3n necesarios, que permitan la cedulaci\u00f3n y la entrega de la cedula nueva a los que ya la tienen \u00ab, explic\u00f3.<\/span><\/p>\n<\/p>\n<p><span class=\"text1noticias\">Los  dirigentes del PLD en Nueva York le manifestaron al presidente de la organizaci\u00f3n,  Leonel Fern\u00e1ndez, que esperan ansiosos  la designaci\u00f3n del Enlace que nombrar\u00e1  el Comit\u00e9 Pol\u00edtico para organizar y planificar las tareas pol\u00edticas y electorales pendientes.<\/span><\/p>\n<\/p>\n<p><span class=\"text1noticias\">Frank Cortorreal refiri\u00f3 que tambi\u00e9n que  el Presidente del PLD manifest\u00f3 su regocijo y agrado por el encuentro efectuado con sus compa\u00f1eros dirigentes en la emblem\u00e1tica Direcci\u00f3n Estatal de Nueva York.<\/span><\/p>\n<\/p>\n<p><span class=\"text1noticias\">El el ex presidente Leonel Fern\u00e1ndez,  desde el pasado domingo se encuentra en territorio estadounidense  en donde ha participado en reuniones y encuentros academicos y de car\u00e1cter pol\u00edtico. Este mismo s\u00e1bado, a prima noche, encabeza  un encuentro   pol\u00edtico en New Jersey .<\/span><\/p>\n<\/p>\n<p><span class=\"text1noticias\">Este domingo a media ma\u00f1ana  Leonel  Fern\u00e1ndez encabezar\u00e1 un encuentro con la comunidad dominicana en un auditorio Shepard Hall de City College en la avenida Convenant.en New York .<\/span><\/p>\n<\/p>\n<\/p>\n<h6> 2014-09-27 22:53:14 <\/h6>\n<p><!--\n<link rel=\"stylesheet\" href=\"css\/bootstrap.min.css\">\n\n\n<ul class=\"pagination\">\n\t    \n\t\n\n<li >\n\t<a href='?page_no=14465'>Previous<\/a>\n\t<\/li>\n\n\n       \n    \n\n<li><a href='?page_no=1'>1<\/a><\/li>\n\n\n\n<li><a href='?page_no=2'>2<\/a><\/li>\n\n\n\n<li><a>...<\/a><\/li>\n\n\n\n<li><a href='?page_no=14464'>14464<\/a><\/li>\n\n\n\n<li><a href='?page_no=14465'>14465<\/a><\/li>\n\n\n\n<li class='active'><a>14466<\/a><\/li>\n\n\n\n<li><a href='?page_no=14467'>14467<\/a><\/li>\n\n\n\n<li><a href='?page_no=14468'>14468<\/a><\/li>\n\n\n\n<li><a>...<\/a><\/li>\n\n\n\n<li><a href='?page_no=36999'>36999<\/a><\/li>\n\n\n\n<li><a href='?page_no=37000'>37000<\/a><\/li>\n\n    \n\t\n\n<li >\n\t<a href='?page_no=14467'>Next<\/a>\n\t<\/li>\n\n\n    \n\n<li><a href='?page_no=37000'>Last &rsaquo;&rsaquo;<\/a><\/li>\n\n<\/ul>\n\n\n--><br \/>\n<\/body><\/p>\n","protected":false},"excerpt":{"rendered":"<p>NUEVA YORK, 27 de Septiembre de 2014.- El Presidente del Partido de la Liberaci\u00f3n Dominicana, Leonel Fern\u00e1ndez, ex presidente de la Rep\u00fablica, valor\u00f3 como altamente positiva la gesti\u00f3n de gobierno del PLD encabezada por el Presidente Danilo Medina, y consider\u00f3 es un puntal , junto al trabajo de los dirigentes partidarios, para un nuevo triunfo [&hellip;]<\/p>\n","protected":false},"author":3,"featured_media":0,"comment_status":"open","ping_status":"open","sticky":false,"template":"","format":"standard","meta":{"footnotes":""},"categories":[22],"tags":[],"class_list":["post-162018","post","type-post","status-publish","format-standard","hentry","category-politica"],"_links":{"self":[{"href":"https:\/\/diariodominicano.com\/index.php?rest_route=\/wp\/v2\/posts\/162018","targetHints":{"allow":["GET"]}}],"collection":[{"href":"https:\/\/diariodominicano.com\/index.php?rest_route=\/wp\/v2\/posts"}],"about":[{"href":"https:\/\/diariodominicano.com\/index.php?rest_route=\/wp\/v2\/types\/post"}],"author":[{"embeddable":true,"href":"https:\/\/diariodominicano.com\/index.php?rest_route=\/wp\/v2\/users\/3"}],"replies":[{"embeddable":true,"href":"https:\/\/diariodominicano.com\/index.php?rest_route=%2Fwp%2Fv2%2Fcomments&post=162018"}],"version-history":[{"count":0,"href":"https:\/\/diariodominicano.com\/index.php?rest_route=\/wp\/v2\/posts\/162018\/revisions"}],"wp:attachment":[{"href":"https:\/\/diariodominicano.com\/index.php?rest_route=%2Fwp%2Fv2%2Fmedia&parent=162018"}],"wp:term":[{"taxonomy":"category","embeddable":true,"href":"https:\/\/diariodominicano.com\/index.php?rest_route=%2Fwp%2Fv2%2Fcategories&post=162018"},{"taxonomy":"post_tag","embeddable":true,"href":"https:\/\/diariodominicano.com\/index.php?rest_route=%2Fwp%2Fv2%2Ftags&post=162018"}],"curies":[{"name":"wp","href":"https:\/\/api.w.org\/{rel}","templated":true}]}}