{"id":162017,"date":"2014-09-28T04:38:46","date_gmt":"2014-09-28T04:38:46","guid":{"rendered":"http:\/\/diariodominicano.ddns.net\/?p=162017"},"modified":"2014-09-28T04:38:46","modified_gmt":"2014-09-28T04:38:46","slug":"radhames-segura-favorece-ley-partido-consensuada-pero-pide-respetar-iniciativa-pld","status":"publish","type":"post","link":"https:\/\/diariodominicano.com\/?p=162017","title":{"rendered":"Radham\u00e9s Segura favorece ley Partido consensuada pero, pide respetar iniciativa PLD"},"content":{"rendered":"<p><body><\/p>\n<p><img decoding=\"async\" src=\"img3\/Rada.jpeg\" \/>  <\/p>\n<p><span class=\"text1noticias\">Santo Domingo, R. D., 28 de septiembre.- El precandidato presidencial del Partido de la Liberaci\u00f3n Dominicana, PLD,  ingeniero Radham\u00e9s Segura favoreci\u00f3 que la comisi\u00f3n de Diputados que estudia el proyecto de ley de Partidos Pol\u00edticos, escuche a los sectores y organizaciones que tienen sus puntos de vistas en torno a la pieza sometida por el Comit\u00e9 Pol\u00edtico de su partido.<\/span><\/p>\n<p><span class=\"text1noticias\"> <\/span><\/p>\n<p><span class=\"text1noticias\">Segura, quien es miembro del alto organismo de direcci\u00f3n peledeista, reclam\u00f3 que tanto las entidades de la sociedad civil como los partidos pol\u00edticos deben respetar al PLD, ya que no ha hecho m\u00e1s que presentar una iniciativa legislativa en esa direcci\u00f3n.<\/span><\/p>\n<p><span class=\"text1noticias\"> <\/span><\/p>\n<p><span class=\"text1noticias\">El aspirante a la candidatura presidencial del PLD para los comicios del 2016, tambi\u00e9n hizo un llamado a su compa\u00f1eros de partido para que no se excedan en las repuestas que dan a quienes critican el proyecto de ley de Partidos sometido recientemente a trav\u00e9s de su bloque de diputados por una comisi\u00f3n del Comit\u00e9 Pol\u00edtico.<\/span><\/p>\n<p><span class=\"text1noticias\"> <\/span><\/p>\n<p><span class=\"text1noticias\">Entrevistado por H\u00e9ctor Herrera Cabral en el programa D\u00b4AGENDA  que se difunde por Telesistema canal 11, el alto dirigente peledeista dijo estar de acuerdo en que  en los puntos conflictivos se puede llevar alg\u00fan tipo de consenso y la pieza pueda ser aprobada cuanto antes.<\/span><\/p>\n<p><span class=\"text1noticias\"> <\/span><\/p>\n<p><span class=\"text1noticias\">Neg\u00f3 que con el proyecto de ley presentado por el Comit\u00e9 Pol\u00edtico del partido oficialista se vaya al retroceso, a la vez que rechaz\u00f3 las acusaciones que se le hacen a su organizaci\u00f3n de que con dicha iniciativa busca hacerse un traje a su medida.<\/span><\/p>\n<p><span class=\"text1noticias\"> <\/span><\/p>\n<p><span class=\"text1noticias\">\u00abYo creo que es prudente que la comisi\u00f3n que preside el compa\u00f1ero Henry Mer\u00e1n escuche tanto a las organizaciones de la sociedad civil como a los partidos pol\u00edticos que tienen reparo en el proyecto sometido por el Comit\u00e9 Pol\u00edtico de nuestro partido, y tratar de que en los puntos en conflictos se pueda llegar alg\u00fan tipo de consenso\u00bb, reiter\u00f3 el ingeniero Radham\u00e9s Segura.<\/span><\/p>\n<p><span class=\"text1noticias\"> <\/span><\/p>\n<p><span class=\"text1noticias\">Segura insisti\u00f3 en que debe respetarse el trabajo hecho por el Comit\u00e9 Pol\u00edtico peledeista, y pidi\u00f3 a quien vaya a criticarlo lo haga con altura, as\u00ed como su compa\u00f1eros de partido no se deben exceder en las respuestas a esas cr\u00edticas.<\/span><\/p>\n<p><span class=\"text1noticias\"> <\/span><\/p>\n<p><span class=\"text1noticias\">El ingeniero Radham\u00e9s Segura llam\u00f3 a sus compa\u00f1eros precandidatos que tienen cargo en el gobierno, o alguna incidencia en dependencias del Estado que instruyan a sus subalternos para que  detengan los atropellos y cancelaciones en contra de quienes apoyan su precandi<\/span>datura.<\/p>\n<h6> 2014-09-28 04:38:46 <\/h6>\n<p><!--\n<link rel=\"stylesheet\" href=\"css\/bootstrap.min.css\">\n\n\n<ul class=\"pagination\">\n\t    \n\t\n\n<li >\n\t<a href='?page_no=14464'>Previous<\/a>\n\t<\/li>\n\n\n       \n    \n\n<li><a href='?page_no=1'>1<\/a><\/li>\n\n\n\n<li><a href='?page_no=2'>2<\/a><\/li>\n\n\n\n<li><a>...<\/a><\/li>\n\n\n\n<li><a href='?page_no=14463'>14463<\/a><\/li>\n\n\n\n<li><a href='?page_no=14464'>14464<\/a><\/li>\n\n\n\n<li class='active'><a>14465<\/a><\/li>\n\n\n\n<li><a href='?page_no=14466'>14466<\/a><\/li>\n\n\n\n<li><a href='?page_no=14467'>14467<\/a><\/li>\n\n\n\n<li><a>...<\/a><\/li>\n\n\n\n<li><a href='?page_no=36999'>36999<\/a><\/li>\n\n\n\n<li><a href='?page_no=37000'>37000<\/a><\/li>\n\n    \n\t\n\n<li >\n\t<a href='?page_no=14466'>Next<\/a>\n\t<\/li>\n\n\n    \n\n<li><a href='?page_no=37000'>Last &rsaquo;&rsaquo;<\/a><\/li>\n\n<\/ul>\n\n\n--><br \/>\n<\/body><\/p>\n","protected":false},"excerpt":{"rendered":"<p>Santo Domingo, R. D., 28 de septiembre.- El precandidato presidencial del Partido de la Liberaci\u00f3n Dominicana, PLD, ingeniero Radham\u00e9s Segura favoreci\u00f3 que la comisi\u00f3n de Diputados que estudia el proyecto de ley de Partidos Pol\u00edticos, escuche a los sectores y organizaciones que tienen sus puntos de vistas en torno a la pieza sometida por el [&hellip;]<\/p>\n","protected":false},"author":3,"featured_media":0,"comment_status":"open","ping_status":"open","sticky":false,"template":"","format":"standard","meta":{"footnotes":""},"categories":[22],"tags":[],"class_list":["post-162017","post","type-post","status-publish","format-standard","hentry","category-politica"],"_links":{"self":[{"href":"https:\/\/diariodominicano.com\/index.php?rest_route=\/wp\/v2\/posts\/162017","targetHints":{"allow":["GET"]}}],"collection":[{"href":"https:\/\/diariodominicano.com\/index.php?rest_route=\/wp\/v2\/posts"}],"about":[{"href":"https:\/\/diariodominicano.com\/index.php?rest_route=\/wp\/v2\/types\/post"}],"author":[{"embeddable":true,"href":"https:\/\/diariodominicano.com\/index.php?rest_route=\/wp\/v2\/users\/3"}],"replies":[{"embeddable":true,"href":"https:\/\/diariodominicano.com\/index.php?rest_route=%2Fwp%2Fv2%2Fcomments&post=162017"}],"version-history":[{"count":0,"href":"https:\/\/diariodominicano.com\/index.php?rest_route=\/wp\/v2\/posts\/162017\/revisions"}],"wp:attachment":[{"href":"https:\/\/diariodominicano.com\/index.php?rest_route=%2Fwp%2Fv2%2Fmedia&parent=162017"}],"wp:term":[{"taxonomy":"category","embeddable":true,"href":"https:\/\/diariodominicano.com\/index.php?rest_route=%2Fwp%2Fv2%2Fcategories&post=162017"},{"taxonomy":"post_tag","embeddable":true,"href":"https:\/\/diariodominicano.com\/index.php?rest_route=%2Fwp%2Fv2%2Ftags&post=162017"}],"curies":[{"name":"wp","href":"https:\/\/api.w.org\/{rel}","templated":true}]}}