{"id":162016,"date":"2014-09-28T15:40:16","date_gmt":"2014-09-28T15:40:16","guid":{"rendered":"http:\/\/diariodominicano.ddns.net\/?p=162016"},"modified":"2014-09-28T15:40:16","modified_gmt":"2014-09-28T15:40:16","slug":"leonel-fernandez-la-lucha-politica-en-rd-es-de-civilizacion-contra-la-barbarie","status":"publish","type":"post","link":"https:\/\/diariodominicano.com\/?p=162016","title":{"rendered":"Leonel Fern\u00e1ndez: \u00abLa lucha pol\u00edtica en RD es de civilizaci\u00f3n contra la barbarie\u00bb"},"content":{"rendered":"<p><body><\/p>\n<p><img decoding=\"async\" src=\"img3\/leonel.jpeg\" \/>  <\/p>\n<p><span class=\"text1noticias\">Nueva Jersey, EE.UU., 28 de Septiembre.-El ex presidente de la Rep\u00fablica Dominicana, doctor Leonel Fern\u00e1ndez, afirm\u00f3 aqu\u00ed que el Partido de la Liberaci\u00f3n Dominicana (PLD) es la \u00fanica organizaci\u00f3n pol\u00edtica del pa\u00eds que tiene una visi\u00f3n clara de civilizaci\u00f3n.<\/span><\/p>\n<\/p>\n<p><span class=\"text1noticias\">Al hablar durante un acto pol\u00edtico que encabez\u00f3 como parte de la agenda de trabajo que desarrolla desde la semana pasada en los Estados Unidos, Fern\u00e1ndez dijo que en la Rep\u00fablica Dominicana la lucha pol\u00edtica de hoy d\u00eda es de la civilizaci\u00f3n contra la barbarie.<\/span><\/p>\n<\/p>\n<p><span class=\"text1noticias\">\u00abLo otro es el caos, es el desorden&#8230; Y eso no conduce hacia ning\u00fan lugar\u00bb, indic\u00f3 Fern\u00e1ndez, refiri\u00e9ndose a los partidos que adversan al PLD en el escenario pol\u00edtico dominicano.<\/span><\/p>\n<\/p>\n<p><span class=\"text1noticias\">Sostuvo que el PLD ha logrado establecer un ciclo pol\u00edtico virtuoso en la Rep\u00fablica Dominicana, \u00abporque ha sido el \u00fanico partido que en democracia, participando en forma transparente en un proceso electoral, sin que nadie le pueda endilgar que hubo fraude, sino respetando la voluntad popular, en un periodo de 20 a\u00f1os, ha gobernado 16 a\u00f1os\u00bb.<\/span><\/p>\n<\/p>\n<p><span class=\"text1noticias\">El tambi\u00e9n presidente del PLD afirm\u00f3 que el que recorre hoy d\u00eda las diferentes regiones de la Rep\u00fablica Dominicana, nota los grandes cambios que ha habido en el pa\u00eds, producto de las buenas gestiones gubernamentales del PLD.<\/span><\/p>\n<\/p>\n<p><span class=\"text1noticias\">\u00abHay un legado que nos antecede: el legado material, las obras de los gobiernos del doctor Joaqu\u00edn Balaguer. Pero fuera de ese legado del doctor Balaguer, lo que hay lo ha hecho el PLD\u00bb, indic\u00f3 Fern\u00e1ndez.<\/span><\/p>\n<\/p>\n<p><span class=\"text1noticias\">El ex gobernante asegur\u00f3 que la poblaci\u00f3n dominicana tiene bien clara esa realidad, de cara a los procesos electorales venideros. \u00abSi queremos avanzar, si queremos seguir creando oportunidades para nuestros hijos, la \u00fanica opci\u00f3n pol\u00edtica viable en el pa\u00eds se llama el Partido de la Liberaci\u00f3n Dominicana\u00bb.<\/span><\/p>\n<\/p>\n<p><span class=\"text1noticias\">Tras agradecer la receptividad de que fue objeto por parte de la comunidad dominicana radicada en este Estado, el ex presidente Fern\u00e1ndez reiter\u00f3 que el PLD ganar\u00e1 las elecciones previstas para el 2016, repitiendo as\u00ed las experiencias de los \u00faltimos procesos electorales celebrados en el pa\u00eds.<\/span><\/p>\n<\/p>\n<p><span class=\"text1noticias\">\u00abDe manera, pues, que valoro enormemente este respaldo moral que ustedes nos brindan. Nos da aliento, nos da fuerza para seguir tomando nota y asumir una decisi\u00f3n en el momento que corresponda\u00bb, indic\u00f3 Fern\u00e1ndez.<\/span><\/p>\n<\/p>\n<p><span class=\"text1noticias\">En el acto tambi\u00e9n hablaron representantes de los movimientos Mujeres Independientes con Leonel (MIL) y Juventud de Leonel (JUDEL), as\u00ed como dirigentes de la seccional del PLD en este Estado, los cuales le pidieron a Fern\u00e1ndez que se postule nuevamente para la Presidencia de la Rep\u00fablica.<\/span><\/p>\n<p><span class=\"text1noticias\">Al acto asistieron varios senadores y diputados dominicanos, as\u00ed como numerosos dirigentes y miembros del Comit\u00e9 Central del PLD en este Estado.<\/span><\/p>\n<\/p>\n<p><span class=\"text1noticias\"> Previo a su viaje a esta ciudad, Fern\u00e1ndez, en su condici\u00f3n de presidente del PLD, encabez\u00f3 en Nueva York un encuentro de trabajo con la alta dirigencia del partido en esa urbe, entre los que figuran algunos miembros del Comit\u00e9 Central.(HG)<\/span>.  <\/p>\n<\/p>\n<h6> 2014-09-28 15:40:16 <\/h6>\n<p><!--\n<link rel=\"stylesheet\" href=\"css\/bootstrap.min.css\">\n\n\n<ul class=\"pagination\">\n\t    \n\t\n\n<li >\n\t<a href='?page_no=14463'>Previous<\/a>\n\t<\/li>\n\n\n       \n    \n\n<li><a href='?page_no=1'>1<\/a><\/li>\n\n\n\n<li><a href='?page_no=2'>2<\/a><\/li>\n\n\n\n<li><a>...<\/a><\/li>\n\n\n\n<li><a href='?page_no=14462'>14462<\/a><\/li>\n\n\n\n<li><a href='?page_no=14463'>14463<\/a><\/li>\n\n\n\n<li class='active'><a>14464<\/a><\/li>\n\n\n\n<li><a href='?page_no=14465'>14465<\/a><\/li>\n\n\n\n<li><a href='?page_no=14466'>14466<\/a><\/li>\n\n\n\n<li><a>...<\/a><\/li>\n\n\n\n<li><a href='?page_no=36999'>36999<\/a><\/li>\n\n\n\n<li><a href='?page_no=37000'>37000<\/a><\/li>\n\n    \n\t\n\n<li >\n\t<a href='?page_no=14465'>Next<\/a>\n\t<\/li>\n\n\n    \n\n<li><a href='?page_no=37000'>Last &rsaquo;&rsaquo;<\/a><\/li>\n\n<\/ul>\n\n\n--><br \/>\n<\/body><\/p>\n","protected":false},"excerpt":{"rendered":"<p>Nueva Jersey, EE.UU., 28 de Septiembre.-El ex presidente de la Rep\u00fablica Dominicana, doctor Leonel Fern\u00e1ndez, afirm\u00f3 aqu\u00ed que el Partido de la Liberaci\u00f3n Dominicana (PLD) es la \u00fanica organizaci\u00f3n pol\u00edtica del pa\u00eds que tiene una visi\u00f3n clara de civilizaci\u00f3n. Al hablar durante un acto pol\u00edtico que encabez\u00f3 como parte de la agenda de trabajo que [&hellip;]<\/p>\n","protected":false},"author":3,"featured_media":0,"comment_status":"open","ping_status":"open","sticky":false,"template":"","format":"standard","meta":{"footnotes":""},"categories":[22],"tags":[],"class_list":["post-162016","post","type-post","status-publish","format-standard","hentry","category-politica"],"_links":{"self":[{"href":"https:\/\/diariodominicano.com\/index.php?rest_route=\/wp\/v2\/posts\/162016","targetHints":{"allow":["GET"]}}],"collection":[{"href":"https:\/\/diariodominicano.com\/index.php?rest_route=\/wp\/v2\/posts"}],"about":[{"href":"https:\/\/diariodominicano.com\/index.php?rest_route=\/wp\/v2\/types\/post"}],"author":[{"embeddable":true,"href":"https:\/\/diariodominicano.com\/index.php?rest_route=\/wp\/v2\/users\/3"}],"replies":[{"embeddable":true,"href":"https:\/\/diariodominicano.com\/index.php?rest_route=%2Fwp%2Fv2%2Fcomments&post=162016"}],"version-history":[{"count":0,"href":"https:\/\/diariodominicano.com\/index.php?rest_route=\/wp\/v2\/posts\/162016\/revisions"}],"wp:attachment":[{"href":"https:\/\/diariodominicano.com\/index.php?rest_route=%2Fwp%2Fv2%2Fmedia&parent=162016"}],"wp:term":[{"taxonomy":"category","embeddable":true,"href":"https:\/\/diariodominicano.com\/index.php?rest_route=%2Fwp%2Fv2%2Fcategories&post=162016"},{"taxonomy":"post_tag","embeddable":true,"href":"https:\/\/diariodominicano.com\/index.php?rest_route=%2Fwp%2Fv2%2Ftags&post=162016"}],"curies":[{"name":"wp","href":"https:\/\/api.w.org\/{rel}","templated":true}]}}