{"id":162015,"date":"2014-09-28T16:16:36","date_gmt":"2014-09-28T16:16:36","guid":{"rendered":"http:\/\/diariodominicano.ddns.net\/?p=162015"},"modified":"2014-09-28T16:16:36","modified_gmt":"2014-09-28T16:16:36","slug":"quique-antun-dice-prsc-dara-principalia-a-la-juventud-en-los-organos-del-partido","status":"publish","type":"post","link":"https:\/\/diariodominicano.com\/?p=162015","title":{"rendered":"Quique Ant\u00fan dice PRSC dar\u00e1 principal\u00eda a la juventud en los \u00f3rganos del partido"},"content":{"rendered":"<p><body><\/p>\n<p><img decoding=\"async\" src=\"img3\/reformistas.jpg\" \/>  <\/p>\n<p><span class=\"text1noticias\">Santo Domingo, RD, 28 de Septiembre.-El presidente del Partido Reformista Social Cristiano, ingeniero Federico Ant\u00fan Batlle (Quique), anunci\u00f3 este domingo que esa organizaci\u00f3n dar\u00e1 principal\u00eda a la juventud en los estamentos de direcci\u00f3n del PRSC  y en los cargos de elecciones popular para las elecciones de 2016.<\/span><\/p>\n<\/p>\n<p><span class=\"text1noticias\">Quique Ant\u00fan dijo que est\u00e1 convencido que el PRSC solo tiene posibilidades de \u00e9xitos en la consulta electoral que se avecina si incorpora a la juventud y la mujer dominicana en los \u00f3rganos de direcci\u00f3n del partido y le otorga principal\u00eda en los cargos de elecci\u00f3n popular, como senadores, diputados, alcaldes, regidores y directores de distritos municipales.<\/span><\/p>\n<\/p>\n<p><span class=\"text1noticias\">Anunci\u00f3, en medio de fuertes y prolongados aplausos, que a partir del pr\u00f3ximo 5 de octubre, d\u00eda que se celebrar\u00e1 la Asamblea Nacional de la Juventud, un total de 19 j\u00f3venes pasar\u00e1n a formar parte de la Comisi\u00f3n Pol\u00edtica Nacional (CPN) y 57 a la Comisi\u00f3n Ejecutiva (CE), que son los dos \u00f3rganos que dirigen y trazan la pol\u00edtica del partido.<\/span><\/p>\n<\/p>\n<p><span class=\"text1noticias\">Dijo que esa es una demostraci\u00f3n de que la juventud dominicana est\u00e1 teniendo espacios y roles protag\u00f3nicos en la organizaci\u00f3n color\u00e1.<\/span><\/p>\n<\/p>\n<p><span class=\"text1noticias\">Quique Ant\u00fan habl\u00f3 en el acto de clausura del V Encuentro Internacional de L\u00edderes de Juventudes de la Uni\u00f3n de Partidos Latinoamericanos (UPLA), que se celebr\u00f3 en el pa\u00eds desde el pasado jueves con la participaci\u00f3n de una veintena de delegados de igual cantidad de pa\u00edses.<\/span><\/p>\n<\/p>\n<p><span class=\"text1noticias\">Record\u00f3 que desde que asumi\u00f3 la presidencia del Partido Reformista viene abogando por un cambio en el ejercicio de la pol\u00edtica, \u00aby por un cambio para construir un  partido Renovado para un Nuevo Comienzo, y quiero que sepan que ese Nuevo Comienzo es imposible sin la participaci\u00f3n activa de la juventud y de la mujer\u00bb.<\/span><\/p>\n<\/p>\n<p><span class=\"text1noticias\">J\u00f3venes dominicanos ?agreg\u00f3- los invito a empoderarse del Partido Reformista, que yo ser\u00e9 su aliado y guardi\u00e1n para que ustedes cumplan sus sue\u00f1os.<\/span><\/p>\n<\/p>\n<p><span class=\"text1noticias\">El l\u00edder de los reformistas prometi\u00f3 asimismo ayudar a la juventud \u00aba construir un mundo de aspiraciones y de realizaciones porque yo creo en la juventud, y estoy convencido de que sin ella, nuestro pa\u00eds, no tiene futuro\u00bb.<\/span><\/p>\n<\/p>\n<p><span class=\"text1noticias\">Quique Ant\u00fan lament\u00f3 que los j\u00f3venes hayan sido relegados hist\u00f3ricamente del quehacer partidario.<\/span><\/p>\n<\/p>\n<p><span class=\"text1noticias\">\u00abLa juventud ha carecido de espacios para ejercer la pol\u00edtica y nuestra misi\u00f3n y nuestro compromiso es cambiar esa realidad\u00bb, apunt\u00f3.<\/span><\/p>\n<\/p>\n<p><span class=\"text1noticias\">Felicit\u00f3 el trabajo que viene realizando la Juventud Reformista Social Cristiana (JRSC)  en aras del fortalecimiento del nuevo PRSC.<\/span><\/p>\n<\/p>\n<p><span class=\"text1noticias\">Dijo que en esta etapa los j\u00f3venes han inscrito cerca de 65 mil j\u00f3venes de todo el pa\u00eds, \u00aby han conformado, adem\u00e1s, poco m\u00e1s de 200 directivas de la JRSC en distintas unidades territoriales del pa\u00eds\u00bb.<\/span><\/p>\n<\/p>\n<p><strong><span class=\"text1noticias\">Presentes<\/span><\/strong><\/p>\n<\/p>\n<p><span class=\"text1noticias\">En el acto de clausura participaron, adem\u00e1s, el secretario nacional de Organizaci\u00f3n, Miguel Bogaert; el director ejecutivo del Instituto de Formaci\u00f3n Pol\u00edtica (IFP), Frank Mart\u00ednez, y el vicepresidente regional y director ejecutvo del PRSC, Sergio Cede\u00f1o, as\u00ed como Milton Ginebra, Benny Metz, Ivelisse Pav\u00f3n, Ingrid Yeara, Ricardo Espaillat, entre otros.<\/span><\/p>\n<\/p>\n<p><span class=\"text1noticias\">Entre los participantes en el encuentro internacional, que se celebra en el Hotel Plaza Naco, de la Capital,  figuran el subsecretario de Asuntos Internacionales del PRSC, Jatzel Rom\u00e1n, y los dirigentes de la Juventud Reformista Social Cristiana (JRSC) Peter Amable S\u00e1nchez Aristy, Carlos Modesto Guzm\u00e1n, Jorge Dargam, Eddy Antonio, Ra\u00fal Negr\u00f3n (Chucho), entre otros. Tambi\u00e9n Jatzel Pimentel y otros dirigentes juveniles de la FNP.<\/span><\/p>\n<p><span class=\"text1noticias\">Entre los invitados internacionales en el evento est\u00e1n Abraham Bercenas, de Panam\u00e1;  Felipe Cuevas, de Chile; Villeta Beas, de Per\u00fa; Daniela Serrano, Ecuador; Freddy V\u00e1squez, Chile; Julio Clavijo, Ecuador; Juan D\u00edaz, Costa Rica; Fanny Delgado, El Salvador; Junior Pantoja, Bolivia, y Yeza Mart\u00edn, de Argentina.<\/span><\/p>\n<\/p>\n<p><span class=\"text1noticias\">Tambi\u00e9n Gabriel Coronado, de Venezuela; David Valencia, de Colombia; C\u00e9sar Accorsi y Bruno Otsuka, de Brasil; Nicol\u00e1s Figari, Sandrock Jorge y Sandra M\u00e9ndez, de Chile; Mart\u00edn Riviera, Paraguay, y William Mar\u00edn, de Nicaragua, entre otros.(HG)<\/span>.<\/p>\n<\/p>\n<h6> 2014-09-28 16:16:36 <\/h6>\n<p><!--\n<link rel=\"stylesheet\" href=\"css\/bootstrap.min.css\">\n\n\n<ul class=\"pagination\">\n\t    \n\t\n\n<li >\n\t<a href='?page_no=14462'>Previous<\/a>\n\t<\/li>\n\n\n       \n    \n\n<li><a href='?page_no=1'>1<\/a><\/li>\n\n\n\n<li><a href='?page_no=2'>2<\/a><\/li>\n\n\n\n<li><a>...<\/a><\/li>\n\n\n\n<li><a href='?page_no=14461'>14461<\/a><\/li>\n\n\n\n<li><a href='?page_no=14462'>14462<\/a><\/li>\n\n\n\n<li class='active'><a>14463<\/a><\/li>\n\n\n\n<li><a href='?page_no=14464'>14464<\/a><\/li>\n\n\n\n<li><a href='?page_no=14465'>14465<\/a><\/li>\n\n\n\n<li><a>...<\/a><\/li>\n\n\n\n<li><a href='?page_no=36999'>36999<\/a><\/li>\n\n\n\n<li><a href='?page_no=37000'>37000<\/a><\/li>\n\n    \n\t\n\n<li >\n\t<a href='?page_no=14464'>Next<\/a>\n\t<\/li>\n\n\n    \n\n<li><a href='?page_no=37000'>Last &rsaquo;&rsaquo;<\/a><\/li>\n\n<\/ul>\n\n\n--><br \/>\n<\/body><\/p>\n","protected":false},"excerpt":{"rendered":"<p>Santo Domingo, RD, 28 de Septiembre.-El presidente del Partido Reformista Social Cristiano, ingeniero Federico Ant\u00fan Batlle (Quique), anunci\u00f3 este domingo que esa organizaci\u00f3n dar\u00e1 principal\u00eda a la juventud en los estamentos de direcci\u00f3n del PRSC y en los cargos de elecciones popular para las elecciones de 2016. Quique Ant\u00fan dijo que est\u00e1 convencido que el [&hellip;]<\/p>\n","protected":false},"author":3,"featured_media":0,"comment_status":"open","ping_status":"open","sticky":false,"template":"","format":"standard","meta":{"footnotes":""},"categories":[22],"tags":[],"class_list":["post-162015","post","type-post","status-publish","format-standard","hentry","category-politica"],"_links":{"self":[{"href":"https:\/\/diariodominicano.com\/index.php?rest_route=\/wp\/v2\/posts\/162015","targetHints":{"allow":["GET"]}}],"collection":[{"href":"https:\/\/diariodominicano.com\/index.php?rest_route=\/wp\/v2\/posts"}],"about":[{"href":"https:\/\/diariodominicano.com\/index.php?rest_route=\/wp\/v2\/types\/post"}],"author":[{"embeddable":true,"href":"https:\/\/diariodominicano.com\/index.php?rest_route=\/wp\/v2\/users\/3"}],"replies":[{"embeddable":true,"href":"https:\/\/diariodominicano.com\/index.php?rest_route=%2Fwp%2Fv2%2Fcomments&post=162015"}],"version-history":[{"count":0,"href":"https:\/\/diariodominicano.com\/index.php?rest_route=\/wp\/v2\/posts\/162015\/revisions"}],"wp:attachment":[{"href":"https:\/\/diariodominicano.com\/index.php?rest_route=%2Fwp%2Fv2%2Fmedia&parent=162015"}],"wp:term":[{"taxonomy":"category","embeddable":true,"href":"https:\/\/diariodominicano.com\/index.php?rest_route=%2Fwp%2Fv2%2Fcategories&post=162015"},{"taxonomy":"post_tag","embeddable":true,"href":"https:\/\/diariodominicano.com\/index.php?rest_route=%2Fwp%2Fv2%2Ftags&post=162015"}],"curies":[{"name":"wp","href":"https:\/\/api.w.org\/{rel}","templated":true}]}}