{"id":162013,"date":"2014-09-28T16:34:22","date_gmt":"2014-09-28T16:34:22","guid":{"rendered":"http:\/\/diariodominicano.ddns.net\/?p=162013"},"modified":"2014-09-28T16:34:22","modified_gmt":"2014-09-28T16:34:22","slug":"la-presidenta-de-participacion-ciudadana-dice-presidente-danilo-medina-incumple-pacto-habria-hecho-con-esa-entidad","status":"publish","type":"post","link":"https:\/\/diariodominicano.com\/?p=162013","title":{"rendered":"La presidenta de Participaci\u00f3n Ciudadana  dice presidente Danilo Medina incumple pacto  habr\u00eda hecho con esa entidad"},"content":{"rendered":"<p><body><\/p>\n<p><img decoding=\"async\" src=\"img3\/rosalia.jpg\" \/>  <\/p>\n<p><span class=\"text1noticias\">Santo Domingo, RD, 28 de Septiembre.-La directora ejecutiva de Participaci\u00f3n Ciudadana, Rosal\u00eda Sosa  sostuvo  que el presidente Danilo Medina no ha cumplido los 21 puntos que contiene el protocolo por la transparencia y la institucionalidad de esa entidad  y que asegura Medina  firm\u00f3 en mayo de 2012 cuando era candidato. Dijo  que dos monitoreos realizados por  esa organizaci\u00f3n confirman el \u00abincumplimiento\u00bb.<\/span><\/p>\n<\/p>\n<p><span class=\"text1noticias\">A su juicio. el Gobierno no ha dado muestra clara de querer perseguir la corrupci\u00f3n administrativa, aun cuando hay un esfuerzo manifiesto de transparentar algunos aspectos dentro del accionar del presidente Danilo Medina, como la Ley 340-06 y la cuenta \u00danica del Tesoro.<\/span><\/p>\n<\/p>\n<p><span class=\"text1noticias\">Entrevistada en el programa Foro Semanal que conduce la periodista Mari Carmen Rojas por el canal 45, Tele radio Am\u00e9rica, Rosal\u00eda Sosa consider\u00f3 que debe producirse un  cambio de cultura para que los funcionarios cumplan con la Ley 340-06 sobre compras y contrataciones p\u00fablicas, y no ocurra como se est\u00e1 dando en la actualidad con la Junta Central Electoral y la Direcci\u00f3n Nacional de Compras y Contrataciones debido a que el tribunal comicial se niega a dejarse reglamentar por dicha direcci\u00f3n, al punto que fue depositado una acci\u00f3n de inconstitucionalidad en el Tribunal Constitucional para establecer si es constitucional o no la subordinaci\u00f3n de la Junta Central.<\/span><\/p>\n<\/p>\n<p><span class=\"text1noticias\">Consider\u00f3  que no hay inter\u00e9s de tener un \u00f3rgano investigador fuerte e independiente como ser\u00eda una polic\u00eda t\u00e9cnico-judicial como manda el C\u00f3digo Procesal Penal, lo que a juicio de la representante de la sociedad civil favorece la impunidad que impera en el pa\u00eds.<\/span><\/p>\n<\/p>\n<p><span class=\"text1noticias\">Respecto a la lucha del Estado contra el lavado de activos, Sosa afirm\u00f3 que es necesario aprobar nuevas leyes que tipifique esa actividad il\u00edcita, pero que es m\u00e1s importante aplicar las normativas que ya existe \u00aben estos momentos hay mucho que modificar, hay mucho que hacer porque necesitamos normas, necesitamos una ley que tipifique la conducta y que le imponga una sanci\u00f3n\u00bb.<\/span><\/p>\n<\/p>\n<p><span class=\"text1noticias\">M\u00e1s que nuevas leyes lo que se requiere es de verdadera voluntad e institucionalidad para aplicar las existentes y sancionar a aquellos que violen la ley y con ese poder disuasivo de la aplicaci\u00f3n de la pena la conducta de los hombres y mujeres de esta naci\u00f3n va a cambiar, as\u00ed lo entiende Rosal\u00eda Sosa.(HG)<\/span>.   <\/p>\n<\/p>\n<\/p>\n<h6> 2014-09-28 16:34:22 <\/h6>\n<p><!--\n<link rel=\"stylesheet\" href=\"css\/bootstrap.min.css\">\n\n\n<ul class=\"pagination\">\n\t    \n\t\n\n<li >\n\t<a href='?page_no=14460'>Previous<\/a>\n\t<\/li>\n\n\n       \n    \n\n<li><a href='?page_no=1'>1<\/a><\/li>\n\n\n\n<li><a href='?page_no=2'>2<\/a><\/li>\n\n\n\n<li><a>...<\/a><\/li>\n\n\n\n<li><a href='?page_no=14459'>14459<\/a><\/li>\n\n\n\n<li><a href='?page_no=14460'>14460<\/a><\/li>\n\n\n\n<li class='active'><a>14461<\/a><\/li>\n\n\n\n<li><a href='?page_no=14462'>14462<\/a><\/li>\n\n\n\n<li><a href='?page_no=14463'>14463<\/a><\/li>\n\n\n\n<li><a>...<\/a><\/li>\n\n\n\n<li><a href='?page_no=36999'>36999<\/a><\/li>\n\n\n\n<li><a href='?page_no=37000'>37000<\/a><\/li>\n\n    \n\t\n\n<li >\n\t<a href='?page_no=14462'>Next<\/a>\n\t<\/li>\n\n\n    \n\n<li><a href='?page_no=37000'>Last &rsaquo;&rsaquo;<\/a><\/li>\n\n<\/ul>\n\n\n--><br \/>\n<\/body><\/p>\n","protected":false},"excerpt":{"rendered":"<p>Santo Domingo, RD, 28 de Septiembre.-La directora ejecutiva de Participaci\u00f3n Ciudadana, Rosal\u00eda Sosa sostuvo que el presidente Danilo Medina no ha cumplido los 21 puntos que contiene el protocolo por la transparencia y la institucionalidad de esa entidad y que asegura Medina firm\u00f3 en mayo de 2012 cuando era candidato. Dijo que dos monitoreos realizados [&hellip;]<\/p>\n","protected":false},"author":3,"featured_media":0,"comment_status":"open","ping_status":"open","sticky":false,"template":"","format":"standard","meta":{"footnotes":""},"categories":[22],"tags":[],"class_list":["post-162013","post","type-post","status-publish","format-standard","hentry","category-politica"],"_links":{"self":[{"href":"https:\/\/diariodominicano.com\/index.php?rest_route=\/wp\/v2\/posts\/162013","targetHints":{"allow":["GET"]}}],"collection":[{"href":"https:\/\/diariodominicano.com\/index.php?rest_route=\/wp\/v2\/posts"}],"about":[{"href":"https:\/\/diariodominicano.com\/index.php?rest_route=\/wp\/v2\/types\/post"}],"author":[{"embeddable":true,"href":"https:\/\/diariodominicano.com\/index.php?rest_route=\/wp\/v2\/users\/3"}],"replies":[{"embeddable":true,"href":"https:\/\/diariodominicano.com\/index.php?rest_route=%2Fwp%2Fv2%2Fcomments&post=162013"}],"version-history":[{"count":0,"href":"https:\/\/diariodominicano.com\/index.php?rest_route=\/wp\/v2\/posts\/162013\/revisions"}],"wp:attachment":[{"href":"https:\/\/diariodominicano.com\/index.php?rest_route=%2Fwp%2Fv2%2Fmedia&parent=162013"}],"wp:term":[{"taxonomy":"category","embeddable":true,"href":"https:\/\/diariodominicano.com\/index.php?rest_route=%2Fwp%2Fv2%2Fcategories&post=162013"},{"taxonomy":"post_tag","embeddable":true,"href":"https:\/\/diariodominicano.com\/index.php?rest_route=%2Fwp%2Fv2%2Ftags&post=162013"}],"curies":[{"name":"wp","href":"https:\/\/api.w.org\/{rel}","templated":true}]}}