{"id":162012,"date":"2014-09-28T17:46:22","date_gmt":"2014-09-28T17:46:22","guid":{"rendered":"http:\/\/diariodominicano.ddns.net\/?p=162012"},"modified":"2014-09-28T17:46:22","modified_gmt":"2014-09-28T17:46:22","slug":"falpo-recuerda-a-su-dirigente-jesus-diplan-asesinado-en-1990","status":"publish","type":"post","link":"https:\/\/diariodominicano.com\/?p=162012","title":{"rendered":"FALPO recuerda a su dirigente Jes\u00fas Dipl\u00e1n asesinado  en 1990"},"content":{"rendered":"<p><body><\/p>\n<p><img decoding=\"async\" src=\"img3\/chu00000.jpg\" \/><br \/><img decoding=\"async\" src=\"img3\/chu0002.jpg\" \/><br \/><img decoding=\"async\" src=\"img3\/chu0002.jpg\" \/>  <\/p>\n<p><span class=\"text1noticias\">SANTO DOMIGO, RD, 28 de Septiembre de 2014.- El Frente Amplio de Lucha Popular (FALPO) realiz\u00f3 una charla-conversatorio a cargo de su Secretario General Nacional, V\u00edctor Romano Vargas, para recordar a su dirigente  Jes\u00fas Dipl\u00e1n Mart\u00ednez, quien fue ultimado  por un contingente de Polic\u00edas y Militares en la comunidad de Monte Adentro, Salcedo, el 28 de septiembre de 1990.<\/span><\/p>\n<\/p>\n<p><span class=\"text1noticias\">Con ocasi\u00f3n de la efem\u00e9ride el FALPO envi\u00f3 a <strong>Diariodominicano.com<\/strong> la siguiente nota informativa:<\/span><\/p>\n<\/p>\n<p><span class=\"text1noticias\">\u00abV\u00edctor Romano dijo que Jes\u00fas Rafael Dipl\u00e1n Mart\u00ednez naci\u00f3 el 13 de agosto de 1965 y que, adem\u00e1s de fundador del Frente Amplio  de Lucha Popular (FALPO), fue dirigente regional del Movimiento Popular Dominicano (MPD) y orientador del Frente Estudiantil de Libera i\u00f3n Am\u00edn Abel (FELABEL), hecho ocurrido el 28 de septiembre de 1990, en la comunidad de Monte Adentro, municipio de Salcedo, en el que actuaron tropas combinadas del Ej\u00e9rcito y la Polic\u00eda Nacional.<\/span><\/p>\n<\/p>\n<p><span class=\"text1noticias\">\u00abHablar de Jes\u00fas Dipl\u00e1n fortalece el esp\u00edritu revolucionario y nos inspira a reafirmar nuestro compromiso con la lucha del pueblo y a mantener en levantada su bandera y tratar de hacer realidad los sue\u00f1os que motivaron su lucha\u00bb, expres\u00f3 Romano Vargas.<\/span><\/p>\n<\/p>\n<p><span class=\"text1noticias\">Jes\u00fas Dipl\u00e1n sufri\u00f3 una tenaz persecuci\u00f3n durante meses, de parte de los distintos organismos de seguridad del Estado, por su activismo en distintas comunidades del Cibao Central, que lo oblig\u00f3 a trasladarse a distintos pueblos, como Esperanza y Salcedo, donde finalmente fue ubicado y salvajemente acribillado a balazos.<\/span><\/p>\n<\/p>\n<p><span class=\"text1noticias\">Dipl\u00e1n Mart\u00ednez, a quien cari\u00f1osamente le llamaban Ch\u00fa, tuvo cualidades extraordinarias como organizador y dirigente, las que supo poner a la altura del momento que le toc\u00f3 vivir y dar lo mejor de s\u00ed para lograr las reivindicaciones m\u00e1s sentidas.<\/span><\/p>\n<\/p>\n<p><span class=\"text1noticias\">El m\u00e1rtir emepede\u00edsta y gran dirigente del Falpo, se gan\u00f3 el aprecio no solo de los moradores de El Pico, municipio de Moca, su comunidad natal, y del aleda\u00f1o Licey al Medio, provincia de Santiago, sino de cada uno de los pueblos de la regi\u00f3n Norte donde vivi\u00f3 y desarroll\u00f3 trabajo pol\u00edtico y organizativo, por lo que alcanz\u00f3 la categor\u00eda de dirigente nacional del MPD.<\/span><\/p>\n<\/p>\n<p><span class=\"text1noticias\">Romano dijo que Jes\u00fas Dipl\u00e1n naci\u00f3 el d\u00eda 13 del mes de enero del a\u00f1o 1965, oriundo de la comunidad El Pico, perteneciente al municipio de Moca, hijo de una humilde y trabajadora familia campesina, y desde que ten\u00eda apenas 15 a\u00f1os se envolvi\u00f3 en creaci\u00f3n de organizaciones sociales y comunitarias en su comunidad.<\/span><\/p>\n<\/p>\n<p><span class=\"text1noticias\">Indic\u00f3 que Ch\u00fa inici\u00f3 formando organizaciones sociales como un grupo Scout de en El Pico, integrando clubes culturales, equipos de beisbol y distintos grupos folkl\u00f3ricos, como de poes\u00edas coreada y de teatro, en otras comunidades aleda\u00f1as, pertenecientes a Moca y Licey.<\/span><\/p>\n<\/p>\n<p><span class=\"text1noticias\">Resalt\u00f3 V\u00edctor Romano, que luego, Dipl\u00e1n Mart\u00ednez asumir\u00eda tambi\u00e9n la organizaci\u00f3n y movilizaci\u00f3n de los campesinos por la tierra, apoyo para la producci\u00f3n y reducci\u00f3n de los altos intereses, siendo fundador y coordinador del FALPO, desde donde logr\u00f3 dar un mayor impulso a la lucha popular, campesina y estudiantil.<\/span><\/p>\n<\/p>\n<p><span class=\"text1noticias\">\u00abGracias a los esfuerzos de Jes\u00fas Dipl\u00e1n, el Frente Estudiantil de Liberaci\u00f3n Am\u00edn Abel (FELABEL) se fortaleci\u00f3 y se extendi\u00f3 en la zona; organiz\u00f3 centenares de mujeres en la Uni\u00f3n Democr\u00e1tica de Mujeres y fue dirigente fundador del FALPO, organizaci\u00f3n a la que se entreg\u00f3 en cuerpo y alma y desde de la cual, moradores y productores del municipio de Licey al Medio, Tamboril y distintas comunidades de Moca, lograron importantes reivindicaciones que han contribuido a su desarrollo y fortalecimiento de esos municipios\u00bb, signific\u00f3 Romano. <\/span><\/p>\n<\/p>\n<p><span class=\"text1noticias\">Manifest\u00f3 que contra Jes\u00fas Dipl\u00e1n se desat\u00f3 una tenaz persecuci\u00f3n.  Apenas d\u00edas antes de ser asesinado cobardemente, el 31 de agosto de fue detenido por conducir un motor con supuesta placa vencida y golpeado despu\u00e9s que haber sido esposado, tras lo cual fue ?paseado? por el Destacamento de la PN en Licey al Medio, Salcedo, el Comando Regional Norte en Santiago y posteriormente llevado a Moca.<\/span><\/p>\n<\/p>\n<p><span class=\"text1noticias\">Recuerda que el General Ram\u00f3n Alcides Rodr\u00edguez Arias, entonces comandante regional de la Polic\u00eda en la Regi\u00f3n Norte, dijo que \u00e9l hab\u00eda ordenado su traslado a Santiago porque \u00abtenia la curiosidad de conocer al personaje que tanto hab\u00eda sonado en las luchas de las comunidades del Cibao\u00bb.<\/span><\/p>\n<\/p>\n<p><span class=\"text1noticias\">En los gobiernos de Balaguer, pasear por los diferentes cuarteles y centros carcelarios de la regi\u00f3n, costumbre de la polic\u00eda pol\u00edtica y criminal balaguerista, era una sentencia de muerte, ya que se trataba de que los agentes lo conocieran y pudieran ubicarlos en cualquier lugar donde se trasladaran, cuando se decidiera \u00abdarle su merecido\u00bb.<\/span><\/p>\n<\/p>\n<p><span class=\"text1noticias\">Indic\u00f3 el m\u00e1ximo dirigente del FALPO, que gracias a que la acci\u00f3n policial fue vista por alguien de la comunidad, moradores de El Pico y Borojoy fueron avisado y la presi\u00f3n popular oblig\u00f3 a que la Polic\u00eda lo tuviera que poner en libertad e impidiendo que cumplieran la orden de ejecuci\u00f3n dada por el Mayor General Jos\u00e9 Ram\u00f3n Mota Paulino, entonces Jefe de la Polic\u00eda, atendiendo a una decisi\u00f3n pol\u00edtica de Balaguer\u00bb, relat\u00f3 Romano Vargas.<\/span><\/p>\n<\/p>\n<p><span class=\"text1noticias\">Dijo que despu\u00e9s de lograr su libertad y a sabiendas que la Polic\u00eda le hab\u00eda dictado \u00absentencia de muerte\u00bb, Ch\u00fa, como medida de seguridad, se traslad\u00f3 al municipio de Navarrete, luego a Esperanza y posteriormente a Salcedo.<\/span><\/p>\n<\/p>\n<p><span class=\"text1noticias\">Afirm\u00f3 que encontr\u00e1ndose en Salcedo, el 28 de septiembre de 1990, en medio de una huelga nacional convocada por el Colectivo de organizaciones Populares y el FALPO y que afect\u00f3 al pa\u00eds durante dos d\u00edas, Dipl\u00e1n fue delatado por un chivato, apresado y acribillado por una tropas mixtas del Ej\u00e9rcito y la Polic\u00eda.<\/span><\/p>\n<\/p>\n<p><span class=\"text1noticias\">\u00abLa Polic\u00eda report\u00f3 que se trat\u00f3 de uno de sus famosos ?intercambios de disparos?, pero el tiro recibido en su cabeza dej\u00f3 claro que se trat\u00f3 de una ejecuci\u00f3n cobarde y, como lo confirmara el Dr. Sarita Valdez, quien le practic\u00f3 la necropsia, indic\u00f3 que antes de recibir el tiro de gracia, fue golpeado rudamente, seg\u00fan evidencias encontradas en diferentes partes de su cuerpo\u00bb, dijo Romano.<\/span><\/p>\n<\/p>\n<p><span class=\"text1noticias\">El Secretario Nacional del FALPO se\u00f1alo que el contingente polic\u00edaco-militar que \u00abfusil\u00f3\u00bb a Jes\u00fas Dipl\u00e1n, estuvo compuesto por el Mayor Santiago Rond\u00f3n Santana (PN), el Capit\u00e1n \u00c1ngel Mar\u00eda Reb\u00ed M\u00e9ndez (PN) (fenecido); los Cabo Confesor Antonio Monegro Rosario, Concepci\u00f3n N. Garc\u00eda C\u00e1ceres y Euclides Reyes Gim\u00e9nez (PN); el Raso Daniel Pichardo Duarte; el Raso Nicol\u00e1s Ren\u00e9 Restituyo (PN); los Raso Juli\u00e1n Antonio P\u00e9rez y P\u00e9rez y\u00c1ngel Mar\u00eda Goris de Jes\u00fas(PN); los Segundo Teniente Ej\u00e9rcito Nacional: Rub\u00e9n Dar\u00edo Gonz\u00e1lez Rodr\u00edguez y Jos\u00e9 A. Villar Pimentel; el Cabo Trinidad R. Ram\u00edrez Tav\u00e9ras (EN); y el Raso Rafael Feliz Alc\u00e1ntara (EN).<\/span><\/p>\n<\/p>\n<p><span class=\"text1noticias\">Se\u00f1al\u00f3 que la presi\u00f3n de las movilizaciones comunitarias encabezadas por el FALPO forz\u00f3 a que los militares actuantes fueran \u00abjuzgados\u00bb por un tribunal militar en la Fortaleza Militar El Polvor\u00edn, localizado en Villa Mella, pero \u00abse trat\u00f3 de una maniobra medi\u00e1tica\u00bb, ya que todos fueron absueltos.<\/span><\/p>\n<p><span class=\"text1noticias\">Llam\u00f3 a reproducir un Jes\u00fas Dipl\u00e1n en cada activista popular y revolucionario y continuar \u00absu ejemplo, actitud decidida y firmeza\u00bb.<\/span><\/p>\n<\/p>\n<p><span class=\"text1noticias\">\u00abSobre todo mantener su vocaci\u00f3n de lucha y entrega sin doblegarse y mucho menos dejarse permear por d\u00e1divas o comodidades\u00bb, concluy\u00f3 V\u00edctor Romano.<\/span><\/p>\n<\/p>\n<h6> 2014-09-28 17:46:22 <\/h6>\n<p><!--\n<link rel=\"stylesheet\" href=\"css\/bootstrap.min.css\">\n\n\n<ul class=\"pagination\">\n\t    \n\t\n\n<li >\n\t<a href='?page_no=14459'>Previous<\/a>\n\t<\/li>\n\n\n       \n    \n\n<li><a href='?page_no=1'>1<\/a><\/li>\n\n\n\n<li><a href='?page_no=2'>2<\/a><\/li>\n\n\n\n<li><a>...<\/a><\/li>\n\n\n\n<li><a href='?page_no=14458'>14458<\/a><\/li>\n\n\n\n<li><a href='?page_no=14459'>14459<\/a><\/li>\n\n\n\n<li class='active'><a>14460<\/a><\/li>\n\n\n\n<li><a href='?page_no=14461'>14461<\/a><\/li>\n\n\n\n<li><a href='?page_no=14462'>14462<\/a><\/li>\n\n\n\n<li><a>...<\/a><\/li>\n\n\n\n<li><a href='?page_no=36999'>36999<\/a><\/li>\n\n\n\n<li><a href='?page_no=37000'>37000<\/a><\/li>\n\n    \n\t\n\n<li >\n\t<a href='?page_no=14461'>Next<\/a>\n\t<\/li>\n\n\n    \n\n<li><a href='?page_no=37000'>Last &rsaquo;&rsaquo;<\/a><\/li>\n\n<\/ul>\n\n\n--><br \/>\n<\/body><\/p>\n","protected":false},"excerpt":{"rendered":"<p>SANTO DOMIGO, RD, 28 de Septiembre de 2014.- El Frente Amplio de Lucha Popular (FALPO) realiz\u00f3 una charla-conversatorio a cargo de su Secretario General Nacional, V\u00edctor Romano Vargas, para recordar a su dirigente Jes\u00fas Dipl\u00e1n Mart\u00ednez, quien fue ultimado por un contingente de Polic\u00edas y Militares en la comunidad de Monte Adentro, Salcedo, el 28 [&hellip;]<\/p>\n","protected":false},"author":3,"featured_media":0,"comment_status":"open","ping_status":"open","sticky":false,"template":"","format":"standard","meta":{"footnotes":""},"categories":[22],"tags":[],"class_list":["post-162012","post","type-post","status-publish","format-standard","hentry","category-politica"],"_links":{"self":[{"href":"https:\/\/diariodominicano.com\/index.php?rest_route=\/wp\/v2\/posts\/162012","targetHints":{"allow":["GET"]}}],"collection":[{"href":"https:\/\/diariodominicano.com\/index.php?rest_route=\/wp\/v2\/posts"}],"about":[{"href":"https:\/\/diariodominicano.com\/index.php?rest_route=\/wp\/v2\/types\/post"}],"author":[{"embeddable":true,"href":"https:\/\/diariodominicano.com\/index.php?rest_route=\/wp\/v2\/users\/3"}],"replies":[{"embeddable":true,"href":"https:\/\/diariodominicano.com\/index.php?rest_route=%2Fwp%2Fv2%2Fcomments&post=162012"}],"version-history":[{"count":0,"href":"https:\/\/diariodominicano.com\/index.php?rest_route=\/wp\/v2\/posts\/162012\/revisions"}],"wp:attachment":[{"href":"https:\/\/diariodominicano.com\/index.php?rest_route=%2Fwp%2Fv2%2Fmedia&parent=162012"}],"wp:term":[{"taxonomy":"category","embeddable":true,"href":"https:\/\/diariodominicano.com\/index.php?rest_route=%2Fwp%2Fv2%2Fcategories&post=162012"},{"taxonomy":"post_tag","embeddable":true,"href":"https:\/\/diariodominicano.com\/index.php?rest_route=%2Fwp%2Fv2%2Ftags&post=162012"}],"curies":[{"name":"wp","href":"https:\/\/api.w.org\/{rel}","templated":true}]}}