{"id":162009,"date":"2014-09-29T04:04:05","date_gmt":"2014-09-29T04:04:05","guid":{"rendered":"http:\/\/diariodominicano.ddns.net\/?p=162009"},"modified":"2014-09-29T04:04:05","modified_gmt":"2014-09-29T04:04:05","slug":"tirso-mejia-ricart-considera-prd-pierde-fuerza-emocional-y-asegura-miguel-vargas-solo-tiene-siglas","status":"publish","type":"post","link":"https:\/\/diariodominicano.com\/?p=162009","title":{"rendered":"Tirso Mej\u00eda Ricart considera PRD pierde fuerza emocional y asegura Miguel Vargas solo tiene siglas"},"content":{"rendered":"<p><body><\/p>\n<p><img decoding=\"async\" src=\"img3\/Tirso.jpeg\" \/>  <\/p>\n<p><span class=\"text1noticias\">Santo Domingo, R. D., 29 de septiembre.- El dirigente pol\u00edtico,  Tirso Mej\u00eda Ricart advirti\u00f3 que el Partido Revolucionario Dominicano, (PRD) ha ido perdiendo la fuerza emocional que ten\u00eda producto de la manipulaci\u00f3n por la toma de decisiones al margen de la voluntad popular.<\/span><\/p>\n<p><span class=\"text1noticias\"> <\/span><\/p>\n<p><span class=\"text1noticias\">Entrevistado por el periodista Federico M\u00e9ndez, en el programa Esferas de Poder, afirm\u00f3 que eso se va a manifestar claramente en las elecciones del 2016.<\/span><\/p>\n<p><span class=\"text1noticias\"> <\/span><\/p>\n<p><span class=\"text1noticias\">\u00abYo, particularmente, ya no soy vicepresidente del PRD, sino que soy parte del Partido Revolucionario Moderno y el mayoritario, quisieron quitarle la palabra mayoritario diciendo que eso ten\u00edan que reflejarse en las elecciones\u00bb, apunt\u00f3.<\/span><\/p>\n<p><span class=\"text1noticias\"> <\/span><\/p>\n<p><span class=\"text1noticias\">El jurista consider\u00f3 que las elecciones son las que definen la realidad, como ocurrir\u00e1 en las del 2016.<\/span><\/p>\n<p><span class=\"text1noticias\"> <\/span><\/p>\n<p><span class=\"text1noticias\">\u00abDe manera que yo creo que estamos en el camino de una gran redefinici\u00f3n pol\u00edtica que obligar\u00e1 al surgimiento de un nuevo liderazgo\u00bb, sentenci\u00f3.<\/span><\/p>\n<p><span class=\"text1noticias\"> <\/span><\/p>\n<p><span class=\"text1noticias\">Coment\u00f3 que el pa\u00eds luch\u00f3 y logr\u00f3 la marginaci\u00f3n del reformismo como semi-dictadura, encabezada por el fenecido ex presidente de la Rep\u00fablica, Joaqu\u00edn Balaguer.<\/span><\/p>\n<p><span class=\"text1noticias\"> <\/span><\/p>\n<p><span class=\"text1noticias\">Mej\u00eda Ricart afirm\u00f3 que ahora la sociedad dominicana ha cambiado totalmente, donde las dos terceras partes de los estudiantes de las universidades son mujeres.<\/span><\/p>\n<p><span class=\"text1noticias\"> <\/span><\/p>\n<p><span class=\"text1noticias\">Asimismo, dijo que todav\u00eda eso no se ha reflejado plenamente en el liderazgo nacional.<\/span><\/p>\n<p><span class=\"text1noticias\"> <\/span><\/p>\n<p><span class=\"text1noticias\">En el caso del PRD, sostiene que nadie ha tenido que ponerle una coma al designio pol\u00edtico de su presidente, ingeniero Miguel Vargas Maldonado, quien en su opini\u00f3n representa una minor\u00eda.<\/span><\/p>\n<p><span class=\"text1noticias\"> <\/span><\/p>\n<p><span class=\"text1noticias\">\u00abEsa es una minor\u00eda, una \u00e9lite, vamos a llamarle m\u00e1s elegante, que creen que pueden hacer lo que les da la gana para triunfar, pero desgraciadamente o afortunadamente la ciudadan\u00eda fue clara en ese sentido, y estamos hablando del 5%, y el 5% despu\u00e9s que venga una segunda vuelta, se reduce a un 2%\u00bb, argument\u00f3.<\/span><\/p>\n<p><span class=\"text1noticias\"> <\/span><\/p>\n<p><span class=\"text1noticias\">Mej\u00eda Ricart consider\u00f3 prematuro definir candidaturas en el PRM actualmente, sino que debe ser en el 2015.<\/span><\/p>\n<p><span class=\"text1noticias\">Entiende que eso lo puede hacer en el PRD el ingeniero Miguel Vargas Maldonado, \u00abporque esa es una empresa donde todos responden a \u00e9l\u00bb.<\/span><\/p>\n<p><span class=\"text1noticias\"> <\/span><\/p>\n<p><span class=\"text1noticias\">\u00abEllos pueden decidir lo que quieran al margen del sentido de lo que le pueda quedar de los militantes\u00bb, agreg\u00f3.<\/span><\/p>\n<p><span class=\"text1noticias\">El dirigente pol\u00edtico afirm\u00f3 que Vargas Maldonado solo cuenta con las siglas del PRD, no as\u00ed con los militantes, que est\u00e1n en el PRM.<\/span><\/p>\n<p><span class=\"text1noticias\"> <\/span><\/p>\n<p><span class=\"text1noticias\">\u00abNo van ir lejos, por eso ha sido el amaraco de que haya unas conversaciones para unir porque es una manera de decirle a los perrede\u00edstas leg\u00edtimos extraordinarios que quedan que ah\u00ed tienen posibilidades\u00bb, enfatiz\u00f3.<\/span><\/p>\n<p><span class=\"text1noticias\"> <\/span><\/p>\n<p><span class=\"text1noticias\">Sostuvo que el PRD est\u00e1 al margen de toda ideolog\u00eda, tolerancia y convivencia pol\u00edtica, en el caso del sector que representa Vargas<\/span> Maldonado.  <\/p>\n<h6> 2014-09-29 04:04:05 <\/h6>\n<p><!--\n<link rel=\"stylesheet\" href=\"css\/bootstrap.min.css\">\n\n\n<ul class=\"pagination\">\n\t    \n\t\n\n<li >\n\t<a href='?page_no=14457'>Previous<\/a>\n\t<\/li>\n\n\n       \n    \n\n<li><a href='?page_no=1'>1<\/a><\/li>\n\n\n\n<li><a href='?page_no=2'>2<\/a><\/li>\n\n\n\n<li><a>...<\/a><\/li>\n\n\n\n<li><a href='?page_no=14456'>14456<\/a><\/li>\n\n\n\n<li><a href='?page_no=14457'>14457<\/a><\/li>\n\n\n\n<li class='active'><a>14458<\/a><\/li>\n\n\n\n<li><a href='?page_no=14459'>14459<\/a><\/li>\n\n\n\n<li><a href='?page_no=14460'>14460<\/a><\/li>\n\n\n\n<li><a>...<\/a><\/li>\n\n\n\n<li><a href='?page_no=36999'>36999<\/a><\/li>\n\n\n\n<li><a href='?page_no=37000'>37000<\/a><\/li>\n\n    \n\t\n\n<li >\n\t<a href='?page_no=14459'>Next<\/a>\n\t<\/li>\n\n\n    \n\n<li><a href='?page_no=37000'>Last &rsaquo;&rsaquo;<\/a><\/li>\n\n<\/ul>\n\n\n--><br \/>\n<\/body><\/p>\n","protected":false},"excerpt":{"rendered":"<p>Santo Domingo, R. D., 29 de septiembre.- El dirigente pol\u00edtico, Tirso Mej\u00eda Ricart advirti\u00f3 que el Partido Revolucionario Dominicano, (PRD) ha ido perdiendo la fuerza emocional que ten\u00eda producto de la manipulaci\u00f3n por la toma de decisiones al margen de la voluntad popular. Entrevistado por el periodista Federico M\u00e9ndez, en el programa Esferas de Poder, [&hellip;]<\/p>\n","protected":false},"author":3,"featured_media":0,"comment_status":"open","ping_status":"open","sticky":false,"template":"","format":"standard","meta":{"footnotes":""},"categories":[22],"tags":[],"class_list":["post-162009","post","type-post","status-publish","format-standard","hentry","category-politica"],"_links":{"self":[{"href":"https:\/\/diariodominicano.com\/index.php?rest_route=\/wp\/v2\/posts\/162009","targetHints":{"allow":["GET"]}}],"collection":[{"href":"https:\/\/diariodominicano.com\/index.php?rest_route=\/wp\/v2\/posts"}],"about":[{"href":"https:\/\/diariodominicano.com\/index.php?rest_route=\/wp\/v2\/types\/post"}],"author":[{"embeddable":true,"href":"https:\/\/diariodominicano.com\/index.php?rest_route=\/wp\/v2\/users\/3"}],"replies":[{"embeddable":true,"href":"https:\/\/diariodominicano.com\/index.php?rest_route=%2Fwp%2Fv2%2Fcomments&post=162009"}],"version-history":[{"count":0,"href":"https:\/\/diariodominicano.com\/index.php?rest_route=\/wp\/v2\/posts\/162009\/revisions"}],"wp:attachment":[{"href":"https:\/\/diariodominicano.com\/index.php?rest_route=%2Fwp%2Fv2%2Fmedia&parent=162009"}],"wp:term":[{"taxonomy":"category","embeddable":true,"href":"https:\/\/diariodominicano.com\/index.php?rest_route=%2Fwp%2Fv2%2Fcategories&post=162009"},{"taxonomy":"post_tag","embeddable":true,"href":"https:\/\/diariodominicano.com\/index.php?rest_route=%2Fwp%2Fv2%2Ftags&post=162009"}],"curies":[{"name":"wp","href":"https:\/\/api.w.org\/{rel}","templated":true}]}}