{"id":162006,"date":"2014-09-29T19:12:33","date_gmt":"2014-09-29T19:12:33","guid":{"rendered":"http:\/\/diariodominicano.ddns.net\/?p=162006"},"modified":"2014-09-29T19:12:33","modified_gmt":"2014-09-29T19:12:33","slug":"fonogs-felicita-participacion-de-medina-en-asamblea-de-la-onu","status":"publish","type":"post","link":"https:\/\/diariodominicano.com\/?p=162006","title":{"rendered":"FONOGs felicita participaci\u00f3n de Medina en Asamblea de la ONU"},"content":{"rendered":"<p><body><\/p>\n<p><img decoding=\"async\" src=\"img3\/fono 29.jpg\" \/>  <\/p>\n<p>FONOGs felicita participaci\u00f3n de Medina en Asamblea de la ONU<\/p>\n<\/p>\n<p>La Federaci\u00f3n Nacional de Organizaciones No Gubernamentales (FONOGs) felicit\u00f3 al presidente Danilo Medina por su participaci\u00f3n en la Asamblea de las Naciones Unidas, donde nuevamente puso de antemano su empe\u00f1o en el desarrollo y mejoramiento del pa\u00eds.<\/p>\n<\/p>\n<p>Ram\u00f3n Suero (Alegr\u00eda), presidente de la entidad, dijo que el discurso del primer mandatario dominicano no tuvo desperdicios y se centr\u00f3 en las necesidades prioritarias de la naci\u00f3n.<\/p>\n<\/p>\n<p>Manifest\u00f3 que no es un secreto que el Plan de Regularizaci\u00f3n que lleva a cabo su gobierno necesita de un brazo amigo, porque se trata de una carga bastante pesada.<\/p>\n<\/p>\n<p>\u00abEl Plan de Regularizaci\u00f3n del Gobierno dominicano conlleva un desembolso de varios millones, lo que significa una gran carga para el Estado por las complicaciones que envuelve el mismo\u00bb, dijo el presidente de la FONOG.<\/p>\n<\/p>\n<p>Indic\u00f3 que es muy bueno atacar al pa\u00eds desde distintos \u00e1ngulos internacionales con el asunto haitiano, pero nadie pone un granito de dinero para las soluciones de ese gran problema, por lo que fue muy atinado el llamado a la ayuda y la cooperaci\u00f3n de esos pa\u00edses que nos detractan a nivel internacional.<\/p>\n<\/p>\n<p>El tambi\u00e9n dirigente comunitario destac\u00f3 la importancia que ha tenido a nivel internacional la ya famosa visita sorpresa dominicales que realiza el presidente Danilo Medina cada semana, de las cuales se habla en muchas naciones.<\/p>\n<\/p>\n<p>\u00abEl impacto de esa actividad ha sido tan grande que es elogiada por varios pa\u00edses y sus gobernantes y ya ven, que hasta la FAO le extendi\u00f3 una invitaci\u00f3n para disertar en Italia al respeto.<\/p>\n<\/p>\n<p>Dijo que sin propon\u00e9rselo este se ha convertido en uno de los grandes logros del presidente Danilo Medina, a quien reitera las felicitaciones por su espont\u00e1nea y equilibrada participaci\u00f3n en ese importante aforo.<\/p>\n<\/p>\n<p>Autor: RAMON RAMOS<\/p>\n<h6> 2014-09-29 19:12:33 <\/h6>\n<p><!--\n<link rel=\"stylesheet\" href=\"css\/bootstrap.min.css\">\n\n\n<ul class=\"pagination\">\n\t    \n\t\n\n<li >\n\t<a href='?page_no=14454'>Previous<\/a>\n\t<\/li>\n\n\n       \n    \n\n<li><a href='?page_no=1'>1<\/a><\/li>\n\n\n\n<li><a href='?page_no=2'>2<\/a><\/li>\n\n\n\n<li><a>...<\/a><\/li>\n\n\n\n<li><a href='?page_no=14453'>14453<\/a><\/li>\n\n\n\n<li><a href='?page_no=14454'>14454<\/a><\/li>\n\n\n\n<li class='active'><a>14455<\/a><\/li>\n\n\n\n<li><a href='?page_no=14456'>14456<\/a><\/li>\n\n\n\n<li><a href='?page_no=14457'>14457<\/a><\/li>\n\n\n\n<li><a>...<\/a><\/li>\n\n\n\n<li><a href='?page_no=36999'>36999<\/a><\/li>\n\n\n\n<li><a href='?page_no=37000'>37000<\/a><\/li>\n\n    \n\t\n\n<li >\n\t<a href='?page_no=14456'>Next<\/a>\n\t<\/li>\n\n\n    \n\n<li><a href='?page_no=37000'>Last &rsaquo;&rsaquo;<\/a><\/li>\n\n<\/ul>\n\n\n--><br \/>\n<\/body><\/p>\n","protected":false},"excerpt":{"rendered":"<p>FONOGs felicita participaci\u00f3n de Medina en Asamblea de la ONU La Federaci\u00f3n Nacional de Organizaciones No Gubernamentales (FONOGs) felicit\u00f3 al presidente Danilo Medina por su participaci\u00f3n en la Asamblea de las Naciones Unidas, donde nuevamente puso de antemano su empe\u00f1o en el desarrollo y mejoramiento del pa\u00eds. Ram\u00f3n Suero (Alegr\u00eda), presidente de la entidad, dijo [&hellip;]<\/p>\n","protected":false},"author":3,"featured_media":0,"comment_status":"open","ping_status":"open","sticky":false,"template":"","format":"standard","meta":{"footnotes":""},"categories":[22],"tags":[],"class_list":["post-162006","post","type-post","status-publish","format-standard","hentry","category-politica"],"_links":{"self":[{"href":"https:\/\/diariodominicano.com\/index.php?rest_route=\/wp\/v2\/posts\/162006","targetHints":{"allow":["GET"]}}],"collection":[{"href":"https:\/\/diariodominicano.com\/index.php?rest_route=\/wp\/v2\/posts"}],"about":[{"href":"https:\/\/diariodominicano.com\/index.php?rest_route=\/wp\/v2\/types\/post"}],"author":[{"embeddable":true,"href":"https:\/\/diariodominicano.com\/index.php?rest_route=\/wp\/v2\/users\/3"}],"replies":[{"embeddable":true,"href":"https:\/\/diariodominicano.com\/index.php?rest_route=%2Fwp%2Fv2%2Fcomments&post=162006"}],"version-history":[{"count":0,"href":"https:\/\/diariodominicano.com\/index.php?rest_route=\/wp\/v2\/posts\/162006\/revisions"}],"wp:attachment":[{"href":"https:\/\/diariodominicano.com\/index.php?rest_route=%2Fwp%2Fv2%2Fmedia&parent=162006"}],"wp:term":[{"taxonomy":"category","embeddable":true,"href":"https:\/\/diariodominicano.com\/index.php?rest_route=%2Fwp%2Fv2%2Fcategories&post=162006"},{"taxonomy":"post_tag","embeddable":true,"href":"https:\/\/diariodominicano.com\/index.php?rest_route=%2Fwp%2Fv2%2Ftags&post=162006"}],"curies":[{"name":"wp","href":"https:\/\/api.w.org\/{rel}","templated":true}]}}