{"id":162005,"date":"2014-09-29T19:16:22","date_gmt":"2014-09-29T19:16:22","guid":{"rendered":"http:\/\/diariodominicano.ddns.net\/?p=162005"},"modified":"2014-09-29T19:16:22","modified_gmt":"2014-09-29T19:16:22","slug":"miguel-vargas-afirma-en-nueva-york-bloque-de-la-esperanza-polarizara-con-el-pld-en-2016","status":"publish","type":"post","link":"https:\/\/diariodominicano.com\/?p=162005","title":{"rendered":"Miguel Vargas afirma en Nueva York Bloque de la Esperanza polarizar\u00e1 con el PLD en 2016"},"content":{"rendered":"<p><body><\/p>\n<p><img decoding=\"async\" src=\"img3\/maldo 29.jpg\" \/>  <\/p>\n<p>Nueva York 29 septiembre.- El presidente y candidato presidencial del Partido Revolucionario Dominicano (PRD), Miguel Vargas, declar\u00f3 ayer en Nueva York que el partido blanco y el Bloque de la Esperanza ser\u00e1n la fuerza electoral alternativa al gobernante Partido de la Liberaci\u00f3n Dominicana.<\/p>\n<\/p>\n<p>\u00abPor nuestra vocaci\u00f3n de poder y compromiso de transformaci\u00f3n social, el PRD y el Bloque de la Esperanza seremos la fuerza alternativa al pelede\u00edsmo en las elecciones de 2016, en la que el pueblo escoger\u00e1 entre la continuidad de un PLD que en 4 administraciones casi consecutivas no ha resuelto ninguno de los problemas estructurales del pa\u00eds, y el nuevo Proyecto de Naci\u00f3n que nuestras fuerzas constructivas presentar\u00e1n para cambiar el rumbo del pa\u00eds\u00bb, precis\u00f3 Vargas al   suscribir un acuerdo con el Partido de Salvaci\u00f3n Nacional (PSN) orientado al triunfo en las pr\u00f3ximas elecciones y a la realizaci\u00f3n de un gobierno de redenci\u00f3n social.<\/p>\n<\/p>\n<p>El candidato y presidente del PRD subray\u00f3 que los problemas no resueltos por los gobiernos del PLD incluyen la inseguridad ciudadana, el alto costo de la vida, el exiguo poder adquisitivo del pueblo, el desempleo, e inadecuados servicios de educaci\u00f3n, salud y seguridad social, d\u00e9ficit de viviendas, entre otros. <\/p>\n<\/p>\n<p>Reconoci\u00f3 que el presidente Danilo Medina ha introducido un estilo de gobierno diferente, pero sin resolver los principales problemas que ha padecido la poblaci\u00f3n durante largas d\u00e9cadas.    <\/p>\n<\/p>\n<p>Vargas y el presidente del PSN, Nelson Julio Rodr\u00edguez, firmaron el acuerdo, definido como \u00abPacto Hist\u00f3rico\u00bb, que procura hacer en Rep\u00fablica Dominicana los cambios y las transformaciones estructurales que generen el bienestar general del pueblo dominicano, que los cuatro gobiernos casi consecutivos del Partido de la Liberaci\u00f3n Dominicana \u00abno han  sabido o no  han querido hacer. <\/p>\n<\/p>\n<p>El candidato presidencial perrede\u00edsta dio garant\u00edas de que cada uno de los puntos suscritos sera cumplido al pie de la letra, ya que como dirigente y como persona s\u00f3lo se compromete con lo que puede cumplir <\/p>\n<\/p>\n<p>Rodr\u00edguez dijo en el acto que \u00abeste convenio nos compromete a impulsar el verdadero desarrollo pol\u00edtico, social y econ\u00f3mico del pueblo dominicano, como  so\u00f1\u00f3 Jos\u00e9 Francisco Pe\u00f1a G\u00f3mez\u00bb.  <\/p>\n<\/p>\n<p>Agreg\u00f3 que \u00abMiguel Vargas, como buen constructor, deber\u00e1 erigir el puente de la concertaci\u00f3n entre el rico y el pobre\u00bb, expres\u00f3.  <\/p>\n<\/p>\n<p>Calific\u00f3 el acuerdo como un acontecimiento hist\u00f3rico, \u00abya que es la primera vez que dos organizaciones pol\u00edticas de Rep\u00fablica Dominicana firman un acuerdo en esta ciudad\u00bb. <\/p>\n<\/p>\n<p>En el acto tambi\u00e9n intervino el comunicador Pedro Agust\u00edn Aguiar, presidente federal del PSN. La actividad se realiz\u00f3 en el restaurant Joe&#8217;s, de El Bronx y fue conducido por German Batista. <\/p>\n<\/p>\n<p>Asistieron dirigentes del PRD como Peggy Cabral,  los diputados Rub\u00e9n Luna, de ultramar, Rafael (Fiquito) V\u00e1zquez y V\u00edctor G\u00f3mez Casanova, quien ley\u00f3 el acuerdo suscrito por Vargas y Rodr\u00edguez, la dirigente Altagracia Tavares y los regidores Alejandro Bar\u00f3n y C\u00e9sar Guzm\u00e1n, as\u00ed como el vicepresidente Andr\u00e9s Henr\u00edquez. <\/p>\n<\/p>\n<p>Por el PSN, participaron An\u00edbal Lantigua, C\u00e9sar Hern\u00e1ndez, Ram\u00f3n Valerio, Bernardo Vargas, Jos\u00e9 Basora, Alberto Taveras y Patricio Morales.<\/p>\n<\/p>\n<h6> 2014-09-29 19:16:22 <\/h6>\n<p><!--\n<link rel=\"stylesheet\" href=\"css\/bootstrap.min.css\">\n\n\n<ul class=\"pagination\">\n\t    \n\t\n\n<li >\n\t<a href='?page_no=14453'>Previous<\/a>\n\t<\/li>\n\n\n       \n    \n\n<li><a href='?page_no=1'>1<\/a><\/li>\n\n\n\n<li><a href='?page_no=2'>2<\/a><\/li>\n\n\n\n<li><a>...<\/a><\/li>\n\n\n\n<li><a href='?page_no=14452'>14452<\/a><\/li>\n\n\n\n<li><a href='?page_no=14453'>14453<\/a><\/li>\n\n\n\n<li class='active'><a>14454<\/a><\/li>\n\n\n\n<li><a href='?page_no=14455'>14455<\/a><\/li>\n\n\n\n<li><a href='?page_no=14456'>14456<\/a><\/li>\n\n\n\n<li><a>...<\/a><\/li>\n\n\n\n<li><a href='?page_no=36999'>36999<\/a><\/li>\n\n\n\n<li><a href='?page_no=37000'>37000<\/a><\/li>\n\n    \n\t\n\n<li >\n\t<a href='?page_no=14455'>Next<\/a>\n\t<\/li>\n\n\n    \n\n<li><a href='?page_no=37000'>Last &rsaquo;&rsaquo;<\/a><\/li>\n\n<\/ul>\n\n\n--><br \/>\n<\/body><\/p>\n","protected":false},"excerpt":{"rendered":"<p>Nueva York 29 septiembre.- El presidente y candidato presidencial del Partido Revolucionario Dominicano (PRD), Miguel Vargas, declar\u00f3 ayer en Nueva York que el partido blanco y el Bloque de la Esperanza ser\u00e1n la fuerza electoral alternativa al gobernante Partido de la Liberaci\u00f3n Dominicana. \u00abPor nuestra vocaci\u00f3n de poder y compromiso de transformaci\u00f3n social, el PRD [&hellip;]<\/p>\n","protected":false},"author":3,"featured_media":0,"comment_status":"open","ping_status":"open","sticky":false,"template":"","format":"standard","meta":{"footnotes":""},"categories":[22],"tags":[],"class_list":["post-162005","post","type-post","status-publish","format-standard","hentry","category-politica"],"_links":{"self":[{"href":"https:\/\/diariodominicano.com\/index.php?rest_route=\/wp\/v2\/posts\/162005","targetHints":{"allow":["GET"]}}],"collection":[{"href":"https:\/\/diariodominicano.com\/index.php?rest_route=\/wp\/v2\/posts"}],"about":[{"href":"https:\/\/diariodominicano.com\/index.php?rest_route=\/wp\/v2\/types\/post"}],"author":[{"embeddable":true,"href":"https:\/\/diariodominicano.com\/index.php?rest_route=\/wp\/v2\/users\/3"}],"replies":[{"embeddable":true,"href":"https:\/\/diariodominicano.com\/index.php?rest_route=%2Fwp%2Fv2%2Fcomments&post=162005"}],"version-history":[{"count":0,"href":"https:\/\/diariodominicano.com\/index.php?rest_route=\/wp\/v2\/posts\/162005\/revisions"}],"wp:attachment":[{"href":"https:\/\/diariodominicano.com\/index.php?rest_route=%2Fwp%2Fv2%2Fmedia&parent=162005"}],"wp:term":[{"taxonomy":"category","embeddable":true,"href":"https:\/\/diariodominicano.com\/index.php?rest_route=%2Fwp%2Fv2%2Fcategories&post=162005"},{"taxonomy":"post_tag","embeddable":true,"href":"https:\/\/diariodominicano.com\/index.php?rest_route=%2Fwp%2Fv2%2Ftags&post=162005"}],"curies":[{"name":"wp","href":"https:\/\/api.w.org\/{rel}","templated":true}]}}