{"id":162004,"date":"2014-09-29T19:23:05","date_gmt":"2014-09-29T19:23:05","guid":{"rendered":"http:\/\/diariodominicano.ddns.net\/?p=162004"},"modified":"2014-09-29T19:23:05","modified_gmt":"2014-09-29T19:23:05","slug":"montas-danilo-comprometio-su-palabra-contra-la-reeleccion","status":"publish","type":"post","link":"https:\/\/diariodominicano.com\/?p=162004","title":{"rendered":"&#13;Mont\u00e1s: Danilo comprometi\u00f3 su palabra contra la reelecci\u00f3n"},"content":{"rendered":"<p><body><\/p>\n<p><img decoding=\"async\" src=\"img3\/montas.jpg\" \/>  <\/p>\n<\/p>\n<\/p>\n<p><span class=\"text1noticias\">Padre las Casas, Azua, 29 de septiembre.- El presidente Danilo Medina comprometi\u00f3 su palabra de hombre digno contra la reelecci\u00f3n, por lo que en las elecciones presidenciales de 2016 no habr\u00e1 reelecci\u00f3n ni retroceso pol\u00edtico, sino la continuaci\u00f3n de la alternabilidad democr\u00e1tica con un nuevo candidato pelede\u00edsta que nunca antes haya aspirado a esa posici\u00f3n, afirm\u00f3 aqu\u00ed este domingo el ingeniero Tem\u00edstocles Mont\u00e1s.<\/span><\/p>\n<\/p>\n<p><span class=\"text1noticias\">\u00abDanilo ha comprometido su palabra contra la reelecci\u00f3n. \u00c9l se ha comprometido\u00bb, reiter\u00f3 Mont\u00e1s ante cientos de sus seguidores reunidos en esta ciudad, donde confi\u00f3 en que las bases del Partido de la Liberaci\u00f3n Dominicana (PLD) sabr\u00e1n oponerse al retroceso y abrirle el paso a la alternabilidad democr\u00e1tica para que contin\u00fae un estilo de gobierno sencillo, en contacto directo con pueblo y comprometido a erradicar la desigualdad y atacar firmemente la pobreza.<\/span><\/p>\n<\/p>\n<p><span class=\"text1noticias\">Tras dar seguridad de que el presidente Medina no es reeleccionista, el precandidato presidencial dijo que en este pa\u00eds todos deben tomar en cuenta que \u00abDanilo se opuso a la reelecci\u00f3n cuando ella estaba permitida constitucionalmente\u00bb, por lo tanto, \u00abSi Danilo se opuso a la reelecci\u00f3n cuando estaba permitida, ahora, que no est\u00e1 permitida, no es verdad que Danilo va a aceptar que lo lleven a la reelecci\u00f3n porque su argumento esencial fue que la reelecci\u00f3n era da\u00f1ina para el desarrollo institucional del pa\u00eds\u00bb, agreg\u00f3.<\/span><\/p>\n<\/p>\n<p><span class=\"text1noticias\">Mont\u00e1s manifest\u00f3 que ante la realidad de que \u00abDanilo no puede ir ni le interesa alterar el curso constitucional del pa\u00eds para buscar una reelecci\u00f3n, si este pa\u00eds no quiere retroceso sino una renovaci\u00f3n del liderazgo nacional, no hay duda de que me toca a m\u00ed ser el candidato presidencial del PLD en 2016\u00bb, apunt\u00f3 el dirigente del PLD.<\/span><\/p>\n<p><span class=\"text1noticias\"> <\/span><\/p>\n<p><span class=\"text1noticias\">Plante\u00f3 que los pelede\u00edstas que siguen a Medina tienen que tomar en cuenta que durante a\u00f1os han sido \u00e9l, Leonel y el actual gobernante quienes dise\u00f1aron las estrategias que han llevado al PLD al poder. \u00abPor tanto, si ya Leonel gobern\u00f3 tres per\u00edodos y Danilo est\u00e1 gobernando y no puede ni quiere reelegirse, por justicia y por derecho me corresponde a m\u00ed sucederlo en el poder en el a\u00f1o 2016\u00bb, indic\u00f3 Mont\u00e1s.<\/span><\/p>\n<\/p>\n<p><span class=\"text1noticias\">Mont\u00e1s encabez\u00f3 una veintena de encuentros con activistas, simpatizantes y dirigentes del PLD durante un recorrido de fin de semana que abarc\u00f3 alrededor de una docena de comunidades de las provincias Independencia y Azua, en el sur del pa\u00eds, inform\u00f3 su equipo de prensa.<\/span><\/p>\n<\/p>\n<p><span class=\"text1noticias\">Tras visitar el s\u00e1bado las comunidades de Crist\u00f3bal, la Descubierta y Duverg\u00e9, el aspirante presidencial pelede\u00edsta se intern\u00f3 el domingo en la provincia de Azua donde recorri\u00f3 las poblaciones de Guayabal, Padre Las Casas, Las Yayas, Villarpando, T\u00e1bara Arriba y La Bombita y finalmente en la ciudad de Azua.<\/span><\/p>\n<\/p>\n<p><span class=\"text1noticias\">En Padre Las Casas, recibi\u00f3 el respaldo del alcalde Fernando de los Santos, en una actividad en la que estuvieron el Presidente del Comit\u00e9 Municipal del PLD, Nelson Rosario y Jos\u00e9 S\u00e1nchez, coordinador de su proyecto presidencial en la zona; en tanto que en Las Yayas Mont\u00e1s fue recibido por Crist\u00f3bal M\u00e9ndez, Presidente del Comit\u00e9 Municipal de su partido. En cada uno de los encuentros fue evidente el entusiasmo y algarab\u00eda de cientos de seguidores, entre ellos regidores, alcaldes y dirigentes locales del PLD, que le apoyan.<\/span><\/p>\n<\/p>\n<p><span class=\"text1noticias\">El aspirante presidencial agreg\u00f3 que a la democracia le hace bien alternar el liderazgo nacional. \u00abEso es bueno. Si fue bueno para que Danilo gobernara, y es un gran presidente, ser\u00e1 bueno en el futuro para que gobierne un compa\u00f1ero que nunca hab\u00eda buscado la Presidencia, como soy yo, Tem\u00edstocles Mont\u00e1s\u00bb, agreg\u00f3.<\/span><\/p>\n<\/p>\n<p><span class=\"text1noticias\">Mont\u00e1s dijo que consciente de que el pa\u00eds no quiere volver al pasado y de que Medina no puede ni quiere buscar la reelecci\u00f3n pese a su creciente popularidad por el buen gobierno que a su juicio est\u00e1 haciendo, se ha preparado para gobernar y para hacerlo como el actual presidente: con un estilo sencillo, en contacto permanente con el pueblo y escuchando todas las voces del pa\u00eds para hacer un buen gobierno.<\/span><\/p>\n<\/p>\n<p><span class=\"text1noticias\">El s\u00e1bado, Mont\u00e1s visit\u00f3 los poblados de las provincias Independencia y Baoruco, donde recibi\u00f3 un amplio respaldo y habl\u00f3 en actos masivos en Duverg\u00e9, Crist\u00f3bal, La Descubierta, Postrer R\u00edo, entre otros.<\/span><\/p>\n<\/p>\n<p><span class=\"text1noticias\">En las actividades realizadas en La Descubierta fue notoria la presencia de los  se\u00f1ores Atilano Michel, Manuel Emilio Ferreras, el gobernador Vianey Medina y el ingeniero Domingo Jos\u00e9, entre otros.<\/span><\/p>\n<p><span class=\"text1noticias\"> <\/span><\/p>\n<h6> 2014-09-29 19:23:05 <\/h6>\n<p><!--\n<link rel=\"stylesheet\" href=\"css\/bootstrap.min.css\">\n\n\n<ul class=\"pagination\">\n\t    \n\t\n\n<li >\n\t<a href='?page_no=14452'>Previous<\/a>\n\t<\/li>\n\n\n       \n    \n\n<li><a href='?page_no=1'>1<\/a><\/li>\n\n\n\n<li><a href='?page_no=2'>2<\/a><\/li>\n\n\n\n<li><a>...<\/a><\/li>\n\n\n\n<li><a href='?page_no=14451'>14451<\/a><\/li>\n\n\n\n<li><a href='?page_no=14452'>14452<\/a><\/li>\n\n\n\n<li class='active'><a>14453<\/a><\/li>\n\n\n\n<li><a href='?page_no=14454'>14454<\/a><\/li>\n\n\n\n<li><a href='?page_no=14455'>14455<\/a><\/li>\n\n\n\n<li><a>...<\/a><\/li>\n\n\n\n<li><a href='?page_no=36999'>36999<\/a><\/li>\n\n\n\n<li><a href='?page_no=37000'>37000<\/a><\/li>\n\n    \n\t\n\n<li >\n\t<a href='?page_no=14454'>Next<\/a>\n\t<\/li>\n\n\n    \n\n<li><a href='?page_no=37000'>Last &rsaquo;&rsaquo;<\/a><\/li>\n\n<\/ul>\n\n\n--><br \/>\n<\/body><\/p>\n","protected":false},"excerpt":{"rendered":"<p>Padre las Casas, Azua, 29 de septiembre.- El presidente Danilo Medina comprometi\u00f3 su palabra de hombre digno contra la reelecci\u00f3n, por lo que en las elecciones presidenciales de 2016 no habr\u00e1 reelecci\u00f3n ni retroceso pol\u00edtico, sino la continuaci\u00f3n de la alternabilidad democr\u00e1tica con un nuevo candidato pelede\u00edsta que nunca antes haya aspirado a esa posici\u00f3n, [&hellip;]<\/p>\n","protected":false},"author":3,"featured_media":0,"comment_status":"open","ping_status":"open","sticky":false,"template":"","format":"standard","meta":{"footnotes":""},"categories":[22],"tags":[],"class_list":["post-162004","post","type-post","status-publish","format-standard","hentry","category-politica"],"_links":{"self":[{"href":"https:\/\/diariodominicano.com\/index.php?rest_route=\/wp\/v2\/posts\/162004","targetHints":{"allow":["GET"]}}],"collection":[{"href":"https:\/\/diariodominicano.com\/index.php?rest_route=\/wp\/v2\/posts"}],"about":[{"href":"https:\/\/diariodominicano.com\/index.php?rest_route=\/wp\/v2\/types\/post"}],"author":[{"embeddable":true,"href":"https:\/\/diariodominicano.com\/index.php?rest_route=\/wp\/v2\/users\/3"}],"replies":[{"embeddable":true,"href":"https:\/\/diariodominicano.com\/index.php?rest_route=%2Fwp%2Fv2%2Fcomments&post=162004"}],"version-history":[{"count":0,"href":"https:\/\/diariodominicano.com\/index.php?rest_route=\/wp\/v2\/posts\/162004\/revisions"}],"wp:attachment":[{"href":"https:\/\/diariodominicano.com\/index.php?rest_route=%2Fwp%2Fv2%2Fmedia&parent=162004"}],"wp:term":[{"taxonomy":"category","embeddable":true,"href":"https:\/\/diariodominicano.com\/index.php?rest_route=%2Fwp%2Fv2%2Fcategories&post=162004"},{"taxonomy":"post_tag","embeddable":true,"href":"https:\/\/diariodominicano.com\/index.php?rest_route=%2Fwp%2Fv2%2Ftags&post=162004"}],"curies":[{"name":"wp","href":"https:\/\/api.w.org\/{rel}","templated":true}]}}