{"id":162001,"date":"2014-09-30T15:21:06","date_gmt":"2014-09-30T15:21:06","guid":{"rendered":"http:\/\/diariodominicano.ddns.net\/?p=162001"},"modified":"2014-09-30T15:21:06","modified_gmt":"2014-09-30T15:21:06","slug":"prm-exalta-apoyo-del-acnur-a-dominicanos-exiliados","status":"publish","type":"post","link":"https:\/\/diariodominicano.com\/?p=162001","title":{"rendered":"PRM exalta apoyo del ACNUR a dominicanos exiliados"},"content":{"rendered":"<p><body><\/p>\n<p>Santo Domingo RD 30 septiembre.- Por los dominicanos y dominicanas que se cuentan entre los m\u00e1s de 34 millones de personas exiliados que ha protegido el Alto Comisionado de las Naciones Unidas para los Refugiados (ACNUR), el Partido Revolucionario Moderno (PRM) valor\u00f3 hoy la que considera \u00abencomiable labor por los ciudadanos del mundo\u00bb que realiza la entidad. <\/p>\n<\/p>\n<p>As\u00ed lo consign\u00f3 en un comunicado emitido por su Secretario de Asuntos Internacionales (SAINTER),  el Embajador Rafael B\u00e1ez P\u00e9rez (Cocuyo).<\/p>\n<\/p>\n<p>Expres\u00f3 \u00abdurante la dictadura de Rafael Leonidas Trujillo Molina, como en aquel dif\u00edcil periodo del 1966 al 1978, o m\u00e1s recientemente,  por razones econ\u00f3micas muchos de nuestros ciudadanos han tenido que abandonar el pa\u00eds y para ellos ah\u00ed ha estado la solidaridad del ACNUR\u00bb.<\/p>\n<\/p>\n<p>Critic\u00f3 la resoluci\u00f3n de la C\u00e1mara de Diputados del pasado d\u00eda diez reprobando el trabajo del organismo y su representante Gonzalo Vargas Llosa en el pa\u00eds, promovida por legisladores ultraconservadores del oficialista Partido de la Liberaci\u00f3n Dominicana (PLD).<\/p>\n<\/p>\n<p>Dijo que la misi\u00f3n de la agencia de la ONU para los Refugiados, establecida en 1950,  es la de \u00abproteger los derechos y el bienestar de las personas que tienen que migrar de manera involuntaria o forzada\u00bb.<\/p>\n<\/p>\n<p>Se\u00f1al\u00f3 como su mandato, \u00abel de dirigir y coordinar la acci\u00f3n internacional para proteger y resolver los problemas de los refugiados en el mundo.\u00bb<\/p>\n<\/p>\n<p>Apunt\u00f3 que el ACNUR se concentra en garantizar que todos y todas \u00abpuedan ejercer el derecho a solicitar asilo y encontrar refugio seguro en otro Estado\u00bb.<\/p>\n<\/p>\n<p>Como tambi\u00e9n que estos \u00abtengan la posibilidad de  regresar a sus hogares de forma voluntaria o de vivir en otro pa\u00eds.\u00bb<\/p>\n<p>Por lo que acot\u00f3 \u00abes precisamente bajo esas mismas premisas con las que su oficina en la Rep\u00fablica Dominicana ha actuado desde su apertura en el a\u00f1o 2010\u00bb.<\/p>\n<\/p>\n<p>B\u00e1ez se\u00f1al\u00f3 incoherencia entre el Ejecutivo y congresistas del partido de gobierno, toda vez que la explicaci\u00f3n que sobre los cambios en nuestra pol\u00edtica migratoria que expuso el Presidente Danilo Medina ante la Asamblea General de la ONU, difiere de una parte de los congresistas azuzados por ultraconservadores llev\u00e1ndolos a \u00abperder la serenidad y la objetividad que lo debe caracterizar\u00bb.<\/p>\n<\/p>\n<p>Concluy\u00f3 inquiriendo del Presidente Medina que haga cumplir lo que ordena la Ley 285-04 de Migraci\u00f3n, cuyo reglamento se tard\u00f3 7 a\u00f1os en promulgar, as\u00ed como la nueva Ley y el Reglamento que implican la nueva estrategia pol\u00edtica migratoria que expuso ante Las Naciones Unidas.<\/p>\n<\/p>\n<h6> 2014-09-30 15:21:06 <\/h6>\n<p><!--\n<link rel=\"stylesheet\" href=\"css\/bootstrap.min.css\">\n\n\n<ul class=\"pagination\">\n\t    \n\t\n\n<li >\n\t<a href='?page_no=14449'>Previous<\/a>\n\t<\/li>\n\n\n       \n    \n\n<li><a href='?page_no=1'>1<\/a><\/li>\n\n\n\n<li><a href='?page_no=2'>2<\/a><\/li>\n\n\n\n<li><a>...<\/a><\/li>\n\n\n\n<li><a href='?page_no=14448'>14448<\/a><\/li>\n\n\n\n<li><a href='?page_no=14449'>14449<\/a><\/li>\n\n\n\n<li class='active'><a>14450<\/a><\/li>\n\n\n\n<li><a href='?page_no=14451'>14451<\/a><\/li>\n\n\n\n<li><a href='?page_no=14452'>14452<\/a><\/li>\n\n\n\n<li><a>...<\/a><\/li>\n\n\n\n<li><a href='?page_no=36999'>36999<\/a><\/li>\n\n\n\n<li><a href='?page_no=37000'>37000<\/a><\/li>\n\n    \n\t\n\n<li >\n\t<a href='?page_no=14451'>Next<\/a>\n\t<\/li>\n\n\n    \n\n<li><a href='?page_no=37000'>Last &rsaquo;&rsaquo;<\/a><\/li>\n\n<\/ul>\n\n\n--><br \/>\n<\/body><\/p>\n","protected":false},"excerpt":{"rendered":"<p>Santo Domingo RD 30 septiembre.- Por los dominicanos y dominicanas que se cuentan entre los m\u00e1s de 34 millones de personas exiliados que ha protegido el Alto Comisionado de las Naciones Unidas para los Refugiados (ACNUR), el Partido Revolucionario Moderno (PRM) valor\u00f3 hoy la que considera \u00abencomiable labor por los ciudadanos del mundo\u00bb que realiza [&hellip;]<\/p>\n","protected":false},"author":3,"featured_media":0,"comment_status":"open","ping_status":"open","sticky":false,"template":"","format":"standard","meta":{"footnotes":""},"categories":[22],"tags":[],"class_list":["post-162001","post","type-post","status-publish","format-standard","hentry","category-politica"],"_links":{"self":[{"href":"https:\/\/diariodominicano.com\/index.php?rest_route=\/wp\/v2\/posts\/162001","targetHints":{"allow":["GET"]}}],"collection":[{"href":"https:\/\/diariodominicano.com\/index.php?rest_route=\/wp\/v2\/posts"}],"about":[{"href":"https:\/\/diariodominicano.com\/index.php?rest_route=\/wp\/v2\/types\/post"}],"author":[{"embeddable":true,"href":"https:\/\/diariodominicano.com\/index.php?rest_route=\/wp\/v2\/users\/3"}],"replies":[{"embeddable":true,"href":"https:\/\/diariodominicano.com\/index.php?rest_route=%2Fwp%2Fv2%2Fcomments&post=162001"}],"version-history":[{"count":0,"href":"https:\/\/diariodominicano.com\/index.php?rest_route=\/wp\/v2\/posts\/162001\/revisions"}],"wp:attachment":[{"href":"https:\/\/diariodominicano.com\/index.php?rest_route=%2Fwp%2Fv2%2Fmedia&parent=162001"}],"wp:term":[{"taxonomy":"category","embeddable":true,"href":"https:\/\/diariodominicano.com\/index.php?rest_route=%2Fwp%2Fv2%2Fcategories&post=162001"},{"taxonomy":"post_tag","embeddable":true,"href":"https:\/\/diariodominicano.com\/index.php?rest_route=%2Fwp%2Fv2%2Ftags&post=162001"}],"curies":[{"name":"wp","href":"https:\/\/api.w.org\/{rel}","templated":true}]}}