{"id":161999,"date":"2014-09-30T16:37:26","date_gmt":"2014-09-30T16:37:26","guid":{"rendered":"http:\/\/diariodominicano.ddns.net\/?p=161999"},"modified":"2014-09-30T16:37:26","modified_gmt":"2014-09-30T16:37:26","slug":"laureado-pintor-leon-bosch-valora-avances-en-educacion-de-la-gestion-del-presidente-danilo-medina","status":"publish","type":"post","link":"https:\/\/diariodominicano.com\/?p=161999","title":{"rendered":"&#13;Laureado pintor Le\u00f3n Bosch valora avances en educaci\u00f3n de la gesti\u00f3n del presidente Danilo Medina"},"content":{"rendered":"<p><body><\/p>\n<p><img decoding=\"async\" src=\"img3\/leon 30.jpg\" \/>  <\/p>\n<p>Elogia Quisqueya aprende contigo<\/p>\n<\/p>\n<p>Laureado pintor Le\u00f3n Bosch valora avances en educaci\u00f3n de la gesti\u00f3n del presidente Danilo Medina<\/p>\n<\/p>\n<p>El hijo del expresidente de la Rep\u00fablica y fundador del Partido de la Liberaci\u00f3n Dominicana,  profesor Juan Bosch, Le\u00f3n Bosch, valor\u00f3 como muy positivo el programa de alfabetizaci\u00f3n y de tanda extendida que ejecuta el gobierno encabezado por el presidente Danilo Medina.<\/p>\n<\/p>\n<p>Le\u00f3n Bosch, laureado pintor de renombre internacional, consider\u00f3 tambi\u00e9n como positivo el alza salarial dispuesta por el presidente Medina para  los profesores del sector p\u00fablico.<\/p>\n<\/p>\n<p>\u00abSoy un ne\u00f3fito en esto de la pol\u00edtica, pero por ejemplo y sin saber nada de econom\u00eda, yo digo si suben los sueldos a todos los empleados circula m\u00e1s dinero, la gente compra m\u00e1s\u00bb, se\u00f1al\u00f3 Le\u00f3n, en una entrevista realizada por el periodista Geraldino Gonz\u00e1les en Italia y difundida en Matinal 5.<\/p>\n<\/p>\n<p>Entiende que el dinero destinado a educaci\u00f3n no es un gasto sino una inversi\u00f3n y una medida \u00abbell\u00edsima que redundar\u00e1 en beneficio de las futuras generaciones\u00bb, destac\u00f3 Le\u00f3n Bosch, rese\u00f1ado por la Secretar\u00eda de Comunicaciones del PLD.<\/p>\n<\/p>\n<p>Estima como un gran paso de avance del gobierno darles a los estudiantes de la tanda extendida desayuno, almuerzo y merienda as\u00ed como los libros a utilizar.<\/p>\n<\/p>\n<p>Expres\u00f3 que los gobiernos del Partido de la Liberaci\u00f3n Dominicana han hecho un gran esfuerzo para combatir la pobreza, pero que todav\u00eda falta mucho por hacer.<\/p>\n<\/p>\n<p>Adjunto: Le\u00f3n Bosch, hijo del fundador del PLD, Profesor Juan Bosch.<\/p>\n<h6> 2014-09-30 16:37:26 <\/h6>\n<p><!--\n<link rel=\"stylesheet\" href=\"css\/bootstrap.min.css\">\n\n\n<ul class=\"pagination\">\n\t    \n\t\n\n<li >\n\t<a href='?page_no=14448'>Previous<\/a>\n\t<\/li>\n\n\n       \n    \n\n<li><a href='?page_no=1'>1<\/a><\/li>\n\n\n\n<li><a href='?page_no=2'>2<\/a><\/li>\n\n\n\n<li><a>...<\/a><\/li>\n\n\n\n<li><a href='?page_no=14447'>14447<\/a><\/li>\n\n\n\n<li><a href='?page_no=14448'>14448<\/a><\/li>\n\n\n\n<li class='active'><a>14449<\/a><\/li>\n\n\n\n<li><a href='?page_no=14450'>14450<\/a><\/li>\n\n\n\n<li><a href='?page_no=14451'>14451<\/a><\/li>\n\n\n\n<li><a>...<\/a><\/li>\n\n\n\n<li><a href='?page_no=36999'>36999<\/a><\/li>\n\n\n\n<li><a href='?page_no=37000'>37000<\/a><\/li>\n\n    \n\t\n\n<li >\n\t<a href='?page_no=14450'>Next<\/a>\n\t<\/li>\n\n\n    \n\n<li><a href='?page_no=37000'>Last &rsaquo;&rsaquo;<\/a><\/li>\n\n<\/ul>\n\n\n--><br \/>\n<\/body><\/p>\n","protected":false},"excerpt":{"rendered":"<p>Elogia Quisqueya aprende contigo Laureado pintor Le\u00f3n Bosch valora avances en educaci\u00f3n de la gesti\u00f3n del presidente Danilo Medina El hijo del expresidente de la Rep\u00fablica y fundador del Partido de la Liberaci\u00f3n Dominicana, profesor Juan Bosch, Le\u00f3n Bosch, valor\u00f3 como muy positivo el programa de alfabetizaci\u00f3n y de tanda extendida que ejecuta el gobierno [&hellip;]<\/p>\n","protected":false},"author":3,"featured_media":0,"comment_status":"open","ping_status":"open","sticky":false,"template":"","format":"standard","meta":{"footnotes":""},"categories":[22],"tags":[],"class_list":["post-161999","post","type-post","status-publish","format-standard","hentry","category-politica"],"_links":{"self":[{"href":"https:\/\/diariodominicano.com\/index.php?rest_route=\/wp\/v2\/posts\/161999","targetHints":{"allow":["GET"]}}],"collection":[{"href":"https:\/\/diariodominicano.com\/index.php?rest_route=\/wp\/v2\/posts"}],"about":[{"href":"https:\/\/diariodominicano.com\/index.php?rest_route=\/wp\/v2\/types\/post"}],"author":[{"embeddable":true,"href":"https:\/\/diariodominicano.com\/index.php?rest_route=\/wp\/v2\/users\/3"}],"replies":[{"embeddable":true,"href":"https:\/\/diariodominicano.com\/index.php?rest_route=%2Fwp%2Fv2%2Fcomments&post=161999"}],"version-history":[{"count":0,"href":"https:\/\/diariodominicano.com\/index.php?rest_route=\/wp\/v2\/posts\/161999\/revisions"}],"wp:attachment":[{"href":"https:\/\/diariodominicano.com\/index.php?rest_route=%2Fwp%2Fv2%2Fmedia&parent=161999"}],"wp:term":[{"taxonomy":"category","embeddable":true,"href":"https:\/\/diariodominicano.com\/index.php?rest_route=%2Fwp%2Fv2%2Fcategories&post=161999"},{"taxonomy":"post_tag","embeddable":true,"href":"https:\/\/diariodominicano.com\/index.php?rest_route=%2Fwp%2Fv2%2Ftags&post=161999"}],"curies":[{"name":"wp","href":"https:\/\/api.w.org\/{rel}","templated":true}]}}