{"id":161995,"date":"2014-09-30T18:28:55","date_gmt":"2014-09-30T18:28:55","guid":{"rendered":"http:\/\/diariodominicano.ddns.net\/?p=161995"},"modified":"2014-09-30T18:28:55","modified_gmt":"2014-09-30T18:28:55","slug":"leandro-guzman-propone-reforma-garantice-seis-anos-para-danilo","status":"publish","type":"post","link":"https:\/\/diariodominicano.com\/?p=161995","title":{"rendered":"&#13;&#13;&#13;Leandro Guzm\u00e1n propone reforma garantice seis a\u00f1os para Danilo"},"content":{"rendered":"<p><body><\/p>\n<\/p>\n<p><span class=\"text1noticias\">Santo Domingo, RD, 30 septiembre.- El ingeniero Leandro Guzm\u00e1n, sobreviviente de la tiran\u00eda trujillista, abogo por una reforma a la Carta Magna que ampl\u00ede en dos a\u00f1os el per\u00edodo constitucional para extender de cuatro a seis a\u00f1os el mandato del actual presidente Danilo Medina.<\/span><\/p>\n<\/p>\n<p><span class=\"text1noticias\">Fundament\u00f3 su propuesta en que el presidente tiene criterios pol\u00edticos avanzados como los contenidos en el programa m\u00ednimo de liberaci\u00f3n nacional del movimiento clandestino 14 de junio que igual privilegiaba la educaci\u00f3n.<\/span><\/p>\n<\/p>\n<p><span class=\"text1noticias\">\u00abCreo que hay que darle seis a\u00f1os (a Medina) para que pueda terminar por ejemplo la presa de Monte Grande, lo que permitir\u00eda adem\u00e1s a la oposici\u00f3n reflexionar y convertirse en un gran partido que garantice el equilibrio\u00bb, dijo, entrevistado por Manuel Jim\u00e9nez y Felipe Ciprian en Propuesta de la Noche por Digital 15.<\/span><\/p>\n<\/p>\n<p><span class=\"text1noticias\">Guzm\u00e1n considera que la apreciaci\u00f3n positiva en la poblaci\u00f3n por Medina de acuerdo con las encuestadoras es debido a que el mandatario tiene ra\u00edces ideol\u00f3gicas que calific\u00f3 de muy avanzadas.<\/span><\/p>\n<\/p>\n<p><span class=\"text1noticias\">Agreg\u00f3 que para un presidente cumplir con su programa de gobierno cuatro a\u00f1os son insuficientes y que as\u00ed lo comprob\u00f3 durante sus dos a\u00f1os de exilio en M\u00e9xico.<\/span><\/p>\n<\/p>\n<p><span class=\"text1noticias\">Atribuy\u00f3 a esa insuficiencia temporal el que los presidentes se vean tentados a optar por la repostulaci\u00f3n causante de dificultades que pueden ser evitadas con la extensi\u00f3n del periodo de mando a seis a\u00f1os y jam\u00e1s reelecci\u00f3n.<\/span><\/p>\n<\/p>\n<p><span class=\"text1noticias\">El ex presidiario de la tiran\u00eda record\u00f3 que cuando Trujillo fue ajusticiado el 30 de mayo de 1961 los integrantes del movimiento clandestino 14 de junio adoptaron como programa m\u00ednimo el de los expedicionarios de 1959.<\/span><\/p>\n<\/p>\n<p><span class=\"text1noticias\">Guzm\u00e1n dijo que su planteamiento ha sido expuesto entre otras a las universidades privadas Cat\u00f3lica Madre y Maestra y Pedro Henr\u00edquez Ure\u00f1a sin tener todav\u00eda una reacci\u00f3n de sus respectivos consejos.<\/span><\/p>\n<\/p>\n<p><span class=\"text1noticias\">No obstante anunci\u00f3 que se dispone recorrer el pa\u00eds para promover su propuesta de que al presidente Danilo Medina se le extienda a seis a\u00f1os el periodo mediante una reforma constitucional.<\/span><\/p>\n<\/p>\n<p><span class=\"text1noticias\">\u00abEsto es m\u00e1s importante ahora que hay un partido \u00fanico en el poder (Partido de la Liberaci\u00f3n Dominicana) organizado como para permanecer en el poder y la oposici\u00f3n totalmente dividida\u00bb, coment\u00f3.<\/span><\/p>\n<h6> 2014-09-30 18:28:55 <\/h6>\n<p><!--\n<link rel=\"stylesheet\" href=\"css\/bootstrap.min.css\">\n\n\n<ul class=\"pagination\">\n\t    \n\t\n\n<li >\n\t<a href='?page_no=14444'>Previous<\/a>\n\t<\/li>\n\n\n       \n    \n\n<li><a href='?page_no=1'>1<\/a><\/li>\n\n\n\n<li><a href='?page_no=2'>2<\/a><\/li>\n\n\n\n<li><a>...<\/a><\/li>\n\n\n\n<li><a href='?page_no=14443'>14443<\/a><\/li>\n\n\n\n<li><a href='?page_no=14444'>14444<\/a><\/li>\n\n\n\n<li class='active'><a>14445<\/a><\/li>\n\n\n\n<li><a href='?page_no=14446'>14446<\/a><\/li>\n\n\n\n<li><a href='?page_no=14447'>14447<\/a><\/li>\n\n\n\n<li><a>...<\/a><\/li>\n\n\n\n<li><a href='?page_no=36999'>36999<\/a><\/li>\n\n\n\n<li><a href='?page_no=37000'>37000<\/a><\/li>\n\n    \n\t\n\n<li >\n\t<a href='?page_no=14446'>Next<\/a>\n\t<\/li>\n\n\n    \n\n<li><a href='?page_no=37000'>Last &rsaquo;&rsaquo;<\/a><\/li>\n\n<\/ul>\n\n\n--><br \/>\n<\/body><\/p>\n","protected":false},"excerpt":{"rendered":"<p>Santo Domingo, RD, 30 septiembre.- El ingeniero Leandro Guzm\u00e1n, sobreviviente de la tiran\u00eda trujillista, abogo por una reforma a la Carta Magna que ampl\u00ede en dos a\u00f1os el per\u00edodo constitucional para extender de cuatro a seis a\u00f1os el mandato del actual presidente Danilo Medina. Fundament\u00f3 su propuesta en que el presidente tiene criterios pol\u00edticos avanzados [&hellip;]<\/p>\n","protected":false},"author":3,"featured_media":0,"comment_status":"open","ping_status":"open","sticky":false,"template":"","format":"standard","meta":{"footnotes":""},"categories":[22],"tags":[],"class_list":["post-161995","post","type-post","status-publish","format-standard","hentry","category-politica"],"_links":{"self":[{"href":"https:\/\/diariodominicano.com\/index.php?rest_route=\/wp\/v2\/posts\/161995","targetHints":{"allow":["GET"]}}],"collection":[{"href":"https:\/\/diariodominicano.com\/index.php?rest_route=\/wp\/v2\/posts"}],"about":[{"href":"https:\/\/diariodominicano.com\/index.php?rest_route=\/wp\/v2\/types\/post"}],"author":[{"embeddable":true,"href":"https:\/\/diariodominicano.com\/index.php?rest_route=\/wp\/v2\/users\/3"}],"replies":[{"embeddable":true,"href":"https:\/\/diariodominicano.com\/index.php?rest_route=%2Fwp%2Fv2%2Fcomments&post=161995"}],"version-history":[{"count":0,"href":"https:\/\/diariodominicano.com\/index.php?rest_route=\/wp\/v2\/posts\/161995\/revisions"}],"wp:attachment":[{"href":"https:\/\/diariodominicano.com\/index.php?rest_route=%2Fwp%2Fv2%2Fmedia&parent=161995"}],"wp:term":[{"taxonomy":"category","embeddable":true,"href":"https:\/\/diariodominicano.com\/index.php?rest_route=%2Fwp%2Fv2%2Fcategories&post=161995"},{"taxonomy":"post_tag","embeddable":true,"href":"https:\/\/diariodominicano.com\/index.php?rest_route=%2Fwp%2Fv2%2Ftags&post=161995"}],"curies":[{"name":"wp","href":"https:\/\/api.w.org\/{rel}","templated":true}]}}