{"id":161994,"date":"2014-09-30T20:59:45","date_gmt":"2014-09-30T20:59:45","guid":{"rendered":"http:\/\/diariodominicano.ddns.net\/?p=161994"},"modified":"2014-09-30T20:59:45","modified_gmt":"2014-09-30T20:59:45","slug":"diputado-del-pld-elias-serulle-sin-el-apoyo-del-presidente-danilo-leonel-fernandez-no-gana-elecciones-del-2016","status":"publish","type":"post","link":"https:\/\/diariodominicano.com\/?p=161994","title":{"rendered":"Diputado del PLD El\u00edas Serulle: \u00absin el apoyo del presidente Danilo, Leonel Fern\u00e1ndez no gana elecciones del 2016\u00bb"},"content":{"rendered":"<p><body><\/p>\n<p><img decoding=\"async\" src=\"img3\/elias.jpg\" \/>  <\/p>\n<p><span class=\"text1noticias\">Santo Domingo, RD, 30 de Septiembre.- El diputado del Partido de la Liberaci\u00f3n Dominicana (PLD) El\u00edas Serulle afirm\u00f3 que sin el apoyo del Presidente Danilo Medina, el expresidente Leonel Fern\u00e1ndez no tiene posibilidad de ganar en las pr\u00f3ximas elecciones del 2016.<\/span><\/p>\n<\/p>\n<p><span class=\"text1noticias\">El\u00edas Serulle manifest\u00f3 que sin el apoyo del Presidente Medina ninguno de los candidatos presentes en el PLD podr\u00e1 lograr el triunfo.<\/span><\/p>\n<\/p>\n<p><span class=\"text1noticias\">Expres\u00f3 que Fern\u00e1ndez debe ver la situaci\u00f3n actual al igual que lo hizo Medina en el 2012, quien entendi\u00f3 que sin el apoyo del presidente y el partido dividido no llagar\u00eda al poder, indicando que el ex presidente necesita del apoyo del mandatario.<\/span><\/p>\n<\/p>\n<p><span class=\"text1noticias\">Al ser entrevistado por el periodista Salvador Holgu\u00edn en el programa \u00abHilando Fino\u00bb que se transmite por Teleradio Am\u00e9rica canal 45 a las 8:00 AM, el diputado dijo que \u00e9l fue una pieza importante para la uni\u00f3n de Fern\u00e1ndez y Medina en las pasadas elecciones.<\/span><\/p>\n<\/p>\n<p><span class=\"text1noticias\">Serulle indic\u00f3 que fue gracias al apoyo del gobierno de Leonel, que Danilo lleg\u00f3 a la presidencia, dejando relucir que el presidente debe hacer lo mismo en la actualidad.<\/span><\/p>\n<\/p>\n<p><span class=\"text1noticias\">El sistema 911<\/span><\/p>\n<\/p>\n<p><span class=\"text1noticias\">El\u00edas Serulle habl\u00f3 del sistema de Emergencias 911, y dijo que le tom\u00f3 7 a\u00f1os lograr que aprobaran el proyecto, por falta de disposici\u00f3n del gobierno de turno, para asignar recursos y porque era necesario convencer a los legisladores de la importancia de dicho proyecto.<\/span><\/p>\n<\/p>\n<p><span class=\"text1noticias\">Serulle dijo que finalmente logr\u00f3 la aprobaci\u00f3n del sistema 911, gracias al apoyo del presidente Medina, quien seg\u00fan el diputado conoc\u00eda el proyecto antes de llegar a la presidencia.<\/span><\/p>\n<\/p>\n<p><span class=\"text1noticias\">Se\u00f1al\u00f3 al referido proyecto como fundamental para el gobierno de Medina y su popularidad.<\/span><\/p>\n<\/p>\n<p><span class=\"text1noticias\">Presidencia de la C\u00e1mara de Diputados<\/span><\/p>\n<\/p>\n<p><span class=\"text1noticias\">El\u00edas Serulle se refiri\u00f3 a su proyecto para la presidencia de la C\u00e1mara de Diputados, y expres\u00f3 que en los \u00faltimos 8 a\u00f1os el comit\u00e9 del PLD no lo ha apoyado como esperaba.<\/span><\/p>\n<\/p>\n<p><span class=\"text1noticias\">Asegur\u00f3 que no se queja del apoyo recibido por parte del expresidente Fern\u00e1ndez, puesto que no hizo ning\u00fan acuerdo para dicha colaboraci\u00f3n.(HG)<\/span>.<\/p>\n<h6> 2014-09-30 20:59:45 <\/h6>\n<p><!--\n<link rel=\"stylesheet\" href=\"css\/bootstrap.min.css\">\n\n\n<ul class=\"pagination\">\n\t    \n\t\n\n<li >\n\t<a href='?page_no=14443'>Previous<\/a>\n\t<\/li>\n\n\n       \n    \n\n<li><a href='?page_no=1'>1<\/a><\/li>\n\n\n\n<li><a href='?page_no=2'>2<\/a><\/li>\n\n\n\n<li><a>...<\/a><\/li>\n\n\n\n<li><a href='?page_no=14442'>14442<\/a><\/li>\n\n\n\n<li><a href='?page_no=14443'>14443<\/a><\/li>\n\n\n\n<li class='active'><a>14444<\/a><\/li>\n\n\n\n<li><a href='?page_no=14445'>14445<\/a><\/li>\n\n\n\n<li><a href='?page_no=14446'>14446<\/a><\/li>\n\n\n\n<li><a>...<\/a><\/li>\n\n\n\n<li><a href='?page_no=36999'>36999<\/a><\/li>\n\n\n\n<li><a href='?page_no=37000'>37000<\/a><\/li>\n\n    \n\t\n\n<li >\n\t<a href='?page_no=14445'>Next<\/a>\n\t<\/li>\n\n\n    \n\n<li><a href='?page_no=37000'>Last &rsaquo;&rsaquo;<\/a><\/li>\n\n<\/ul>\n\n\n--><br \/>\n<\/body><\/p>\n","protected":false},"excerpt":{"rendered":"<p>Santo Domingo, RD, 30 de Septiembre.- El diputado del Partido de la Liberaci\u00f3n Dominicana (PLD) El\u00edas Serulle afirm\u00f3 que sin el apoyo del Presidente Danilo Medina, el expresidente Leonel Fern\u00e1ndez no tiene posibilidad de ganar en las pr\u00f3ximas elecciones del 2016. El\u00edas Serulle manifest\u00f3 que sin el apoyo del Presidente Medina ninguno de los candidatos [&hellip;]<\/p>\n","protected":false},"author":3,"featured_media":0,"comment_status":"open","ping_status":"open","sticky":false,"template":"","format":"standard","meta":{"footnotes":""},"categories":[22],"tags":[],"class_list":["post-161994","post","type-post","status-publish","format-standard","hentry","category-politica"],"_links":{"self":[{"href":"https:\/\/diariodominicano.com\/index.php?rest_route=\/wp\/v2\/posts\/161994","targetHints":{"allow":["GET"]}}],"collection":[{"href":"https:\/\/diariodominicano.com\/index.php?rest_route=\/wp\/v2\/posts"}],"about":[{"href":"https:\/\/diariodominicano.com\/index.php?rest_route=\/wp\/v2\/types\/post"}],"author":[{"embeddable":true,"href":"https:\/\/diariodominicano.com\/index.php?rest_route=\/wp\/v2\/users\/3"}],"replies":[{"embeddable":true,"href":"https:\/\/diariodominicano.com\/index.php?rest_route=%2Fwp%2Fv2%2Fcomments&post=161994"}],"version-history":[{"count":0,"href":"https:\/\/diariodominicano.com\/index.php?rest_route=\/wp\/v2\/posts\/161994\/revisions"}],"wp:attachment":[{"href":"https:\/\/diariodominicano.com\/index.php?rest_route=%2Fwp%2Fv2%2Fmedia&parent=161994"}],"wp:term":[{"taxonomy":"category","embeddable":true,"href":"https:\/\/diariodominicano.com\/index.php?rest_route=%2Fwp%2Fv2%2Fcategories&post=161994"},{"taxonomy":"post_tag","embeddable":true,"href":"https:\/\/diariodominicano.com\/index.php?rest_route=%2Fwp%2Fv2%2Ftags&post=161994"}],"curies":[{"name":"wp","href":"https:\/\/api.w.org\/{rel}","templated":true}]}}