{"id":161993,"date":"2014-09-30T21:24:47","date_gmt":"2014-09-30T21:24:47","guid":{"rendered":"http:\/\/diariodominicano.ddns.net\/?p=161993"},"modified":"2014-09-30T21:24:47","modified_gmt":"2014-09-30T21:24:47","slug":"tse-se-reserva-fallo-caso-interpuesto-por-guido-acumula-incidentes-para-fallarlos-juntos","status":"publish","type":"post","link":"https:\/\/diariodominicano.com\/?p=161993","title":{"rendered":"TSE se reserva fallo caso interpuesto por Guido, acumula incidentes para fallarlos juntos"},"content":{"rendered":"<p><body><\/p>\n<p><img decoding=\"async\" src=\"img3\/tribunal.jpg\" \/>  <\/p>\n<p><span class=\"text1noticias\">Santo Domingo, RD, 30 de Septiembre.-El Tribunal Superior Electoral se reserv\u00f3 el fallo sobre el amparo  que interpuso el doctor Guido G\u00f3mez Mazara para anularla resoluci\u00f3n 166-14 de la Comisi\u00f3n Nacional Organizadora de la Trig\u00e9sima Convenci\u00f3n No\u00e9 Suberv\u00ed Espinosa, la quinta resoluci\u00f3n de la Comisi\u00f3n Pol\u00edtica del Comit\u00e9 Ejecutivo Nacional de fecha 14 de agosto de 2014 y los resultados de la Trig\u00e9sima Convenci\u00f3n Nacional Ordinaria del Partido revolucionario Dominicano.<\/span><\/p>\n<\/p>\n<p><span class=\"text1noticias\">El m\u00e1ximo tribunal acumul\u00f3 los incidentes para ser fallados conjuntamente con el fondo y por disposiciones distintas.<\/span><\/p>\n<\/p>\n<p><span class=\"text1noticias\">Asimismo otorg\u00f3 un plazo de diez d\u00edas a la parte demandante para que produzca y presente un escrito ampliatorio de las argumentaciones de sus conclusiones, tambi\u00e9n otorg\u00f3 un plazo de diez d\u00edas a la parte demanda para que deposite un escrito ampliatorio de argumentaciones de sus conclusiones.(HG)<\/span>.<\/p>\n<h6> 2014-09-30 21:24:47 <\/h6>\n<p><!--\n<link rel=\"stylesheet\" href=\"css\/bootstrap.min.css\">\n\n\n<ul class=\"pagination\">\n\t    \n\t\n\n<li >\n\t<a href='?page_no=14442'>Previous<\/a>\n\t<\/li>\n\n\n       \n    \n\n<li><a href='?page_no=1'>1<\/a><\/li>\n\n\n\n<li><a href='?page_no=2'>2<\/a><\/li>\n\n\n\n<li><a>...<\/a><\/li>\n\n\n\n<li><a href='?page_no=14441'>14441<\/a><\/li>\n\n\n\n<li><a href='?page_no=14442'>14442<\/a><\/li>\n\n\n\n<li class='active'><a>14443<\/a><\/li>\n\n\n\n<li><a href='?page_no=14444'>14444<\/a><\/li>\n\n\n\n<li><a href='?page_no=14445'>14445<\/a><\/li>\n\n\n\n<li><a>...<\/a><\/li>\n\n\n\n<li><a href='?page_no=36999'>36999<\/a><\/li>\n\n\n\n<li><a href='?page_no=37000'>37000<\/a><\/li>\n\n    \n\t\n\n<li >\n\t<a href='?page_no=14444'>Next<\/a>\n\t<\/li>\n\n\n    \n\n<li><a href='?page_no=37000'>Last &rsaquo;&rsaquo;<\/a><\/li>\n\n<\/ul>\n\n\n--><br \/>\n<\/body><\/p>\n","protected":false},"excerpt":{"rendered":"<p>Santo Domingo, RD, 30 de Septiembre.-El Tribunal Superior Electoral se reserv\u00f3 el fallo sobre el amparo que interpuso el doctor Guido G\u00f3mez Mazara para anularla resoluci\u00f3n 166-14 de la Comisi\u00f3n Nacional Organizadora de la Trig\u00e9sima Convenci\u00f3n No\u00e9 Suberv\u00ed Espinosa, la quinta resoluci\u00f3n de la Comisi\u00f3n Pol\u00edtica del Comit\u00e9 Ejecutivo Nacional de fecha 14 de agosto [&hellip;]<\/p>\n","protected":false},"author":3,"featured_media":0,"comment_status":"open","ping_status":"open","sticky":false,"template":"","format":"standard","meta":{"footnotes":""},"categories":[22],"tags":[],"class_list":["post-161993","post","type-post","status-publish","format-standard","hentry","category-politica"],"_links":{"self":[{"href":"https:\/\/diariodominicano.com\/index.php?rest_route=\/wp\/v2\/posts\/161993","targetHints":{"allow":["GET"]}}],"collection":[{"href":"https:\/\/diariodominicano.com\/index.php?rest_route=\/wp\/v2\/posts"}],"about":[{"href":"https:\/\/diariodominicano.com\/index.php?rest_route=\/wp\/v2\/types\/post"}],"author":[{"embeddable":true,"href":"https:\/\/diariodominicano.com\/index.php?rest_route=\/wp\/v2\/users\/3"}],"replies":[{"embeddable":true,"href":"https:\/\/diariodominicano.com\/index.php?rest_route=%2Fwp%2Fv2%2Fcomments&post=161993"}],"version-history":[{"count":0,"href":"https:\/\/diariodominicano.com\/index.php?rest_route=\/wp\/v2\/posts\/161993\/revisions"}],"wp:attachment":[{"href":"https:\/\/diariodominicano.com\/index.php?rest_route=%2Fwp%2Fv2%2Fmedia&parent=161993"}],"wp:term":[{"taxonomy":"category","embeddable":true,"href":"https:\/\/diariodominicano.com\/index.php?rest_route=%2Fwp%2Fv2%2Fcategories&post=161993"},{"taxonomy":"post_tag","embeddable":true,"href":"https:\/\/diariodominicano.com\/index.php?rest_route=%2Fwp%2Fv2%2Ftags&post=161993"}],"curies":[{"name":"wp","href":"https:\/\/api.w.org\/{rel}","templated":true}]}}