{"id":161992,"date":"2014-09-30T22:18:04","date_gmt":"2014-09-30T22:18:04","guid":{"rendered":"http:\/\/diariodominicano.ddns.net\/?p=161992"},"modified":"2014-09-30T22:18:04","modified_gmt":"2014-09-30T22:18:04","slug":"andy-mieses-acusa-a-alcalde-de-despilfarro-de-millones-de-pesos","status":"publish","type":"post","link":"https:\/\/diariodominicano.com\/?p=161992","title":{"rendered":"Andy Mieses acusa a Alcalde de despilfarro de millones de pesos"},"content":{"rendered":"<p><body><\/p>\n<p><img decoding=\"async\" src=\"img3\/DEMOLICION.jpg\" \/>  <\/p>\n<p><span class=\"text1noticias\">Santo Domingo, RD, 30 de Septiembre.-El aspirante a alcalde por Santo Domingo Este, Andy Mieses acus\u00f3 a las autoridades edilicias de esa demarcaci\u00f3n de despilfarrar cientos de millones de pesos con la demolici\u00f3n total iniciada hace unos d\u00edas, del edificio del Palacio Municipal construido hace ocho a\u00f1os en los terrenos de Envases Antillanos, ubicados en la avenida Sabana Larga, de Los Mina.<\/span><\/p>\n<\/p>\n<p><span class=\"text1noticias\">Mieses afirm\u00f3 que los mun\u00edcipes reaccionan indignados al observar como brigadas de hombres golpean con mandarria la edificaci\u00f3n y derriban techos, columnas y paredes de una obra que cost\u00f3 m\u00e1s de 100 millones de pesos, seg\u00fan anunciara el alcalde en ese entonces, Domingo Batista.<\/span><\/p>\n<\/p>\n<p><span class=\"text1noticias\">Explic\u00f3 que la destrucci\u00f3n de la obra donde se alojar\u00edan el despacho y las oficinas del cabildo local, fue decidida porque al alcalde y a sus regidores no les gustaba el dise\u00f1o y el lugar donde se levant\u00f3.<\/span><\/p>\n<\/p>\n<p><span class=\"text1noticias\">Agreg\u00f3 que por esta raz\u00f3n, debido a un gusto particular y sin consultar a los mun\u00edcipes y a sus electores, el actual edil decidi\u00f3 no operar desde esa instalaci\u00f3n, y orden\u00f3 la construcci\u00f3n de un nuevo palacio municipal a un costo de m\u00e1s de 500 millones de pesos.<\/span><\/p>\n<\/p>\n<p><span class=\"text1noticias\">El precandidato a dirigir dicha alcald\u00eda puntualiz\u00f3 que esta alta suma de dinero salen de los bolsillos de los contribuyentes de la zona oriental que pagan sus arbitrios para garantizar el financiamiento de los servicios, no para que sus recursos sean utilizados al antojo de las autoridades municipales.<\/span><\/p>\n<\/p>\n<p><span class=\"text1noticias\">\u00abEsto es un claro ejemplo de c\u00f3mo despilfarra el alcalde de Santo Domingo Este, el dinero de la municipalidad, mientras la zona oriental est\u00e1 fea, sucia, repleta de basura, desorganizada y con un medio ambiente contaminado con olores nauseabundos\u00bb, recalc\u00f3.<\/span><\/p>\n<\/p>\n<p><span class=\"text1noticias\">Mieses pregunt\u00f3 qui\u00e9n pagalos m\u00e1s de 100 millones invertidos en la construcci\u00f3n del edificio demolido?; devolver\u00e1n este dinero  al fondo de la municipalidad de sus bolsillos las pasadas y las actuales autoridades edilicias?; pagar\u00e1n el alcalde y los actuales concejales con el dinero de sus bolsillos los m\u00e1s de 500 millones de pesos  que acaban de ser invertidos en el nuevo palacio municipal construido en los terrenos de la antigua f\u00e1brica de pintura, Pidoca?, y d\u00f3nde est\u00e1 el informe sobre este despilfarro  de la Contralor\u00eda General de la Rep\u00fablica y la C\u00e1mara de Cuentas?.(HG)<\/span>.<\/p>\n<\/p>\n<\/p>\n<h6> 2014-09-30 22:18:04 <\/h6>\n<p><!--\n<link rel=\"stylesheet\" href=\"css\/bootstrap.min.css\">\n\n\n<ul class=\"pagination\">\n\t    \n\t\n\n<li >\n\t<a href='?page_no=14441'>Previous<\/a>\n\t<\/li>\n\n\n       \n    \n\n<li><a href='?page_no=1'>1<\/a><\/li>\n\n\n\n<li><a href='?page_no=2'>2<\/a><\/li>\n\n\n\n<li><a>...<\/a><\/li>\n\n\n\n<li><a href='?page_no=14440'>14440<\/a><\/li>\n\n\n\n<li><a href='?page_no=14441'>14441<\/a><\/li>\n\n\n\n<li class='active'><a>14442<\/a><\/li>\n\n\n\n<li><a href='?page_no=14443'>14443<\/a><\/li>\n\n\n\n<li><a href='?page_no=14444'>14444<\/a><\/li>\n\n\n\n<li><a>...<\/a><\/li>\n\n\n\n<li><a href='?page_no=36999'>36999<\/a><\/li>\n\n\n\n<li><a href='?page_no=37000'>37000<\/a><\/li>\n\n    \n\t\n\n<li >\n\t<a href='?page_no=14443'>Next<\/a>\n\t<\/li>\n\n\n    \n\n<li><a href='?page_no=37000'>Last &rsaquo;&rsaquo;<\/a><\/li>\n\n<\/ul>\n\n\n--><br \/>\n<\/body><\/p>\n","protected":false},"excerpt":{"rendered":"<p>Santo Domingo, RD, 30 de Septiembre.-El aspirante a alcalde por Santo Domingo Este, Andy Mieses acus\u00f3 a las autoridades edilicias de esa demarcaci\u00f3n de despilfarrar cientos de millones de pesos con la demolici\u00f3n total iniciada hace unos d\u00edas, del edificio del Palacio Municipal construido hace ocho a\u00f1os en los terrenos de Envases Antillanos, ubicados en [&hellip;]<\/p>\n","protected":false},"author":3,"featured_media":0,"comment_status":"open","ping_status":"open","sticky":false,"template":"","format":"standard","meta":{"footnotes":""},"categories":[22],"tags":[],"class_list":["post-161992","post","type-post","status-publish","format-standard","hentry","category-politica"],"_links":{"self":[{"href":"https:\/\/diariodominicano.com\/index.php?rest_route=\/wp\/v2\/posts\/161992","targetHints":{"allow":["GET"]}}],"collection":[{"href":"https:\/\/diariodominicano.com\/index.php?rest_route=\/wp\/v2\/posts"}],"about":[{"href":"https:\/\/diariodominicano.com\/index.php?rest_route=\/wp\/v2\/types\/post"}],"author":[{"embeddable":true,"href":"https:\/\/diariodominicano.com\/index.php?rest_route=\/wp\/v2\/users\/3"}],"replies":[{"embeddable":true,"href":"https:\/\/diariodominicano.com\/index.php?rest_route=%2Fwp%2Fv2%2Fcomments&post=161992"}],"version-history":[{"count":0,"href":"https:\/\/diariodominicano.com\/index.php?rest_route=\/wp\/v2\/posts\/161992\/revisions"}],"wp:attachment":[{"href":"https:\/\/diariodominicano.com\/index.php?rest_route=%2Fwp%2Fv2%2Fmedia&parent=161992"}],"wp:term":[{"taxonomy":"category","embeddable":true,"href":"https:\/\/diariodominicano.com\/index.php?rest_route=%2Fwp%2Fv2%2Fcategories&post=161992"},{"taxonomy":"post_tag","embeddable":true,"href":"https:\/\/diariodominicano.com\/index.php?rest_route=%2Fwp%2Fv2%2Ftags&post=161992"}],"curies":[{"name":"wp","href":"https:\/\/api.w.org\/{rel}","templated":true}]}}