{"id":161991,"date":"2014-10-01T16:53:16","date_gmt":"2014-10-01T16:53:16","guid":{"rendered":"http:\/\/diariodominicano.ddns.net\/?p=161991"},"modified":"2014-10-01T16:53:16","modified_gmt":"2014-10-01T16:53:16","slug":"inicia-el-curso-campanas-electorales-en-el-siglo-xxi-de-la-improvisacion-a-la-ciencia","status":"publish","type":"post","link":"https:\/\/diariodominicano.com\/?p=161991","title":{"rendered":"Inicia el curso \u00abCampa\u00f1as electorales en el siglo XXI: De la improvisaci\u00f3n a la ciencia\u00bb"},"content":{"rendered":"<p><body><\/p>\n<p><img decoding=\"async\" src=\"img3\/politica 1.jpg\" \/>  <\/p>\n<p>Santo Domingo RD 1 octubre.- Con el objetivo de edificara los aspirantes a posiciones electivas, funcionarios electos, analistas pol\u00edticos, estudiantes de ciencias pol\u00edticas, as\u00ed como a profesionales de la comunicaci\u00f3n y la mercadotecniapol\u00edtica, en la articulaci\u00f3n y ejecuci\u00f3n de campa\u00f1as electorales, la Academia para la Profesionalizaci\u00f3n de la Pol\u00edtica (APP)  iniciar\u00e1 este mi\u00e9rcoles su primer ciclo del curso\u00bbCampa\u00f1as electorales en el siglo XXI: De la improvisaci\u00f3n a la ciencia\u00bb. <\/p>\n<\/p>\n<p>En este primer ciclo, se abordar\u00e1n los temas: estructura, investigaci\u00f3n, estrat\u00e9gica y ejecuci\u00f3n en las campa\u00f1as electorales, durante los d\u00edas mi\u00e9rcoles 1 y jueves 2 de octubre, de 9 de la ma\u00f1ana a 9 de la noche en el Hotel Occidental El Embajador. <\/p>\n<\/p>\n<p>Esta es la primera actividad de este tipo que se realiza en el pa\u00eds, ya que re\u00fane a un importante grupo de profesionales y amplia experiencia en el manejo de la comunicaci\u00f3n y la organizaci\u00f3n de proyectos pol\u00edticos, abarcando desde las micro plazas electorales hasta la Presidencia de la Rep\u00fablica. <\/p>\n<\/p>\n<p>Los destacados especialistas Antonio Sol\u00e1, Alfredo D\u00e1valos, Ricardo Paz Ballivian, Lilian Pag\u00e1n, Marcos Maga\u00f1a, Jordi Segarra, Gustavo Perdomo, Roberto Trad y Carlos Fara, compartir\u00e1n sus experiencias con los participantes. <\/p>\n<\/p>\n<p>La ceremonia de apertura del evento est\u00e1 programada para las 9:30 de la ma\u00f1ana, de este mi\u00e9rcoles 1 de octubre, en el Gran Sal\u00f3n del hotelOccidental El Embajador y han sido invitados pol\u00edticos, polit\u00f3logos, comunicadores, estrategas y profesionales de la Ciencia Pol\u00edtica.  <\/p>\n<\/p>\n<p>Las palabras de bienvenida ser\u00e1n  pronunciadas por el presidente de la APP, economista y polit\u00f3logo, Ricardo P\u00e9rez Fern\u00e1ndez. <\/p>\n<\/p>\n<p>El programa de ponencias <\/p>\n<\/p>\n<p>La jornada del primer d\u00eda tendr\u00e1 la disertaci\u00f3n inaugural \u00a8Efectos de la profesionalizaci\u00f3n en la evoluci\u00f3n de la estrategia pol\u00edtica\u00a8, a cargo del experimentado estratega y consultor pol\u00edtico espa\u00f1ol, Antonio Sol\u00e1. A seguidas, el mexicano, Alfredo D\u00e1valos, abordar\u00e1 lo relativo a las estructuras de las campa\u00f1as electorales y la conformaci\u00f3n de los planes de campa\u00f1a, desde el punto de vista municipal y provincial. <\/p>\n<\/p>\n<p>En horas de la tarde el soci\u00f3logo y estratega pol\u00edtico boliviano, Ricardo Paz Ballivian, hablar\u00e1 de las estructuras de las campa\u00f1as electorales y la conformaci\u00f3n de los planes de campa\u00f1a, en el \u00e1mbito presidencial, mientras que la fundadora de la encuestadora AsisaResearchGroup, la dominicana Lilian Pag\u00e1n, conversar\u00e1 sobre la Investigaci\u00f3n demosc\u00f3pica en la fase inicial de las campa\u00f1as electorales. <\/p>\n<\/p>\n<p>A seguidas, el asesor pol\u00edtico espa\u00f1ol y miembro del Sal\u00f3n de la Fama de la Consultor\u00eda Pol\u00edtica en Latinoam\u00e9rica, Marcos Maga\u00f1a, continuar\u00e1 con el tema Estrategia Pol\u00edtica: Una visi\u00f3n general y enfoque particular sobre propaganda, mensaje y medios. <\/p>\n<\/p>\n<p>Para la jornada del jueves 2, el connotado estratega de comunicaci\u00f3n pol\u00edtica, de origen espa\u00f1ol, Jordi Segarra, tendr\u00e1 su exposici\u00f3n \u00a8La estrategia pol\u00edtica: visi\u00f3n general y enfoque particular campa\u00f1as de tierra\u00a8. El polit\u00f3logo Gustavo Perdomo, disertar\u00e1 sobre la ejecuci\u00f3n de las campa\u00f1as electorales en funci\u00f3n del plan de campa\u00f1a, en el \u00e1mbito municipal y provincial. <\/p>\n<\/p>\n<p>Asimismo, el director del Instituto de Artes y Oficios para la Comunicaci\u00f3n Estrat\u00e9gica, el mexicano Roberto Trad, disertar\u00e1 en torno a la ejecuci\u00f3n de las campa\u00f1as electorales en funci\u00f3n del plan de campa\u00f1a, en el \u00e1mbito presidencial. <\/p>\n<\/p>\n<p>El argentino Carlos Fara, consultor especialista en estrategias pol\u00edticas, tendr\u00e1 a su cargo la disertaci\u00f3n de clausura \u00abC\u00f3mo se construye y se prepara un candidato\u00bb. <\/p>\n<\/p>\n<p>Sobre la Academia para la Profesionalizaci\u00f3n de la Pol\u00edtica (APP)<\/p>\n<\/p>\n<\/p>\n<p>La APP es una instituci\u00f3n sin fines de lucro conformada por una comunidad de profesionales de diversas \u00e1reas, que busca constituirse en un espacio de formaci\u00f3n t\u00e9cnica y pr\u00e1ctica, en procura de la profesionalizaci\u00f3n de la pol\u00edtica y la mejor\u00eda de la gobernanza en todos los \u00e1mbitos institucionales del Estado.<\/p>\n<\/p>\n<\/p>\n<p>Esa entidad fue creada con el prop\u00f3sito de convertirla en una instancia que coadyuve a desplazar el ejercicio de la pol\u00edtica desde el terreno de lo emp\u00edrico, hacia lo t\u00e9cnico-cient\u00edfico, formando as\u00ed a los aspirantes a cargos electivos y a oficiales electos de todo el Estado en la praxis de la pol\u00edtica, desde la etapa electoral hasta la gesti\u00f3n de sus funciones. <\/p>\n<h6> 2014-10-01 16:53:16 <\/h6>\n<p><!--\n<link rel=\"stylesheet\" href=\"css\/bootstrap.min.css\">\n\n\n<ul class=\"pagination\">\n\t    \n\t\n\n<li >\n\t<a href='?page_no=14440'>Previous<\/a>\n\t<\/li>\n\n\n       \n    \n\n<li><a href='?page_no=1'>1<\/a><\/li>\n\n\n\n<li><a href='?page_no=2'>2<\/a><\/li>\n\n\n\n<li><a>...<\/a><\/li>\n\n\n\n<li><a href='?page_no=14439'>14439<\/a><\/li>\n\n\n\n<li><a href='?page_no=14440'>14440<\/a><\/li>\n\n\n\n<li class='active'><a>14441<\/a><\/li>\n\n\n\n<li><a href='?page_no=14442'>14442<\/a><\/li>\n\n\n\n<li><a href='?page_no=14443'>14443<\/a><\/li>\n\n\n\n<li><a>...<\/a><\/li>\n\n\n\n<li><a href='?page_no=36999'>36999<\/a><\/li>\n\n\n\n<li><a href='?page_no=37000'>37000<\/a><\/li>\n\n    \n\t\n\n<li >\n\t<a href='?page_no=14442'>Next<\/a>\n\t<\/li>\n\n\n    \n\n<li><a href='?page_no=37000'>Last &rsaquo;&rsaquo;<\/a><\/li>\n\n<\/ul>\n\n\n--><br \/>\n<\/body><\/p>\n","protected":false},"excerpt":{"rendered":"<p>Santo Domingo RD 1 octubre.- Con el objetivo de edificara los aspirantes a posiciones electivas, funcionarios electos, analistas pol\u00edticos, estudiantes de ciencias pol\u00edticas, as\u00ed como a profesionales de la comunicaci\u00f3n y la mercadotecniapol\u00edtica, en la articulaci\u00f3n y ejecuci\u00f3n de campa\u00f1as electorales, la Academia para la Profesionalizaci\u00f3n de la Pol\u00edtica (APP) iniciar\u00e1 este mi\u00e9rcoles su primer [&hellip;]<\/p>\n","protected":false},"author":3,"featured_media":0,"comment_status":"open","ping_status":"open","sticky":false,"template":"","format":"standard","meta":{"footnotes":""},"categories":[22],"tags":[],"class_list":["post-161991","post","type-post","status-publish","format-standard","hentry","category-politica"],"_links":{"self":[{"href":"https:\/\/diariodominicano.com\/index.php?rest_route=\/wp\/v2\/posts\/161991","targetHints":{"allow":["GET"]}}],"collection":[{"href":"https:\/\/diariodominicano.com\/index.php?rest_route=\/wp\/v2\/posts"}],"about":[{"href":"https:\/\/diariodominicano.com\/index.php?rest_route=\/wp\/v2\/types\/post"}],"author":[{"embeddable":true,"href":"https:\/\/diariodominicano.com\/index.php?rest_route=\/wp\/v2\/users\/3"}],"replies":[{"embeddable":true,"href":"https:\/\/diariodominicano.com\/index.php?rest_route=%2Fwp%2Fv2%2Fcomments&post=161991"}],"version-history":[{"count":0,"href":"https:\/\/diariodominicano.com\/index.php?rest_route=\/wp\/v2\/posts\/161991\/revisions"}],"wp:attachment":[{"href":"https:\/\/diariodominicano.com\/index.php?rest_route=%2Fwp%2Fv2%2Fmedia&parent=161991"}],"wp:term":[{"taxonomy":"category","embeddable":true,"href":"https:\/\/diariodominicano.com\/index.php?rest_route=%2Fwp%2Fv2%2Fcategories&post=161991"},{"taxonomy":"post_tag","embeddable":true,"href":"https:\/\/diariodominicano.com\/index.php?rest_route=%2Fwp%2Fv2%2Ftags&post=161991"}],"curies":[{"name":"wp","href":"https:\/\/api.w.org\/{rel}","templated":true}]}}