{"id":161990,"date":"2014-10-01T18:06:28","date_gmt":"2014-10-01T18:06:28","guid":{"rendered":"http:\/\/diariodominicano.ddns.net\/?p=161990"},"modified":"2014-10-01T18:06:28","modified_gmt":"2014-10-01T18:06:28","slug":"politologo-dice-app-aportara-llenar-vacio-existe-en-area-de-formacion-politica-tradicional-del-pais","status":"publish","type":"post","link":"https:\/\/diariodominicano.com\/?p=161990","title":{"rendered":"&#13;&#13;&#13;&#13;Polit\u00f3logo dice APP aportar\u00e1 llenar vac\u00edo existe en \u00e1rea de formaci\u00f3n pol\u00edtica tradicional del pa\u00eds"},"content":{"rendered":"<p><body><\/p>\n<p><img decoding=\"async\" src=\"img3\/politologo1.jpg\" \/><br \/><img decoding=\"async\" src=\"img3\/politologo3.jpg\" \/>  <\/p>\n<\/p>\n<\/p>\n<p><span class=\"text1noticias\">Santo Domingo, RD, 1 de octubre.-El presidente de la Academia para la Profesionalizaci\u00f3n de la Pol\u00edtica (APP), polit\u00f3logo Ricardo P\u00e9rez Fern\u00e1ndez, resalt\u00f3 este mi\u00e9rcoles la importancia de que en el pa\u00eds se haya constituido la primera entidad dedicada a la formaci\u00f3n pr\u00e1ctica para los aspirantes a cargos electivos, lo cual dijo hab\u00eda estado ausente en la formaci\u00f3n pol\u00edtica tradicional de la Rep\u00fablica Dominicana.<\/span><\/p>\n<\/p>\n<p><span class=\"text1noticias\">El polit\u00f3logo y economista hizo el planteamiento en el discurso de apertura del curso \u00abCampa\u00f1as electorales en el siglo XXI: de la improvisaci\u00f3n a la ciencia\u00bb,  que se desarrolla desde hasta este jueves en el Gran Sal\u00f3n del Hotel Occidental El Embajador, de esta capital, por inici\u00e1tica de la APP. <\/span><\/p>\n<\/p>\n<p><span class=\"text1noticias\">La ceremonia de inauguraci\u00f3n fue encabezada por la Vicepresidenta de la Rep\u00fablica, doctora Margarita Cede\u00f1o de Fern\u00e1ndez, as\u00ed como representantes de los diferentes partidos pol\u00edticos del pa\u00eds y miembros de la sociedad civil.<\/span><\/p>\n<\/p>\n<p><span class=\"text1noticias\">Precisamente, el curso est\u00e1 dirigido a funcionarios electos de todos los niveles, lo mismo que a profesionales de la mercadotecnia y publicidad, aspirantes a posiciones electivas, analistas pol\u00edticos de medios de comunicaci\u00f3n, estudiantes de ciencias pol\u00edticas y aficionados a los temas pol\u00edtico-electorales.<\/span><\/p>\n<\/p>\n<p><span class=\"text1noticias\">En su discurso, P\u00e9rez Fern\u00e1ndez afirm\u00f3 que cuando el pol\u00edtico aprende sobre la marcha, sin contar con las herramientas pr\u00e1cticas necesarias para el buen ejercicio de sus funciones, la curva de aprendizaje inherente a toda nueva tarea emprendida se hace m\u00e1s pronunciada y prolongada, lo que significa que se cometen m\u00e1s errores, con el agravante de que las consecuencias de sus desaciertos son pagadas por la generalidad de la poblaci\u00f3n.<\/span><\/p>\n<\/p>\n<p><span class=\"text1noticias\">\u00abY justamente a partir de esta reflexi\u00f3n, nace esta Academia para la Profesionalizaci\u00f3n de la Pol\u00edtica, traz\u00e1ndose la misi\u00f3n institucional de constituirse en un espacio de formaci\u00f3n pol\u00edtica que sea complementario a aquella que imparten los partidos pol\u00edticos y las centros de altos estudios\u00bb, explic\u00f3 P\u00e9rez Fern\u00e1ndez.<\/span><\/p>\n<\/p>\n<p><span class=\"text1noticias\">El polit\u00f3logo y economista indic\u00f3 que la APP ha identificado un gran vac\u00edo en lo que tiene que ver con la formaci\u00f3n pol\u00edtica tradicional, y se ha planteado el desaf\u00edo de contribuir a llenar ese vac\u00edo.<\/span><\/p>\n<\/p>\n<p><span class=\"text1noticias\">\u00abNosotros, desde este espacio (la APP), aspiramos a ser el taller donde los actores pol\u00edticos y todos aquellos interesados en las cuestiones pol\u00edtico-electorales puedan acudir a adquirir las herramientas t\u00e9cnicas y practicas imprescindibles para un buen ejercicio de la pol\u00edtica; desde el \u00e1mbito electoral, hasta el desempe\u00f1o de funciones electivas y publicas en sentido general\u00bb, puntualiz\u00f3.<\/span><\/p>\n<\/p>\n<p><span class=\"text1noticias\">\u00abDe la mano de 30 de los asesores y consultores iberoamericanos m\u00e1s importantes y trascendentes de los \u00faltimos 15 a\u00f1os, aprenderemos c\u00f3mo estructurar y ejecutar una campa\u00f1a electoral, desde el d\u00eda 0 hasta el d\u00eda de las elecciones\u00bb, explic\u00f3 P\u00e9rez Fern\u00e1ndez.<\/span><\/p>\n<\/p>\n<p><span class=\"text1noticias\">Indic\u00f3, a seguidas, que el ciclo iniciado hoy constituye el primero de tres ciclos que componen dicho curso, y en el mismo se abordar\u00e1 a profundidad todo lo concerniente a estructura, investigaci\u00f3n demosc\u00f3pica en la fase inicial de las campa\u00f1as, concepci\u00f3n y dise\u00f1o de la estrategia pol\u00edtica y ejecuci\u00f3n en las campa\u00f1as electorales.<\/span><\/p>\n<\/p>\n<p><span class=\"text1noticias\">Entre los conferencistas del curso figuran Antonio Sol\u00e1, Alfredo D\u00e1valos, Ricardo Paz Ballivian, Lilian Pag\u00e1n, Marcos Maga\u00f1a, Javier S\u00e1nchez Galicia, Jordi Segarra, Gustavo Perdomo, Roberto Trad y Carlos Fara, todos destacados consultores y estrategas pol\u00edticos de Iberoam\u00e9rica.<\/span><\/p>\n<\/p>\n<h6> 2014-10-01 18:06:28 <\/h6>\n<p><!--\n<link rel=\"stylesheet\" href=\"css\/bootstrap.min.css\">\n\n\n<ul class=\"pagination\">\n\t    \n\t\n\n<li >\n\t<a href='?page_no=14439'>Previous<\/a>\n\t<\/li>\n\n\n       \n    \n\n<li><a href='?page_no=1'>1<\/a><\/li>\n\n\n\n<li><a href='?page_no=2'>2<\/a><\/li>\n\n\n\n<li><a>...<\/a><\/li>\n\n\n\n<li><a href='?page_no=14438'>14438<\/a><\/li>\n\n\n\n<li><a href='?page_no=14439'>14439<\/a><\/li>\n\n\n\n<li class='active'><a>14440<\/a><\/li>\n\n\n\n<li><a href='?page_no=14441'>14441<\/a><\/li>\n\n\n\n<li><a href='?page_no=14442'>14442<\/a><\/li>\n\n\n\n<li><a>...<\/a><\/li>\n\n\n\n<li><a href='?page_no=36999'>36999<\/a><\/li>\n\n\n\n<li><a href='?page_no=37000'>37000<\/a><\/li>\n\n    \n\t\n\n<li >\n\t<a href='?page_no=14441'>Next<\/a>\n\t<\/li>\n\n\n    \n\n<li><a href='?page_no=37000'>Last &rsaquo;&rsaquo;<\/a><\/li>\n\n<\/ul>\n\n\n--><br \/>\n<\/body><\/p>\n","protected":false},"excerpt":{"rendered":"<p>Santo Domingo, RD, 1 de octubre.-El presidente de la Academia para la Profesionalizaci\u00f3n de la Pol\u00edtica (APP), polit\u00f3logo Ricardo P\u00e9rez Fern\u00e1ndez, resalt\u00f3 este mi\u00e9rcoles la importancia de que en el pa\u00eds se haya constituido la primera entidad dedicada a la formaci\u00f3n pr\u00e1ctica para los aspirantes a cargos electivos, lo cual dijo hab\u00eda estado ausente en [&hellip;]<\/p>\n","protected":false},"author":3,"featured_media":0,"comment_status":"open","ping_status":"open","sticky":false,"template":"","format":"standard","meta":{"footnotes":""},"categories":[22],"tags":[],"class_list":["post-161990","post","type-post","status-publish","format-standard","hentry","category-politica"],"_links":{"self":[{"href":"https:\/\/diariodominicano.com\/index.php?rest_route=\/wp\/v2\/posts\/161990","targetHints":{"allow":["GET"]}}],"collection":[{"href":"https:\/\/diariodominicano.com\/index.php?rest_route=\/wp\/v2\/posts"}],"about":[{"href":"https:\/\/diariodominicano.com\/index.php?rest_route=\/wp\/v2\/types\/post"}],"author":[{"embeddable":true,"href":"https:\/\/diariodominicano.com\/index.php?rest_route=\/wp\/v2\/users\/3"}],"replies":[{"embeddable":true,"href":"https:\/\/diariodominicano.com\/index.php?rest_route=%2Fwp%2Fv2%2Fcomments&post=161990"}],"version-history":[{"count":0,"href":"https:\/\/diariodominicano.com\/index.php?rest_route=\/wp\/v2\/posts\/161990\/revisions"}],"wp:attachment":[{"href":"https:\/\/diariodominicano.com\/index.php?rest_route=%2Fwp%2Fv2%2Fmedia&parent=161990"}],"wp:term":[{"taxonomy":"category","embeddable":true,"href":"https:\/\/diariodominicano.com\/index.php?rest_route=%2Fwp%2Fv2%2Fcategories&post=161990"},{"taxonomy":"post_tag","embeddable":true,"href":"https:\/\/diariodominicano.com\/index.php?rest_route=%2Fwp%2Fv2%2Ftags&post=161990"}],"curies":[{"name":"wp","href":"https:\/\/api.w.org\/{rel}","templated":true}]}}