{"id":161988,"date":"2014-10-01T18:15:40","date_gmt":"2014-10-01T18:15:40","guid":{"rendered":"http:\/\/diariodominicano.ddns.net\/?p=161988"},"modified":"2014-10-01T18:15:40","modified_gmt":"2014-10-01T18:15:40","slug":"juan-de-los-santos-define-al-pld-como-organizacion-con-objetivos-claros","status":"publish","type":"post","link":"https:\/\/diariodominicano.com\/?p=161988","title":{"rendered":"&#13;&#13;Juan de los Santos define al PLD como organizaci\u00f3n con objetivos claros"},"content":{"rendered":"<p><body><\/p>\n<p><img decoding=\"async\" src=\"img3\/De los santos.jpg\" \/>  <\/p>\n<p><span class=\"text1noticias\"> <\/span><\/p>\n<p><span class=\"text1noticias\"> <\/span><\/p>\n<p><span class=\"text1noticias\">Santo Domingo, RD, 1 de octubre.- Juan de los Santos, miembro del Comit\u00e9 Pol\u00edtico del Partido de la Liberaci\u00f3n Dominicana (PLD),  considera la organizaci\u00f3n  con   objetivos claros  que son continuar en el poder m\u00e1s all\u00e1 del 2016, lo que se refleja en la armon\u00eda imperante entre sus principales dirigentes.<\/span><\/p>\n<p><span class=\"text1noticias\"> <\/span><\/p>\n<p><span class=\"text1noticias\">\u00abHe visto en Danilo Medina y Leonel Fern\u00e1ndez una relaci\u00f3n cordial y armoniosa y no hay obst\u00e1culo para que esta relaci\u00f3n pudiera afectarse\u00bb, subraya el  alcalde  del municipio Santo Domingo Este, Juan de los Santos en declaraciones divulgadas por la Secretar\u00eda de Comunicaciones del PLD.<\/span><\/p>\n<p><span class=\"text1noticias\"> <\/span><\/p>\n<p><span class=\"text1noticias\">El tambi\u00e9n presidente de la Federaci\u00f3n Dominicana de Municipios, FEDOMU, fue entrevistado en el programa de televisi\u00f3n  Hoy Mismo donde emiti\u00f3 su parecer en torno a una potencial reelecci\u00f3n presidencial en las elecciones del 2016, con  el presidente Danilo Medina.<\/span><\/p>\n<p><span class=\"text1noticias\"> <\/span><\/p>\n<p><span class=\"text1noticias\">De los Santos inform\u00f3 que est\u00e1 a favor de cualquier disposici\u00f3n del mandatario altamente valorado por la poblaci\u00f3n por la gesti\u00f3n.<\/span><\/p>\n<p><span class=\"text1noticias\"> <\/span><\/p>\n<p><span class=\"text1noticias\">\u00abEs el candidato que mas garantiza el triunfo pero est\u00e1 delante de una situaci\u00f3n constitucional  que habr\u00eda que resolver\u00bb, sostuvo.<\/span><\/p>\n<p><span class=\"text1noticias\"> <\/span><\/p>\n<p><span class=\"text1noticias\">En ese orden, el alcalde de SDE destac\u00f3 que los  potenciales candidatos en el PLD hacen propuestas basadas en soluciones a la poblaci\u00f3n, gan\u00e1ndose el favor de  la gente lo que a su juicio, es muy positivo.<\/span><\/p>\n<p><span class=\"text1noticias\"> <\/span><\/p>\n<p><span class=\"text1noticias\">En t\u00e9rminos personales De los Santos  no descart\u00f3 en el 2016 aspirar a una nueva posici\u00f3n electiva, supeditando la misma a lo que resuelva a lo interno del Partido.<\/span><\/p>\n<p><span class=\"text1noticias\"> <\/span><\/p>\n<p><span class=\"text1noticias\">Sobre potenciales competidores internos de su partido dijo que siempre hay que la respetar por ser un derecho  del miembro y militante  y agrega que siempre a \u00e9l le ha tocado competir<\/span><\/p>\n<p><span class=\"text1noticias\"> <\/span><\/p>\n<p><span class=\"text1noticias\">Juan de los Santos manifest\u00f3 que como actual alcalde del municipio SDE, sus n\u00fameros son alt\u00edsimos, en caso de no tener otra alternativa electiva vencer\u00eda f\u00e1cilmente a sus rivales de la oposici\u00f3n a quienes ha  derrotado con amplia ventaja en las pasadas contiendas.<\/span><\/p>\n<\/p>\n<h6> 2014-10-01 18:15:40 <\/h6>\n<p><!--\n<link rel=\"stylesheet\" href=\"css\/bootstrap.min.css\">\n\n\n<ul class=\"pagination\">\n\t    \n\t\n\n<li >\n\t<a href='?page_no=14438'>Previous<\/a>\n\t<\/li>\n\n\n       \n    \n\n<li><a href='?page_no=1'>1<\/a><\/li>\n\n\n\n<li><a href='?page_no=2'>2<\/a><\/li>\n\n\n\n<li><a>...<\/a><\/li>\n\n\n\n<li><a href='?page_no=14437'>14437<\/a><\/li>\n\n\n\n<li><a href='?page_no=14438'>14438<\/a><\/li>\n\n\n\n<li class='active'><a>14439<\/a><\/li>\n\n\n\n<li><a href='?page_no=14440'>14440<\/a><\/li>\n\n\n\n<li><a href='?page_no=14441'>14441<\/a><\/li>\n\n\n\n<li><a>...<\/a><\/li>\n\n\n\n<li><a href='?page_no=36999'>36999<\/a><\/li>\n\n\n\n<li><a href='?page_no=37000'>37000<\/a><\/li>\n\n    \n\t\n\n<li >\n\t<a href='?page_no=14440'>Next<\/a>\n\t<\/li>\n\n\n    \n\n<li><a href='?page_no=37000'>Last &rsaquo;&rsaquo;<\/a><\/li>\n\n<\/ul>\n\n\n--><br \/>\n<\/body><\/p>\n","protected":false},"excerpt":{"rendered":"<p>Santo Domingo, RD, 1 de octubre.- Juan de los Santos, miembro del Comit\u00e9 Pol\u00edtico del Partido de la Liberaci\u00f3n Dominicana (PLD), considera la organizaci\u00f3n con objetivos claros que son continuar en el poder m\u00e1s all\u00e1 del 2016, lo que se refleja en la armon\u00eda imperante entre sus principales dirigentes. \u00abHe visto en Danilo Medina y [&hellip;]<\/p>\n","protected":false},"author":3,"featured_media":0,"comment_status":"open","ping_status":"open","sticky":false,"template":"","format":"standard","meta":{"footnotes":""},"categories":[22],"tags":[],"class_list":["post-161988","post","type-post","status-publish","format-standard","hentry","category-politica"],"_links":{"self":[{"href":"https:\/\/diariodominicano.com\/index.php?rest_route=\/wp\/v2\/posts\/161988","targetHints":{"allow":["GET"]}}],"collection":[{"href":"https:\/\/diariodominicano.com\/index.php?rest_route=\/wp\/v2\/posts"}],"about":[{"href":"https:\/\/diariodominicano.com\/index.php?rest_route=\/wp\/v2\/types\/post"}],"author":[{"embeddable":true,"href":"https:\/\/diariodominicano.com\/index.php?rest_route=\/wp\/v2\/users\/3"}],"replies":[{"embeddable":true,"href":"https:\/\/diariodominicano.com\/index.php?rest_route=%2Fwp%2Fv2%2Fcomments&post=161988"}],"version-history":[{"count":0,"href":"https:\/\/diariodominicano.com\/index.php?rest_route=\/wp\/v2\/posts\/161988\/revisions"}],"wp:attachment":[{"href":"https:\/\/diariodominicano.com\/index.php?rest_route=%2Fwp%2Fv2%2Fmedia&parent=161988"}],"wp:term":[{"taxonomy":"category","embeddable":true,"href":"https:\/\/diariodominicano.com\/index.php?rest_route=%2Fwp%2Fv2%2Fcategories&post=161988"},{"taxonomy":"post_tag","embeddable":true,"href":"https:\/\/diariodominicano.com\/index.php?rest_route=%2Fwp%2Fv2%2Ftags&post=161988"}],"curies":[{"name":"wp","href":"https:\/\/api.w.org\/{rel}","templated":true}]}}