{"id":161987,"date":"2014-10-01T18:22:27","date_gmt":"2014-10-01T18:22:27","guid":{"rendered":"http:\/\/diariodominicano.ddns.net\/?p=161987"},"modified":"2014-10-01T18:22:27","modified_gmt":"2014-10-01T18:22:27","slug":"consultora-mitofsky-escoge-por-tercera-vez-a-danilo-medina-como-presidente-mas-popular-de-america-latina","status":"publish","type":"post","link":"https:\/\/diariodominicano.com\/?p=161987","title":{"rendered":"Consultora Mitofsky escoge por tercera vez, a Danilo Medina como Presidente m\u00e1s popular de Am\u00e9rica Latina"},"content":{"rendered":"<p><body><\/p>\n<p><img decoding=\"async\" src=\"img3\/dani 1.jpg\" \/><br \/><img decoding=\"async\" src=\"img3\/manda 2.jpg\" \/>  <\/p>\n<p>Santo Domingo RD 1 octubre.- Por tercera vez consecutiva, el presidente Danilo Medina se mantiene como el jefe de Estado m\u00e1s popular y de mayor aprobaci\u00f3n en Am\u00e9rica Latina, con un 89% seg\u00fan el Ranking de Mandatarios de la Consulta Mitofsky. <\/p>\n<\/p>\n<p>Las dos mediciones anteriores se publicaron en octubre 2013 y abril 2014, en las que el Primer Mandatario dominicano obtuvo el 88% y el 90%, respectivamente. <\/p>\n<\/p>\n<p>Por encima de 18 gobernantes de AL y m\u00e1s de 19 de Europa, Asia y Australia<\/p>\n<\/p>\n<p>Danilo Medina figura con la m\u00e1s alta aprobaci\u00f3n de sus gobernados en la segunda recopilaci\u00f3n de este a\u00f1o del muestreo de la firma, que lo presenta por encima de 18 gobernantes de Am\u00e9rica Latina y 19 m\u00e1s de Europa, Asia y Australia. <\/p>\n<\/p>\n<p>En abril de este a\u00f1o el Primer Mandatario dominicano tambi\u00e9n descollaba como el Presidente m\u00e1s popular y de mayor aprobaci\u00f3n, con un 90%, en la que encabezaba como ahora, la categor\u00eda \u00absobresaliente\u00bb. <\/p>\n<\/p>\n<p>En octubre de 2013, Danilo Medina repunt\u00f3, del mismo modo, como el Presidente mejor valorado y de m\u00e1s alta aprobaci\u00f3n, seg\u00fan el sondeo de la firma de Consulta Mitofsky, en la que destacaba que a un a\u00f1o de ocupar el cargo, se situaba en la primera posici\u00f3n de este ranking. <\/p>\n<\/p>\n<p>En la evaluaci\u00f3n actual, el presidente Danilo Medina figura en la apreciaci\u00f3n y popularidad de sus gobernados, por encima de Juan Carlos Varela, de Panam\u00e1, quien aparece con un 80%; Rafael Correa, de Ecuador, con un 72%; Evo Morales, de Bolivia, con un 72% y Juan Orlando Hern\u00e1ndez, de Honduras, con un 66%, entre otros.<\/p>\n<\/p>\n<h6> 2014-10-01 18:22:27 <\/h6>\n<p><!--\n<link rel=\"stylesheet\" href=\"css\/bootstrap.min.css\">\n\n\n<ul class=\"pagination\">\n\t    \n\t\n\n<li >\n\t<a href='?page_no=14437'>Previous<\/a>\n\t<\/li>\n\n\n       \n    \n\n<li><a href='?page_no=1'>1<\/a><\/li>\n\n\n\n<li><a href='?page_no=2'>2<\/a><\/li>\n\n\n\n<li><a>...<\/a><\/li>\n\n\n\n<li><a href='?page_no=14436'>14436<\/a><\/li>\n\n\n\n<li><a href='?page_no=14437'>14437<\/a><\/li>\n\n\n\n<li class='active'><a>14438<\/a><\/li>\n\n\n\n<li><a href='?page_no=14439'>14439<\/a><\/li>\n\n\n\n<li><a href='?page_no=14440'>14440<\/a><\/li>\n\n\n\n<li><a>...<\/a><\/li>\n\n\n\n<li><a href='?page_no=36999'>36999<\/a><\/li>\n\n\n\n<li><a href='?page_no=37000'>37000<\/a><\/li>\n\n    \n\t\n\n<li >\n\t<a href='?page_no=14439'>Next<\/a>\n\t<\/li>\n\n\n    \n\n<li><a href='?page_no=37000'>Last &rsaquo;&rsaquo;<\/a><\/li>\n\n<\/ul>\n\n\n--><br \/>\n<\/body><\/p>\n","protected":false},"excerpt":{"rendered":"<p>Santo Domingo RD 1 octubre.- Por tercera vez consecutiva, el presidente Danilo Medina se mantiene como el jefe de Estado m\u00e1s popular y de mayor aprobaci\u00f3n en Am\u00e9rica Latina, con un 89% seg\u00fan el Ranking de Mandatarios de la Consulta Mitofsky. Las dos mediciones anteriores se publicaron en octubre 2013 y abril 2014, en las [&hellip;]<\/p>\n","protected":false},"author":3,"featured_media":0,"comment_status":"open","ping_status":"open","sticky":false,"template":"","format":"standard","meta":{"footnotes":""},"categories":[22],"tags":[],"class_list":["post-161987","post","type-post","status-publish","format-standard","hentry","category-politica"],"_links":{"self":[{"href":"https:\/\/diariodominicano.com\/index.php?rest_route=\/wp\/v2\/posts\/161987","targetHints":{"allow":["GET"]}}],"collection":[{"href":"https:\/\/diariodominicano.com\/index.php?rest_route=\/wp\/v2\/posts"}],"about":[{"href":"https:\/\/diariodominicano.com\/index.php?rest_route=\/wp\/v2\/types\/post"}],"author":[{"embeddable":true,"href":"https:\/\/diariodominicano.com\/index.php?rest_route=\/wp\/v2\/users\/3"}],"replies":[{"embeddable":true,"href":"https:\/\/diariodominicano.com\/index.php?rest_route=%2Fwp%2Fv2%2Fcomments&post=161987"}],"version-history":[{"count":0,"href":"https:\/\/diariodominicano.com\/index.php?rest_route=\/wp\/v2\/posts\/161987\/revisions"}],"wp:attachment":[{"href":"https:\/\/diariodominicano.com\/index.php?rest_route=%2Fwp%2Fv2%2Fmedia&parent=161987"}],"wp:term":[{"taxonomy":"category","embeddable":true,"href":"https:\/\/diariodominicano.com\/index.php?rest_route=%2Fwp%2Fv2%2Fcategories&post=161987"},{"taxonomy":"post_tag","embeddable":true,"href":"https:\/\/diariodominicano.com\/index.php?rest_route=%2Fwp%2Fv2%2Ftags&post=161987"}],"curies":[{"name":"wp","href":"https:\/\/api.w.org\/{rel}","templated":true}]}}