{"id":161986,"date":"2014-10-01T18:29:11","date_gmt":"2014-10-01T18:29:11","guid":{"rendered":"http:\/\/diariodominicano.ddns.net\/?p=161986"},"modified":"2014-10-01T18:29:11","modified_gmt":"2014-10-01T18:29:11","slug":"reinaldo-pared-dice-rd-no-puede-resolver-los-problemas-haitianos","status":"publish","type":"post","link":"https:\/\/diariodominicano.com\/?p=161986","title":{"rendered":"&#13;&#13;Reinaldo Pared dice RD no puede resolver  los problemas Haitianos."},"content":{"rendered":"<p><body><\/p>\n<p><img decoding=\"async\" src=\"img3\/reinaldohabla.jpg\" \/><br \/><img decoding=\"async\" src=\"img3\/reinaldojuramenta.jpg\" \/>  <\/p>\n<\/p>\n<p><span class=\"text1noticias\"> <\/span><\/p>\n<\/p>\n<p><span class=\"text1noticias\">El tambi\u00e9n senador del PLD por el Distrito Nacional expres\u00f3 que la Rep\u00fablica Dominicana tiene muchos problemas por resolver para tener que cargar con los de Hait\u00ed. \u00abQue los dominicanos resolvamos los problemas de los dominicanos y la comunidad internacional que ayude a resolver los de Hait\u00ed\u00bb, manifest\u00f3.<\/span><\/p>\n<\/p>\n<p><span class=\"text1noticias\">A su juicio, los gobiernos que ha tenido la Rep\u00fablica Dominicana han sido irresponsables frente al caso haitiano, pero por primera vez se encara con firmeza y se busca una salida institucional a la situaci\u00f3n que se plantea en materia migratoria, por la gran cantidad de inmigrantes indocumentados que viven en el territorio dominicano.<\/span><\/p>\n<\/p>\n<p><span class=\"text1noticias\">\u00abPor primera vez el Gobierno Dominicano est\u00e1 actuando de manera positiva en cuanto al caso haitiano. Por primera vez esto se encara de manera seria y responsable\u00bb, precis\u00f3 el doctor Pared P\u00e9rez, en reconocimiento al trabajo que hace el gobierno del presidente Danilo Medina para buscarle una soluci\u00f3n al problema migratorio, quien tambi\u00e9n ha aprovechado foros internacionales como la \u00faltima reuni\u00f3n de la Organizaci\u00f3n de las Naciones Unidas  (ONU) para plantear a la comunidad internacional ir en auxilio de Hait\u00ed con ayudas t\u00e9cnicas para solucionar el problema de la falta de documentos. <\/span><\/p>\n<\/p>\n<p><span class=\"text1noticias\">\u00abEsto hay que seguirlo transparentando, porque la Rep\u00fablica Dominicana no puede hacerse cargo de Hait\u00ed y sus problemas\u00bb, enfatiz\u00f3 el doctor Pared P\u00e9rez, seg\u00fan un comunicado de prensa difundido este mi\u00e9rcoles por su oficina pol\u00edtica, quien dej\u00f3 claro que el Presupuesto de la Naci\u00f3n Dominicana (RD$613 mil millones) alcanza s\u00f3lo para cubrir las necesidades del pueblo dominicano y no resiste que se le cargue problemas de otro pa\u00eds.<\/span><\/p>\n<\/p>\n<p><span class=\"text1noticias\">En ese sentido, el doctor Pared P\u00e9rez valor\u00f3 la sentencia 168-13 del Tribunal Constitucional y la marcha del cumplimiento del decreto 250-14  que contiene los procedimientos que hacen posible la aplicaci\u00f3n de la ley 169-14,  legislaci\u00f3n que establece un r\u00e9gimen especial para regular el estatus migratorio de las personas nacidas en el territorio nacional e inscritas irregularmente en el Registro Civil y sobre la naturalizaci\u00f3n.<\/span><\/p>\n<\/p>\n<p><span class=\"text1noticias\">La sentencia 168-13 establece, entre otros aspectos, que los hijos de extranjeros en tr\u00e1nsito no son dominicanos,  ordena la revisi\u00f3n del Registro Civil desde 1929, proceso que ha puesto en marcha la Junta Central Electoral (JCE); y recomienda al Poder Ejecutivo realizar un Plan Nacional de Regularizaci\u00f3n de Extranjeros, el cual realiza el Gobierno Central desde hace varios meses con la aplicaci\u00f3n de la ley 169-14, con lo que se espera una soluci\u00f3n al problema de los inmigrantes indocumentados.<\/span><\/p>\n<\/p>\n<p><span class=\"text1noticias\">Salud y educaci\u00f3n<\/span><\/p>\n<\/p>\n<p><span class=\"text1noticias\"> Al referirse al gobierno que ejecuta el presidente Danilo Medina, manifest\u00f3 que en materia de educaci\u00f3n est\u00e1 impulsado programas tan serios y positivos en esa direcci\u00f3n que a \u00e9l (Reinaldo Pared), que le tocar\u00e1 sucederle en el 2014, lo mejor que har\u00e1 es afianzar lo que el actual gobernante realiza en ese sentido. \u00abApartarse de ese estilo de gobernar, sobre todo en educaci\u00f3n, ser\u00eda una inconsecuencia\u00bb, dijo el senador por el Distrito Nacional.<\/span><\/p>\n<\/p>\n<p><span class=\"text1noticias\">El doctor Pared P\u00e9rez sostuvo que los recursos que tiene el pa\u00eds deben ser para seguir afianzando las bases del desarrollo, continuar buscando soluci\u00f3n a los problemas de la educaci\u00f3n, la  salud y la generaci\u00f3n de empleos, temas en los que pondr\u00e1 \u00e9nfasis para que los dominicanos logren mejores condiciones de vida.<\/span><\/p>\n<\/p>\n<p><span class=\"text1noticias\">Refiri\u00e9ndose a los programas y proyectos que impulsar\u00eda un gobierno suyo en materia de salud p\u00fablica, el aspirante presidencial manifest\u00f3 que har\u00e1 \u00e9nfasis en la salud preventiva, ya que, seg\u00fan afirm\u00f3, prevenir es m\u00e1s provechoso que curar.<\/span><\/p>\n<\/p>\n<p><span class=\"text1noticias\">El doctor Pared P\u00e9rez expres\u00f3 que a los ciudadanos enfermos hay que tratar de sanarlos, hay que seguir suministrando medicamentos a la ciudadan\u00eda, pero que resulta m\u00e1s atractivo y  positivo evitar que el ciudadano enferme, lo que solo puede lograrse aplicando una buena pol\u00edtica de prevenci\u00f3n en materia de salud.<\/span><\/p>\n<\/p>\n<h6> 2014-10-01 18:29:11 <\/h6>\n<p><!--\n<link rel=\"stylesheet\" href=\"css\/bootstrap.min.css\">\n\n\n<ul class=\"pagination\">\n\t    \n\t\n\n<li >\n\t<a href='?page_no=14436'>Previous<\/a>\n\t<\/li>\n\n\n       \n    \n\n<li><a href='?page_no=1'>1<\/a><\/li>\n\n\n\n<li><a href='?page_no=2'>2<\/a><\/li>\n\n\n\n<li><a>...<\/a><\/li>\n\n\n\n<li><a href='?page_no=14435'>14435<\/a><\/li>\n\n\n\n<li><a href='?page_no=14436'>14436<\/a><\/li>\n\n\n\n<li class='active'><a>14437<\/a><\/li>\n\n\n\n<li><a href='?page_no=14438'>14438<\/a><\/li>\n\n\n\n<li><a href='?page_no=14439'>14439<\/a><\/li>\n\n\n\n<li><a>...<\/a><\/li>\n\n\n\n<li><a href='?page_no=36999'>36999<\/a><\/li>\n\n\n\n<li><a href='?page_no=37000'>37000<\/a><\/li>\n\n    \n\t\n\n<li >\n\t<a href='?page_no=14438'>Next<\/a>\n\t<\/li>\n\n\n    \n\n<li><a href='?page_no=37000'>Last &rsaquo;&rsaquo;<\/a><\/li>\n\n<\/ul>\n\n\n--><br \/>\n<\/body><\/p>\n","protected":false},"excerpt":{"rendered":"<p>El tambi\u00e9n senador del PLD por el Distrito Nacional expres\u00f3 que la Rep\u00fablica Dominicana tiene muchos problemas por resolver para tener que cargar con los de Hait\u00ed. \u00abQue los dominicanos resolvamos los problemas de los dominicanos y la comunidad internacional que ayude a resolver los de Hait\u00ed\u00bb, manifest\u00f3. A su juicio, los gobiernos que ha [&hellip;]<\/p>\n","protected":false},"author":3,"featured_media":0,"comment_status":"open","ping_status":"open","sticky":false,"template":"","format":"standard","meta":{"footnotes":""},"categories":[22],"tags":[],"class_list":["post-161986","post","type-post","status-publish","format-standard","hentry","category-politica"],"_links":{"self":[{"href":"https:\/\/diariodominicano.com\/index.php?rest_route=\/wp\/v2\/posts\/161986","targetHints":{"allow":["GET"]}}],"collection":[{"href":"https:\/\/diariodominicano.com\/index.php?rest_route=\/wp\/v2\/posts"}],"about":[{"href":"https:\/\/diariodominicano.com\/index.php?rest_route=\/wp\/v2\/types\/post"}],"author":[{"embeddable":true,"href":"https:\/\/diariodominicano.com\/index.php?rest_route=\/wp\/v2\/users\/3"}],"replies":[{"embeddable":true,"href":"https:\/\/diariodominicano.com\/index.php?rest_route=%2Fwp%2Fv2%2Fcomments&post=161986"}],"version-history":[{"count":0,"href":"https:\/\/diariodominicano.com\/index.php?rest_route=\/wp\/v2\/posts\/161986\/revisions"}],"wp:attachment":[{"href":"https:\/\/diariodominicano.com\/index.php?rest_route=%2Fwp%2Fv2%2Fmedia&parent=161986"}],"wp:term":[{"taxonomy":"category","embeddable":true,"href":"https:\/\/diariodominicano.com\/index.php?rest_route=%2Fwp%2Fv2%2Fcategories&post=161986"},{"taxonomy":"post_tag","embeddable":true,"href":"https:\/\/diariodominicano.com\/index.php?rest_route=%2Fwp%2Fv2%2Ftags&post=161986"}],"curies":[{"name":"wp","href":"https:\/\/api.w.org\/{rel}","templated":true}]}}