{"id":161985,"date":"2014-10-01T19:01:19","date_gmt":"2014-10-01T19:01:19","guid":{"rendered":"http:\/\/diariodominicano.ddns.net\/?p=161985"},"modified":"2014-10-01T19:01:19","modified_gmt":"2014-10-01T19:01:19","slug":"senador-rafael-calderon-considera-sopesado-proyecto-de-presupuesto-2015","status":"publish","type":"post","link":"https:\/\/diariodominicano.com\/?p=161985","title":{"rendered":"&#13;Senador  Rafael Calder\u00f3n considera sopesado proyecto de presupuesto 2015"},"content":{"rendered":"<p><body><\/p>\n<p><img decoding=\"async\" src=\"img3\/rafael.jpg\" \/>  <\/p>\n<\/p>\n<\/p>\n<\/p>\n<\/p>\n<p>Santo Domingo, RD, 1 octubre.- El senador Rafael Calder\u00f3n del Partido de la Liberaci\u00f3n Dominicana por Azua  resalt\u00f3 los resultados favorables de las visitas sorpresas que cada semana realiza el Presidente  Danilo Medina,  como lo explic\u00f3 en el foro de la FAO en Roma.<\/p>\n<\/p>\n<p>\u00abEsas   visitas han sido un complemento importante para detectar necesidades puntuales\u00bb, expres\u00f3 el senador pelede\u00edsta por la provincia de Azua, en una rese\u00f1a hoy de la Secretar\u00eda de Comunicaciones del PLD.<\/p>\n<\/p>\n<p>Dijo que Danilo Medina como hombre pragm\u00e1tico enfrenta   los problemas en lugar de huir de ellos lo que se ha convertido en sorpresa incluso para funcionarios del gobierno que no siempre saben el lugar al que arribar\u00e1 el mandatario a llevar soluciones.<\/p>\n<\/p>\n<p>El legislador particip\u00f3 en  el programa  por  La Ma\u00f1ana donde se refiri\u00f3 tambi\u00e9n al desempe\u00f1o econ\u00f3mico en la presente gesti\u00f3n, significando  que el Jefe del Estado  cuenta con un equipo prudente y eficiente en ese manejo.<\/p>\n<\/p>\n<p>\u00abHay que tener ciertos niveles de confianza, pues sin dudas la gente que est\u00e1 ah\u00ed sabe muy bien lo que est\u00e1 haciendo\u00bb, sostuvo Calder\u00f3n, aludiendo  al presupuesto para el a\u00f1o 2015  remitido por el ejecutivo al Congreso, para alguno corto en relaci\u00f3n a las demandas del pa\u00eds.<\/p>\n<\/p>\n<p> \u00abEse presupuesto es el que se puede, no el que se quiere, es el que se puede\u00bb, signific\u00f3 dado a que hay sectores que alegan debe ser superior a los 630 mil millones de pesos ya que este a penas supera en un 4% al ejecutado este a\u00f1o.<\/p>\n<\/p>\n<p>Rafael Calder\u00f3n, senador del PLD, record\u00f3 que con el presupuesto actual se increment\u00f3 el salario  a muchos sectores incluyendo agr\u00f3nomo, maestros y a los m\u00e9dicos.<\/p>\n<h6> 2014-10-01 19:01:19 <\/h6>\n<p><!--\n<link rel=\"stylesheet\" href=\"css\/bootstrap.min.css\">\n\n\n<ul class=\"pagination\">\n\t    \n\t\n\n<li >\n\t<a href='?page_no=14435'>Previous<\/a>\n\t<\/li>\n\n\n       \n    \n\n<li><a href='?page_no=1'>1<\/a><\/li>\n\n\n\n<li><a href='?page_no=2'>2<\/a><\/li>\n\n\n\n<li><a>...<\/a><\/li>\n\n\n\n<li><a href='?page_no=14434'>14434<\/a><\/li>\n\n\n\n<li><a href='?page_no=14435'>14435<\/a><\/li>\n\n\n\n<li class='active'><a>14436<\/a><\/li>\n\n\n\n<li><a href='?page_no=14437'>14437<\/a><\/li>\n\n\n\n<li><a href='?page_no=14438'>14438<\/a><\/li>\n\n\n\n<li><a>...<\/a><\/li>\n\n\n\n<li><a href='?page_no=36999'>36999<\/a><\/li>\n\n\n\n<li><a href='?page_no=37000'>37000<\/a><\/li>\n\n    \n\t\n\n<li >\n\t<a href='?page_no=14437'>Next<\/a>\n\t<\/li>\n\n\n    \n\n<li><a href='?page_no=37000'>Last &rsaquo;&rsaquo;<\/a><\/li>\n\n<\/ul>\n\n\n--><br \/>\n<\/body><\/p>\n","protected":false},"excerpt":{"rendered":"<p>Santo Domingo, RD, 1 octubre.- El senador Rafael Calder\u00f3n del Partido de la Liberaci\u00f3n Dominicana por Azua resalt\u00f3 los resultados favorables de las visitas sorpresas que cada semana realiza el Presidente Danilo Medina, como lo explic\u00f3 en el foro de la FAO en Roma. \u00abEsas visitas han sido un complemento importante para detectar necesidades puntuales\u00bb, [&hellip;]<\/p>\n","protected":false},"author":3,"featured_media":0,"comment_status":"open","ping_status":"open","sticky":false,"template":"","format":"standard","meta":{"footnotes":""},"categories":[22],"tags":[],"class_list":["post-161985","post","type-post","status-publish","format-standard","hentry","category-politica"],"_links":{"self":[{"href":"https:\/\/diariodominicano.com\/index.php?rest_route=\/wp\/v2\/posts\/161985","targetHints":{"allow":["GET"]}}],"collection":[{"href":"https:\/\/diariodominicano.com\/index.php?rest_route=\/wp\/v2\/posts"}],"about":[{"href":"https:\/\/diariodominicano.com\/index.php?rest_route=\/wp\/v2\/types\/post"}],"author":[{"embeddable":true,"href":"https:\/\/diariodominicano.com\/index.php?rest_route=\/wp\/v2\/users\/3"}],"replies":[{"embeddable":true,"href":"https:\/\/diariodominicano.com\/index.php?rest_route=%2Fwp%2Fv2%2Fcomments&post=161985"}],"version-history":[{"count":0,"href":"https:\/\/diariodominicano.com\/index.php?rest_route=\/wp\/v2\/posts\/161985\/revisions"}],"wp:attachment":[{"href":"https:\/\/diariodominicano.com\/index.php?rest_route=%2Fwp%2Fv2%2Fmedia&parent=161985"}],"wp:term":[{"taxonomy":"category","embeddable":true,"href":"https:\/\/diariodominicano.com\/index.php?rest_route=%2Fwp%2Fv2%2Fcategories&post=161985"},{"taxonomy":"post_tag","embeddable":true,"href":"https:\/\/diariodominicano.com\/index.php?rest_route=%2Fwp%2Fv2%2Ftags&post=161985"}],"curies":[{"name":"wp","href":"https:\/\/api.w.org\/{rel}","templated":true}]}}