{"id":161984,"date":"2014-10-01T19:20:55","date_gmt":"2014-10-01T19:20:55","guid":{"rendered":"http:\/\/diariodominicano.ddns.net\/?p=161984"},"modified":"2014-10-01T19:20:55","modified_gmt":"2014-10-01T19:20:55","slug":"panel-%c2%a8una-mirada-al-profesor-juan-bosch%c2%a8","status":"publish","type":"post","link":"https:\/\/diariodominicano.com\/?p=161984","title":{"rendered":"&#13;&#13;Panel \u00a8Una mirada al profesor Juan Bosch\u00a8"},"content":{"rendered":"<p><body><\/p>\n<\/p>\n<\/p>\n<p><span class=\"text1noticias\">La actividad, en la participaron como panelistas cuatro l\u00edderes juveniles: Paola F\u00e9liz, Pedro Hern\u00e1ndez, Osiris N\u00fa\u00f1ez y Farruk Malik, se desarroll\u00f3 en el Auditorio Manuel del Cabral, de la Biblioteca Pedro Mir. <\/span><\/p>\n<\/p>\n<p><span class=\"text1noticias\">Los panelistas abordaron diferentes aspectos de la vida del maestro: su conducta \u00e9tica en su vida personal y en el ejercicio del poder, su condici\u00f3n de escritor que reflej\u00f3 en sus obras la vida social y cultural de su pueblo, el Juan Bosch como organizador pol\u00edtico, su labor de educador pol\u00edtico y c\u00edvico del pueblo dominicano, entre otros aspectos.<\/span><\/p>\n<p><span class=\"text1noticias\"> <\/span><\/p>\n<p><span class=\"text1noticias\">Con esa actividad, la Academia reafirma su misi\u00f3n y compromiso con la formaci\u00f3n social y c\u00edvica de los j\u00f3venes de nuestro pa\u00eds para que aborden los problemas de la naci\u00f3n de una manera cr\u00edtica y reafirmen su vocaci\u00f3n patri\u00f3tica, valores contenidos en los postulados del Movimiento Renovador, que convirtiera a la UASD en una instituci\u00f3n abierta, democr\u00e1tica y popular al servicio de toda la naci\u00f3n.<\/span><\/p>\n<h6> 2014-10-01 19:20:55 <\/h6>\n<p><!--\n<link rel=\"stylesheet\" href=\"css\/bootstrap.min.css\">\n\n\n<ul class=\"pagination\">\n\t    \n\t\n\n<li >\n\t<a href='?page_no=14434'>Previous<\/a>\n\t<\/li>\n\n\n       \n    \n\n<li><a href='?page_no=1'>1<\/a><\/li>\n\n\n\n<li><a href='?page_no=2'>2<\/a><\/li>\n\n\n\n<li><a>...<\/a><\/li>\n\n\n\n<li><a href='?page_no=14433'>14433<\/a><\/li>\n\n\n\n<li><a href='?page_no=14434'>14434<\/a><\/li>\n\n\n\n<li class='active'><a>14435<\/a><\/li>\n\n\n\n<li><a href='?page_no=14436'>14436<\/a><\/li>\n\n\n\n<li><a href='?page_no=14437'>14437<\/a><\/li>\n\n\n\n<li><a>...<\/a><\/li>\n\n\n\n<li><a href='?page_no=36999'>36999<\/a><\/li>\n\n\n\n<li><a href='?page_no=37000'>37000<\/a><\/li>\n\n    \n\t\n\n<li >\n\t<a href='?page_no=14436'>Next<\/a>\n\t<\/li>\n\n\n    \n\n<li><a href='?page_no=37000'>Last &rsaquo;&rsaquo;<\/a><\/li>\n\n<\/ul>\n\n\n--><br \/>\n<\/body><\/p>\n","protected":false},"excerpt":{"rendered":"<p>La actividad, en la participaron como panelistas cuatro l\u00edderes juveniles: Paola F\u00e9liz, Pedro Hern\u00e1ndez, Osiris N\u00fa\u00f1ez y Farruk Malik, se desarroll\u00f3 en el Auditorio Manuel del Cabral, de la Biblioteca Pedro Mir. Los panelistas abordaron diferentes aspectos de la vida del maestro: su conducta \u00e9tica en su vida personal y en el ejercicio del poder, [&hellip;]<\/p>\n","protected":false},"author":3,"featured_media":0,"comment_status":"open","ping_status":"open","sticky":false,"template":"","format":"standard","meta":{"footnotes":""},"categories":[22],"tags":[],"class_list":["post-161984","post","type-post","status-publish","format-standard","hentry","category-politica"],"_links":{"self":[{"href":"https:\/\/diariodominicano.com\/index.php?rest_route=\/wp\/v2\/posts\/161984","targetHints":{"allow":["GET"]}}],"collection":[{"href":"https:\/\/diariodominicano.com\/index.php?rest_route=\/wp\/v2\/posts"}],"about":[{"href":"https:\/\/diariodominicano.com\/index.php?rest_route=\/wp\/v2\/types\/post"}],"author":[{"embeddable":true,"href":"https:\/\/diariodominicano.com\/index.php?rest_route=\/wp\/v2\/users\/3"}],"replies":[{"embeddable":true,"href":"https:\/\/diariodominicano.com\/index.php?rest_route=%2Fwp%2Fv2%2Fcomments&post=161984"}],"version-history":[{"count":0,"href":"https:\/\/diariodominicano.com\/index.php?rest_route=\/wp\/v2\/posts\/161984\/revisions"}],"wp:attachment":[{"href":"https:\/\/diariodominicano.com\/index.php?rest_route=%2Fwp%2Fv2%2Fmedia&parent=161984"}],"wp:term":[{"taxonomy":"category","embeddable":true,"href":"https:\/\/diariodominicano.com\/index.php?rest_route=%2Fwp%2Fv2%2Fcategories&post=161984"},{"taxonomy":"post_tag","embeddable":true,"href":"https:\/\/diariodominicano.com\/index.php?rest_route=%2Fwp%2Fv2%2Ftags&post=161984"}],"curies":[{"name":"wp","href":"https:\/\/api.w.org\/{rel}","templated":true}]}}