{"id":161982,"date":"2014-10-01T21:34:59","date_gmt":"2014-10-01T21:34:59","guid":{"rendered":"http:\/\/diariodominicano.ddns.net\/?p=161982"},"modified":"2014-10-01T21:34:59","modified_gmt":"2014-10-01T21:34:59","slug":"vicepresidente-del-pld-en-sdn-apoya-precandidato-a-alcalde-leandro-gonzalez","status":"publish","type":"post","link":"https:\/\/diariodominicano.com\/?p=161982","title":{"rendered":"Vicepresidente del PLD en SDN  apoya precandidato a alcalde Leandro Gonz\u00e1lez"},"content":{"rendered":"<p><body><\/p>\n<p><img decoding=\"async\" src=\"img3\/leandro.jpg\" \/>  <\/p>\n<p><span class=\"text1noticias\">Santo Domingo, RD, 1 de Octubre.-El vicepresidente del Partido de la Liberaci\u00f3n Dominicana (PLD) y miembro del Comit\u00e9 Central de esa entidad pol\u00edtica en el municipio de Santo Domingo Norte  (SDN),Doctor Luis Santana, anunci\u00f3 este domingo su respaldo al licenciado Leandro Gonz\u00e1lez, precandidato a alcalde por esta demarcaci\u00f3n.<\/span><\/p>\n<\/p>\n<p><span class=\"text1noticias\">El acto de apoyo al aspirante a la Alcald\u00eda por SDN cont\u00f3 con la presencia de m\u00e1s de 400 dirigentes peledeistas, quienes abarrotaron el Para\u00edso Musical, de la comunidad de Villa Mella, donde Santana se comprometi\u00f3 a trabajar con  todo su empe\u00f1o para que Leandro sea el pr\u00f3ximo s\u00edndico de la parte norte de la Provincia Santo Domingo.<\/span><\/p>\n<\/p>\n<p><span class=\"text1noticias\">De su lado, Leandro Gonz\u00e1lez, con el lema \u00abSanto Domingo Norte es tierra de oportunidad\u00bb, dijo que el Doctor Santana, a quien defini\u00f3 como un emblema del PLD y hombre de una trayectoria intachable, contribuir\u00e1 para que su proyecto pol\u00edtico contin\u00fae \u00abviento en popa\u00bb, rumbo al Palacio Municipal a partir del a\u00f1o 2016, lo que seg\u00fan indic\u00f3, brindar\u00e1 la oportunidad de mejores condiciones de vida a la gente de la zona.<\/span><\/p>\n<\/p>\n<p><span class=\"text1noticias\">\u00abEl Dr. Luis Santana, quien fuera  durante m\u00e1s de 20 a\u00f1os el jefe de seguridad del Profesor Juan Bosch, fundador del PLD,  pasar\u00e1 a ser a partir de este momento, un ente de trascendencia y de vital importancia en cada una de las  decisiones que se tomen en  nuestra candidatura, en cada una de las acciones de cara a las pr\u00f3ximas elecciones\u00bb, destac\u00f3 Leandro.<\/span><\/p>\n<\/p>\n<p><span class=\"text1noticias\">En ese sentido, agreg\u00f3 \u00abSer\u00e1 un eje y un pilar de apoyo y asesor\u00eda, debido a la experiencia acumulada  a trav\u00e9s del tiempo  en procesos electorales, ya que fue tres veces coordinador de campa\u00f1a del presidente Danilo Medina en este municipio, adem\u00e1s jefe de campa\u00f1a del \u00fanico alcalde que ha tenido nuestro partido aqu\u00ed, de modo que tiene toda la capacidad para dirigir una campa\u00f1a electoral\u00bb.<\/span><\/p>\n<\/p>\n<p><span class=\"text1noticias\">Explic\u00f3 que para \u00e9l es de sumo orgullo y de gran satisfacci\u00f3n aceptar el apoyo que a partir de la fecha le brindar\u00e1 Santana, y que por su trayectoria  muchos compa\u00f1eros se sumar\u00e1n a su causa, como de hecho ya ha sucedido con importantes figuras del PLD, entre quienes cit\u00f3 a Miguel Florentino, quien recientemente se sum\u00f3 a su equipo de trabajo.<\/span><\/p>\n<\/p>\n<p><span class=\"text1noticias\">Asimismo, sostuvo, \u00abEl que personalidades de mi partido como son Freddy S\u00e1nchez y Augusto Valdez, este \u00faltimo presidente del intermedio Marcos Adon C, al que yo pertenezco, el propio Doctor Santana, que fue el secretario general de Ayuntamiento del PLD, el caso de Florentino, que fue gerente financiero de esa administraci\u00f3n, eso da un mensaje claro de vamos a ser el pr\u00f3ximo alcalde\u00bb, enfatiz\u00f3 Leandro.<\/span><\/p>\n<p><span class=\"text1noticias\">Durante la actividad, fue notorio que a pesar de ser una convocatoria de dirigentes peledeistas, la cantidad de personas que asisti\u00f3 al evento super\u00f3 por mucho las expectativas, ya que el local qued\u00f3 totalmente repleto de gente, tanto dentro como fuera del establecimiento.<\/span><\/p>\n<\/p>\n<p><span class=\"text1noticias\">En el encuentro se observ\u00f3 que con  la integraci\u00f3n de Santana, tambi\u00e9n una gran cantidad de miembros del partido morado se sum\u00f3 a los trabajos del aspirante al gobierno municipal, Leandro Gonz\u00e1lez, con el objetivo de que este sea el candidato oficial y posteriormente el alcalde del \u00abmunicipio que es  tierra de oportunidades\u00bb.<\/span><\/p>\n<\/p>\n<h6> 2014-10-01 21:34:59 <\/h6>\n<p><!--\n<link rel=\"stylesheet\" href=\"css\/bootstrap.min.css\">\n\n\n<ul class=\"pagination\">\n\t    \n\t\n\n<li >\n\t<a href='?page_no=14432'>Previous<\/a>\n\t<\/li>\n\n\n       \n    \n\n<li><a href='?page_no=1'>1<\/a><\/li>\n\n\n\n<li><a href='?page_no=2'>2<\/a><\/li>\n\n\n\n<li><a>...<\/a><\/li>\n\n\n\n<li><a href='?page_no=14431'>14431<\/a><\/li>\n\n\n\n<li><a href='?page_no=14432'>14432<\/a><\/li>\n\n\n\n<li class='active'><a>14433<\/a><\/li>\n\n\n\n<li><a href='?page_no=14434'>14434<\/a><\/li>\n\n\n\n<li><a href='?page_no=14435'>14435<\/a><\/li>\n\n\n\n<li><a>...<\/a><\/li>\n\n\n\n<li><a href='?page_no=36999'>36999<\/a><\/li>\n\n\n\n<li><a href='?page_no=37000'>37000<\/a><\/li>\n\n    \n\t\n\n<li >\n\t<a href='?page_no=14434'>Next<\/a>\n\t<\/li>\n\n\n    \n\n<li><a href='?page_no=37000'>Last &rsaquo;&rsaquo;<\/a><\/li>\n\n<\/ul>\n\n\n--><br \/>\n<\/body><\/p>\n","protected":false},"excerpt":{"rendered":"<p>Santo Domingo, RD, 1 de Octubre.-El vicepresidente del Partido de la Liberaci\u00f3n Dominicana (PLD) y miembro del Comit\u00e9 Central de esa entidad pol\u00edtica en el municipio de Santo Domingo Norte (SDN),Doctor Luis Santana, anunci\u00f3 este domingo su respaldo al licenciado Leandro Gonz\u00e1lez, precandidato a alcalde por esta demarcaci\u00f3n. El acto de apoyo al aspirante a [&hellip;]<\/p>\n","protected":false},"author":3,"featured_media":0,"comment_status":"open","ping_status":"open","sticky":false,"template":"","format":"standard","meta":{"footnotes":""},"categories":[22],"tags":[],"class_list":["post-161982","post","type-post","status-publish","format-standard","hentry","category-politica"],"_links":{"self":[{"href":"https:\/\/diariodominicano.com\/index.php?rest_route=\/wp\/v2\/posts\/161982","targetHints":{"allow":["GET"]}}],"collection":[{"href":"https:\/\/diariodominicano.com\/index.php?rest_route=\/wp\/v2\/posts"}],"about":[{"href":"https:\/\/diariodominicano.com\/index.php?rest_route=\/wp\/v2\/types\/post"}],"author":[{"embeddable":true,"href":"https:\/\/diariodominicano.com\/index.php?rest_route=\/wp\/v2\/users\/3"}],"replies":[{"embeddable":true,"href":"https:\/\/diariodominicano.com\/index.php?rest_route=%2Fwp%2Fv2%2Fcomments&post=161982"}],"version-history":[{"count":0,"href":"https:\/\/diariodominicano.com\/index.php?rest_route=\/wp\/v2\/posts\/161982\/revisions"}],"wp:attachment":[{"href":"https:\/\/diariodominicano.com\/index.php?rest_route=%2Fwp%2Fv2%2Fmedia&parent=161982"}],"wp:term":[{"taxonomy":"category","embeddable":true,"href":"https:\/\/diariodominicano.com\/index.php?rest_route=%2Fwp%2Fv2%2Fcategories&post=161982"},{"taxonomy":"post_tag","embeddable":true,"href":"https:\/\/diariodominicano.com\/index.php?rest_route=%2Fwp%2Fv2%2Ftags&post=161982"}],"curies":[{"name":"wp","href":"https:\/\/api.w.org\/{rel}","templated":true}]}}