{"id":161981,"date":"2014-10-02T03:12:48","date_gmt":"2014-10-02T03:12:48","guid":{"rendered":"http:\/\/diariodominicano.ddns.net\/?p=161981"},"modified":"2014-10-02T03:12:48","modified_gmt":"2014-10-02T03:12:48","slug":"pleno-jce-decide-remitir-comunicacion-a-presidencia-de-la-republica-y-al-congreso-solicitando-aumento-presupuestario","status":"publish","type":"post","link":"https:\/\/diariodominicano.com\/?p=161981","title":{"rendered":"Pleno JCE decide remitir comunicaci\u00f3n a Presidencia de la Rep\u00fablica y al Congreso solicitando aumento presupuestario"},"content":{"rendered":"<p><body><\/p>\n<p><img decoding=\"async\" src=\"img3\/junta.jpg\" \/>  <\/p>\n<p><span class=\"text1noticias\">Santo Domingo, R. D., 2 de octubre.- En su primera reuni\u00f3n de este mes, el Pleno de la Junta Central Electoral, (JCE) decidi\u00f3 a unanimidad remitir una comunicaci\u00f3n a la Presidencia de la Rep\u00fablica  y al Congreso Nacional  con el \u00fanico  prop\u00f3sito de recordar a estos poderes p\u00fablicos que en el a\u00f1o 2016 hay elecciones y que los preparativos estos comicios deben iniciarse con suficiente tiempo de antelaci\u00f3n.<\/span><\/p>\n<p><span class=\"text1noticias\"> <\/span><\/p>\n<p><span class=\"text1noticias\">Asimismo, recordaron que se trata de un proceso complejo y en el presupuesto no fue consignada una partida para los fines de comenzar las acciones organizativas de las pr\u00f3ximas elecciones<\/span><\/p>\n<p><span class=\"text1noticias\"> <\/span><\/p>\n<p><span class=\"text1noticias\">En ese sentido, los miembros del Pleno manifestaron su preocupaci\u00f3n por el hecho de que, las personas que redactaron el proyecto de presupuesto del 2015 se hayan olvidado de que se trata de un a\u00f1o preelectoral como est\u00e1 definido por ley.<\/span><\/p>\n<p><span class=\"text1noticias\"> <\/span><\/p>\n<p><span class=\"text1noticias\">Advierten, que de no asign\u00e1rseles los recursos correspondientes, la JCE no podr\u00eda ejecutar ninguna acci\u00f3n tendente a realizar este proceso democr\u00e1tico, que son las elecciones generales de la naci\u00f3n.<\/span><\/p>\n<p><span class=\"text1noticias\"> <\/span><\/p>\n<p><span class=\"text1noticias\">Se\u00f1ala la resoluci\u00f3n de la sesi\u00f3n ordinaria, que tampoco fue incluida ninguna partida para contribuir con los gastos relativos a la auditor\u00eda dispuesta por la sentencia168-13 y de la ley 169-14, entre otras partidas  de no menor importancia.<\/span><\/p>\n<p><span class=\"text1noticias\"> <\/span><\/p>\n<p><span class=\"text1noticias\">Estas decisiones y observaciones fueron adoptadas tras conocer el informe de la Direcci\u00f3n Financiera de la instituci\u00f3n sobre el proyecto de presupuesto consignado para la JCE en el  a\u00f1o 2015 consistente en 3,150 millones , 895 mil pesos,  como fondo general de la instituci\u00f3n,  que es el mismo que fue aprobado en los \u00faltimos dos periodos presupuestarios. Mas la suma consignada a los partidos pol\u00edticos de 805 millones 43 mil 460 pesos.<\/span><\/p>\n<p><span class=\"text1noticias\"> <\/span><\/p>\n<p><span class=\"text1noticias\">Indica  el pleno que los gastos fijos administrativos correspondientes a los servicios fundamentales, la JCE  tendr\u00eda un gasto equivalente  a Un mil  511 millones 319 mil  997 pesos, m\u00e1s los gastos de personal y nominas que asciende a m\u00e1s de 2 mil  400 millones al a\u00f1o,  sin incluir la adquisici\u00f3n de materiales y equipos,  compromisos con  proveedores y los gastos operativos para el funcionamiento de labores cotidianas de la instituci\u00f3n.<\/span><\/p>\n<p><span class=\"text1noticias\"> <\/span><\/p>\n<p><span class=\"text1noticias\">Tambi\u00e9n, el pleno dispuso la creaci\u00f3n de 123 colegios electorales en los municipios de los Bajos de Haina, Distrito Nacional, Los Alcarrizos, Nagua, Pueblo Viejo, Quisqueya, Sabana Yegua, San Jos\u00e9 de Ocoa, Santo Domingo Este, Villa Hermosa, de la Romana y Villa Jaragua.<\/span><\/p>\n<p><span class=\"text1noticias\"> <\/span><\/p>\n<p><span class=\"text1noticias\">Otros de los puntos abordados en esa sesi\u00f3n fue fueron las solicitudes de reconocimientos de los partidos Alianza Pa\u00eds, Movimiento Primero la Genta, Movimiento Rebelde, Partido Verde de la Unidad Democr\u00e1tica, Partido  Salvaci\u00f3n Nacional, Partido Socialista Cristiano, Partido de la Esperanza Nacional y los Movimientos de Conciliaci\u00f3n Nacional  y Acci\u00f3n Pol\u00edtica Comunitaria.<\/span><\/p>\n<p><span class=\"text1noticias\"> <\/span><\/p>\n<p><span class=\"text1noticias\">Se inform\u00f3  que se est\u00e1 preparando para fin de a\u00f1o un acto de reconocimiento a personalidades  distinguidas del pa\u00eds que han hecho  aportes al fortalecimiento de la democracia  y que el mismo se inscribe en el inicio del periodo preelectoral,  que incluye la captaci\u00f3n de los miembros de colegios electorales y su capacitaci\u00f3n.<\/span><\/p>\n<p><span class=\"text1noticias\"> <\/span><\/p>\n<p><span class=\"text1noticias\">De igual manera se informo que una comisi\u00f3n designada para tal fin  prepar\u00f3  el plan de compras de la  JCE  para el pr\u00f3ximo  a\u00f1o que sirvi\u00f3 de base para la preparaci\u00f3n del presupuesto de la JCE para el a\u00f1o 2015.<\/span><\/p>\n<p><span class=\"text1noticias\"> <\/span><\/p>\n<p><span class=\"text1noticias\">Se aprob\u00f3  asimismo  una resoluci\u00f3n mediante la cual se establece  el nuevo procedimiento para que los oficiales civiles pronuncien los divorcios en aquellos casos en que habiendo  dejado vencer el plazo  que otorga la ley  y este no se ejecuto  y a tal efecto se le permitir\u00e1  a los beneficiarios de la sentencia del divorcio el reinicio del proceso haciendo una nueva notificaci\u00f3n y el correspondiente pronunciamiento una vez vencido el nuevo plaz<\/span>o otorgado.<\/p>\n<h6> 2014-10-02 03:12:48 <\/h6>\n<p><!--\n<link rel=\"stylesheet\" href=\"css\/bootstrap.min.css\">\n\n\n<ul class=\"pagination\">\n\t    \n\t\n\n<li >\n\t<a href='?page_no=14431'>Previous<\/a>\n\t<\/li>\n\n\n       \n    \n\n<li><a href='?page_no=1'>1<\/a><\/li>\n\n\n\n<li><a href='?page_no=2'>2<\/a><\/li>\n\n\n\n<li><a>...<\/a><\/li>\n\n\n\n<li><a href='?page_no=14430'>14430<\/a><\/li>\n\n\n\n<li><a href='?page_no=14431'>14431<\/a><\/li>\n\n\n\n<li class='active'><a>14432<\/a><\/li>\n\n\n\n<li><a href='?page_no=14433'>14433<\/a><\/li>\n\n\n\n<li><a href='?page_no=14434'>14434<\/a><\/li>\n\n\n\n<li><a>...<\/a><\/li>\n\n\n\n<li><a href='?page_no=36999'>36999<\/a><\/li>\n\n\n\n<li><a href='?page_no=37000'>37000<\/a><\/li>\n\n    \n\t\n\n<li >\n\t<a href='?page_no=14433'>Next<\/a>\n\t<\/li>\n\n\n    \n\n<li><a href='?page_no=37000'>Last &rsaquo;&rsaquo;<\/a><\/li>\n\n<\/ul>\n\n\n--><br \/>\n<\/body><\/p>\n","protected":false},"excerpt":{"rendered":"<p>Santo Domingo, R. D., 2 de octubre.- En su primera reuni\u00f3n de este mes, el Pleno de la Junta Central Electoral, (JCE) decidi\u00f3 a unanimidad remitir una comunicaci\u00f3n a la Presidencia de la Rep\u00fablica y al Congreso Nacional con el \u00fanico prop\u00f3sito de recordar a estos poderes p\u00fablicos que en el a\u00f1o 2016 hay elecciones [&hellip;]<\/p>\n","protected":false},"author":3,"featured_media":0,"comment_status":"open","ping_status":"open","sticky":false,"template":"","format":"standard","meta":{"footnotes":""},"categories":[22],"tags":[],"class_list":["post-161981","post","type-post","status-publish","format-standard","hentry","category-politica"],"_links":{"self":[{"href":"https:\/\/diariodominicano.com\/index.php?rest_route=\/wp\/v2\/posts\/161981","targetHints":{"allow":["GET"]}}],"collection":[{"href":"https:\/\/diariodominicano.com\/index.php?rest_route=\/wp\/v2\/posts"}],"about":[{"href":"https:\/\/diariodominicano.com\/index.php?rest_route=\/wp\/v2\/types\/post"}],"author":[{"embeddable":true,"href":"https:\/\/diariodominicano.com\/index.php?rest_route=\/wp\/v2\/users\/3"}],"replies":[{"embeddable":true,"href":"https:\/\/diariodominicano.com\/index.php?rest_route=%2Fwp%2Fv2%2Fcomments&post=161981"}],"version-history":[{"count":0,"href":"https:\/\/diariodominicano.com\/index.php?rest_route=\/wp\/v2\/posts\/161981\/revisions"}],"wp:attachment":[{"href":"https:\/\/diariodominicano.com\/index.php?rest_route=%2Fwp%2Fv2%2Fmedia&parent=161981"}],"wp:term":[{"taxonomy":"category","embeddable":true,"href":"https:\/\/diariodominicano.com\/index.php?rest_route=%2Fwp%2Fv2%2Fcategories&post=161981"},{"taxonomy":"post_tag","embeddable":true,"href":"https:\/\/diariodominicano.com\/index.php?rest_route=%2Fwp%2Fv2%2Ftags&post=161981"}],"curies":[{"name":"wp","href":"https:\/\/api.w.org\/{rel}","templated":true}]}}