{"id":161979,"date":"2014-10-02T14:11:20","date_gmt":"2014-10-02T14:11:20","guid":{"rendered":"http:\/\/diariodominicano.ddns.net\/?p=161979"},"modified":"2014-10-02T14:11:20","modified_gmt":"2014-10-02T14:11:20","slug":"ito-bisono-pide-mas-proteccion-a-envejecientes","status":"publish","type":"post","link":"https:\/\/diariodominicano.com\/?p=161979","title":{"rendered":"Ito Bison\u00f3 pide m\u00e1s protecci\u00f3n a envejecientes"},"content":{"rendered":"<p><body><\/p>\n<p><img decoding=\"async\" src=\"img3\/ito 2.jpg\" \/>  <\/p>\n<p>Santo Domingo.- En ocasi\u00f3n de celebrarse el D\u00eda Internacional del Envejeciente, el aspirante a la nominaci\u00f3n presidencial por el Partido Reformista Social Cristiano (PRSC), Ito Bison\u00f3, clam\u00f3 porque existan pol\u00edticas p\u00fablicas claras y efectivas para darle a los envejecientes una vida digna.<\/p>\n<\/p>\n<p>El pasado viernes, Bison\u00f3 fue el encargado de recibir a un grupo de personas de la Red Dominicana Vejez Digna en el Congreso Nacional, en el marco de las visitas guiadas que se hacen en la sede del poder Legislativo, hecho que sirvi\u00f3 para conocer de cerca las necesidades actuales de personas de avanzada edad, en especial las pensiones \u00abque muchas veces no alcanzan para nada\u00bb, dijo.<\/p>\n<\/p>\n<p>El legislador reformista destac\u00f3 que \u00abtodos vamos rumbo a la tercera edad\u00bb y el trato que se les de y las condiciones de vida que el Estado provea, ser\u00e1n determinantes para que ning\u00fan dominicano \u00abpase trabajo\u00bb, mucho menos las personas que entregaron su vida a contribuir con el desarrollo de Rep\u00fablica Dominicana, sostuvo.<\/p>\n<\/p>\n<p>Calific\u00f3 como \u00abgrave\u00bb que seg\u00fan una encuesta del Fondo de Poblaci\u00f3n de las Naciones Unidas en el pa\u00eds (UNFPA) y el Consejo Nacional de la Persona Envejeciente (Conape) de 2013, el 91% de los envejecientes ha sido v\u00edctima de violencia emocional y un 32% de violencia f\u00edsica, muchas veces de hijos, parejas y nietos.<\/p>\n<\/p>\n<p>\u00abDebemos preguntarnos qu\u00e9 pa\u00eds estamos construyendo, qu\u00e9 ocurre en el hogar de la familia dominicana si ese es el trato a personas de avanzada edad\u00bb, dijo. Agreg\u00f3 que la Rep\u00fablica Dominicana que sue\u00f1an \u00abes la del cari\u00f1o y respeto, la de una vida digna, servicios b\u00e1sicos garantizados como m\u00ednimo retorno a d\u00e9cadas de trabajo y entrega al bienestar de los suyos y de la naci\u00f3n\u00bb, reflexion\u00f3.<\/p>\n<\/p>\n<p>Finalmente, Bison\u00f3 le envi\u00f3 un mensaje de admiraci\u00f3n a los envejecientes. \u00abUstedes tienen una experiencia de vida \u00fanica, en lugar de dejarlos en el olvido y a la merced del maltrato, nosotros vamos a luchar por ustedes, merecen algo mejor, porque son seres humanos de inmensa dignidad, para no sentirse nunca m\u00e1s un problema, pues como dicen por ah\u00ed, \u00abLos \u00e1rboles m\u00e1s viejos dan los frutos m\u00e1s dulces\u00bb.<\/p>\n<h6> 2014-10-02 14:11:20 <\/h6>\n<p><!--\n<link rel=\"stylesheet\" href=\"css\/bootstrap.min.css\">\n\n\n<ul class=\"pagination\">\n\t    \n\t\n\n<li >\n\t<a href='?page_no=14429'>Previous<\/a>\n\t<\/li>\n\n\n       \n    \n\n<li><a href='?page_no=1'>1<\/a><\/li>\n\n\n\n<li><a href='?page_no=2'>2<\/a><\/li>\n\n\n\n<li><a>...<\/a><\/li>\n\n\n\n<li><a href='?page_no=14428'>14428<\/a><\/li>\n\n\n\n<li><a href='?page_no=14429'>14429<\/a><\/li>\n\n\n\n<li class='active'><a>14430<\/a><\/li>\n\n\n\n<li><a href='?page_no=14431'>14431<\/a><\/li>\n\n\n\n<li><a href='?page_no=14432'>14432<\/a><\/li>\n\n\n\n<li><a>...<\/a><\/li>\n\n\n\n<li><a href='?page_no=36999'>36999<\/a><\/li>\n\n\n\n<li><a href='?page_no=37000'>37000<\/a><\/li>\n\n    \n\t\n\n<li >\n\t<a href='?page_no=14431'>Next<\/a>\n\t<\/li>\n\n\n    \n\n<li><a href='?page_no=37000'>Last &rsaquo;&rsaquo;<\/a><\/li>\n\n<\/ul>\n\n\n--><br \/>\n<\/body><\/p>\n","protected":false},"excerpt":{"rendered":"<p>Santo Domingo.- En ocasi\u00f3n de celebrarse el D\u00eda Internacional del Envejeciente, el aspirante a la nominaci\u00f3n presidencial por el Partido Reformista Social Cristiano (PRSC), Ito Bison\u00f3, clam\u00f3 porque existan pol\u00edticas p\u00fablicas claras y efectivas para darle a los envejecientes una vida digna. El pasado viernes, Bison\u00f3 fue el encargado de recibir a un grupo de [&hellip;]<\/p>\n","protected":false},"author":3,"featured_media":0,"comment_status":"open","ping_status":"open","sticky":false,"template":"","format":"standard","meta":{"footnotes":""},"categories":[22],"tags":[],"class_list":["post-161979","post","type-post","status-publish","format-standard","hentry","category-politica"],"_links":{"self":[{"href":"https:\/\/diariodominicano.com\/index.php?rest_route=\/wp\/v2\/posts\/161979","targetHints":{"allow":["GET"]}}],"collection":[{"href":"https:\/\/diariodominicano.com\/index.php?rest_route=\/wp\/v2\/posts"}],"about":[{"href":"https:\/\/diariodominicano.com\/index.php?rest_route=\/wp\/v2\/types\/post"}],"author":[{"embeddable":true,"href":"https:\/\/diariodominicano.com\/index.php?rest_route=\/wp\/v2\/users\/3"}],"replies":[{"embeddable":true,"href":"https:\/\/diariodominicano.com\/index.php?rest_route=%2Fwp%2Fv2%2Fcomments&post=161979"}],"version-history":[{"count":0,"href":"https:\/\/diariodominicano.com\/index.php?rest_route=\/wp\/v2\/posts\/161979\/revisions"}],"wp:attachment":[{"href":"https:\/\/diariodominicano.com\/index.php?rest_route=%2Fwp%2Fv2%2Fmedia&parent=161979"}],"wp:term":[{"taxonomy":"category","embeddable":true,"href":"https:\/\/diariodominicano.com\/index.php?rest_route=%2Fwp%2Fv2%2Fcategories&post=161979"},{"taxonomy":"post_tag","embeddable":true,"href":"https:\/\/diariodominicano.com\/index.php?rest_route=%2Fwp%2Fv2%2Ftags&post=161979"}],"curies":[{"name":"wp","href":"https:\/\/api.w.org\/{rel}","templated":true}]}}