{"id":161977,"date":"2014-10-02T17:42:23","date_gmt":"2014-10-02T17:42:23","guid":{"rendered":"http:\/\/diariodominicano.ddns.net\/?p=161977"},"modified":"2014-10-02T17:42:23","modified_gmt":"2014-10-02T17:42:23","slug":"andy-mieses-realizara-actividades-en-ny-y-nj-por-alcaldia-sde","status":"publish","type":"post","link":"https:\/\/diariodominicano.com\/?p=161977","title":{"rendered":"&#13;Andy  Mieses  realizar\u00e1  actividades  en  NY y NJ   por  Alcald\u00eda SDE"},"content":{"rendered":"<p><body><\/p>\n<p><img decoding=\"async\" src=\"img3\/andymieses.jpg\" \/>  <\/p>\n<\/p>\n<p><span class=\"text1noticias\">Santo Domingo, RD,  2 de octubre.- El  aspirante alcalde  de la Alianza por la Democracia por el Municipio Santo Domingo Este, Andy Mieses, agotar\u00e1   una agenda de actividades  pol\u00edticas y sociales  en  los enclaves  poblacionales de dominicanos y dominicanas  en  los estados  de Nueva York y New Jersey de los Estados Unidos.<\/span><\/p>\n<\/p>\n<p><span class=\"text1noticias\">Mieses, quien sali\u00f3 este jueves  con destino a territorio norteamericano,  sostendr\u00e1  un encuentro con  los dirigentes de la seccional  de la APD  en la urbe newyorkina,  el viernes  3  de octubre, a las 7:00 p.m., en su local  de  Broadway  av. con  152 street;  el  s\u00e1bado  4 sostendr\u00e1 encuentros con activistas comunitarios , el domingo 5,  entrevista en  el programa La Voz de los Taxistas, por la emisora MAS 104.7 fm  de New York,  a las 12 de la noche.<\/span><\/p>\n<\/p>\n<p><span class=\"text1noticias\">El lunes 6,  el aspirante a la alcald\u00eda de la zona oriental de Santo Domingo,   sostendr\u00e1 encuentro con  miembros de la comunidad dominicana de Manhattan, en  la avenida Juan Pablo Duarte con  188 street.<\/span><\/p>\n<\/p>\n<p><span class=\"text1noticias\">En tanto, el martes 7  y mi\u00e9rcoles  8 de  octubre, Mieses  expondr\u00e1 su programa de gesti\u00f3n municipal  a trav\u00e9s de Radio Bronx, en el condado del mismo nombre, en horas de la tarde,   en el, de la ciudad de Nueva York.<\/span><\/p>\n<\/p>\n<p><span class=\"text1noticias\">El jueves 9,   a las seis de la tarde, el dirigente de la  APD  disertar\u00e1 para la comunidad dominicana del Bronx,  sobre su programa  de gobierno municipal para la zona   calle 152,  y   el viernes 10 sostendr\u00e1 un encuentro con  activistas  sociales  del condado de Queen, a las siete de la noche,  mientras que el s\u00e1bado 11 , encabezar\u00e1 un encuentro-cena en   2152 CrugerAv, No. 3D, Bronx, NY, 10462.<\/span><\/p>\n<\/p>\n<p><span class=\"text1noticias\">El aspirante a la alcald\u00eda de la parte  oriental de la capital dominicana, parte  el domingo  al estado de New Jersey, donde har\u00e1 un recorrido  por  la zona de los establecimientos comerciales de dominicanos  del condado de Patterson,  a partir de las 10:00  de la ma\u00f1ana,   y  a las 2:00  p.m., estar\u00e1 encabezando  un encuentro con residentes de la Rep\u00fablica Dominicana en el estado jard\u00edn.<\/span><\/p>\n<\/p>\n<\/p>\n<h6> 2014-10-02 17:42:23 <\/h6>\n<p><!--\n<link rel=\"stylesheet\" href=\"css\/bootstrap.min.css\">\n\n\n<ul class=\"pagination\">\n\t    \n\t\n\n<li >\n\t<a href='?page_no=14428'>Previous<\/a>\n\t<\/li>\n\n\n       \n    \n\n<li><a href='?page_no=1'>1<\/a><\/li>\n\n\n\n<li><a href='?page_no=2'>2<\/a><\/li>\n\n\n\n<li><a>...<\/a><\/li>\n\n\n\n<li><a href='?page_no=14427'>14427<\/a><\/li>\n\n\n\n<li><a href='?page_no=14428'>14428<\/a><\/li>\n\n\n\n<li class='active'><a>14429<\/a><\/li>\n\n\n\n<li><a href='?page_no=14430'>14430<\/a><\/li>\n\n\n\n<li><a href='?page_no=14431'>14431<\/a><\/li>\n\n\n\n<li><a>...<\/a><\/li>\n\n\n\n<li><a href='?page_no=36999'>36999<\/a><\/li>\n\n\n\n<li><a href='?page_no=37000'>37000<\/a><\/li>\n\n    \n\t\n\n<li >\n\t<a href='?page_no=14430'>Next<\/a>\n\t<\/li>\n\n\n    \n\n<li><a href='?page_no=37000'>Last &rsaquo;&rsaquo;<\/a><\/li>\n\n<\/ul>\n\n\n--><br \/>\n<\/body><\/p>\n","protected":false},"excerpt":{"rendered":"<p>Santo Domingo, RD, 2 de octubre.- El aspirante alcalde de la Alianza por la Democracia por el Municipio Santo Domingo Este, Andy Mieses, agotar\u00e1 una agenda de actividades pol\u00edticas y sociales en los enclaves poblacionales de dominicanos y dominicanas en los estados de Nueva York y New Jersey de los Estados Unidos. Mieses, quien sali\u00f3 [&hellip;]<\/p>\n","protected":false},"author":3,"featured_media":0,"comment_status":"open","ping_status":"open","sticky":false,"template":"","format":"standard","meta":{"footnotes":""},"categories":[22],"tags":[],"class_list":["post-161977","post","type-post","status-publish","format-standard","hentry","category-politica"],"_links":{"self":[{"href":"https:\/\/diariodominicano.com\/index.php?rest_route=\/wp\/v2\/posts\/161977","targetHints":{"allow":["GET"]}}],"collection":[{"href":"https:\/\/diariodominicano.com\/index.php?rest_route=\/wp\/v2\/posts"}],"about":[{"href":"https:\/\/diariodominicano.com\/index.php?rest_route=\/wp\/v2\/types\/post"}],"author":[{"embeddable":true,"href":"https:\/\/diariodominicano.com\/index.php?rest_route=\/wp\/v2\/users\/3"}],"replies":[{"embeddable":true,"href":"https:\/\/diariodominicano.com\/index.php?rest_route=%2Fwp%2Fv2%2Fcomments&post=161977"}],"version-history":[{"count":0,"href":"https:\/\/diariodominicano.com\/index.php?rest_route=\/wp\/v2\/posts\/161977\/revisions"}],"wp:attachment":[{"href":"https:\/\/diariodominicano.com\/index.php?rest_route=%2Fwp%2Fv2%2Fmedia&parent=161977"}],"wp:term":[{"taxonomy":"category","embeddable":true,"href":"https:\/\/diariodominicano.com\/index.php?rest_route=%2Fwp%2Fv2%2Fcategories&post=161977"},{"taxonomy":"post_tag","embeddable":true,"href":"https:\/\/diariodominicano.com\/index.php?rest_route=%2Fwp%2Fv2%2Ftags&post=161977"}],"curies":[{"name":"wp","href":"https:\/\/api.w.org\/{rel}","templated":true}]}}