{"id":161976,"date":"2014-10-02T18:16:22","date_gmt":"2014-10-02T18:16:22","guid":{"rendered":"http:\/\/diariodominicano.ddns.net\/?p=161976"},"modified":"2014-10-02T18:16:22","modified_gmt":"2014-10-02T18:16:22","slug":"periodista-inicia-carrera-en-busca-de-alcaldia-de-hato-mayor","status":"publish","type":"post","link":"https:\/\/diariodominicano.com\/?p=161976","title":{"rendered":"&#13;Periodista inicia carrera en busca de alcald\u00eda de Hato Mayor"},"content":{"rendered":"<p><body><\/p>\n<p><img decoding=\"async\" src=\"img3\/ODALIS.JPG\" \/>  <\/p>\n<\/p>\n<p><span class=\"text1noticias\">Hato Mayor del Rey, RD, 2 de octubre.- El periodista Odalis Vega que ha comenzado su carrera en la b\u00fasqueda de la sindicatura de su natal Hato  Mayor, anunci\u00f3 que ha ca\u00eddo muy bien en la comunidad.<\/span><\/p>\n<\/p>\n<p><span class=\"text1noticias\">Vega, juramentado recientemente por el Presidente del Partido Reformista Social Cristiano (PRSC) ingeniero Quique Ant\u00fan, es miembro de una familia de tradici\u00f3n en la comunicaci\u00f3n y ha comenzado a realizar actividades propias de cualquier pol\u00edtico amparado en su organizaci\u00f3n pol\u00edtica.<\/span><\/p>\n<\/p>\n<p><span class=\"text1noticias\">Bajo la consigna #Hato Mayor merece una nueva cara, el comunicador informo que pretende llegar a la Alcald\u00eda para mantener el municipio limpio, construir una funeraria ambulante, construcci\u00f3n de un nuevo cementerio, una cl\u00ednica para madres adolescentes, bacheos de calles, aceras y contenes, alumbrados de parques con energ\u00eda solar, alumbrados p\u00fablicos, mantenimiento y construcciones de canchas deportivas, parques, isletas y \u00e1reas verdes, limpieza de imbornales, peatones, boticas populares, y aplicar un programa de profesionalizaci\u00f3n de la Polic\u00eda Municipal.<\/span><\/p>\n<\/p>\n<p><span class=\"text1noticias\">Dijo que est\u00e1 a la espera  que  la  c\u00fapula de esa  entidad  pol\u00edtica  decida  colocarlo  en la boleta para  el  2016 , y aprovechar  su popularidad  en los medios  de  comunicaci\u00f3n   ya que  por  largos  a\u00f1os   ha desempe\u00f1ado  funciones  en  prensa, radio y televisi\u00f3n en su  demarcaci\u00f3n y en otros  lugares.<\/span><\/p>\n<\/p>\n<p><span class=\"text1noticias\">Acerca de Odalis Vega. Comunicador, pol\u00edtico, articulista y escritor. Nacido un diez de agosto de 1987. Vega creci\u00f3 con acentuada sensibilidad social y formado en un ambiente familiar humilde.<\/span><\/p>\n<\/p>\n<p><span class=\"text1noticias\">El periodista realiz\u00f3 sus estudios secundarios en el Colegio Don Bosco de Santo Domingo, certificado en Estudios Avanzados de C\u00e1lculo Diferencial e Integral, donde fue reconocido como dirigente estudiantil.<\/span><\/p>\n<\/p>\n<p><span class=\"text1noticias\">En el 2006, ingres\u00f3 a la Universidad APEC donde se matricula en la carrera de Derecho. Durante varios a\u00f1os desempe\u00f1\u00f3 el cargo de Alguacil de la C\u00e1mara Penal de la Corte de Apelaci\u00f3n de Santo Domingo.<\/span><\/p>\n<\/p>\n<p><span class=\"text1noticias\">Actualmente tiene responsabilidades para varios medios de prensa, tanto electr\u00f3nicos como impresos. Es miembro del Sindicato Nacional de Trabajadores del la Prensa (SNTP). Miembro actual del Tribunal Disciplinario.<\/span><\/p>\n<\/p>\n<p><span class=\"text1noticias\">Se ha desempe\u00f1ado como reportero para varios noticieros, entre ellos, Telenoticias Canal 11 y Noticias SIN. Diplomado en Defensa y Desarrollo Nacional, egresado en el a\u00f1o 2011 de la Universidad Militar Fu Hsing Kang, en Taipei, Rep\u00fablica China de Taiw\u00e1n.<\/span><\/p>\n<\/p>\n<p><span class=\"text1noticias\">Condecorado por el Bur\u00f3 de Guerra Pol\u00edtica del Ministerio de Defensa Nacional de ese pa\u00eds asi\u00e1tico. Diplomado en Gerencia y Formaci\u00f3n Pol\u00edtica y Diplomado en Comunicaci\u00f3n Pol\u00edtica y Periodismo Publico de la Universidad Iberoamericana (UNIBE) y El Instituto Tecnol\u00f3gico de Santo Domingo (INTEC).<\/span><\/p>\n<\/p>\n<p><span class=\"text1noticias\">Finalista en la primera Competencia de Anteproyectos de Ley de la C\u00e1mara de Diputados. Reconocimiento especial en Premio Nacional de la Juventud 2011 en el rengl\u00f3n Liderazgo Pol\u00edtico.<\/span><\/p>\n<\/p>\n<p><span class=\"text1noticias\">\u00abCrimen de un Periodista\u00bb, es su obra primog\u00e9nita, pero cuenta con otros libros en procesos, entre ellos, de historia, cuentos, novelas y poes\u00edas.<\/span><\/p>\n<\/p>\n<p><span class=\"text1noticias\">Es miembro de varias instituciones sociales, culturales y deportivas y ha recibido varios reconocimientos tanto a nivel nacional como de instituciones educativas del extranjero.<\/span><\/p>\n<\/p>\n<h6> 2014-10-02 18:16:22 <\/h6>\n<p><!--\n<link rel=\"stylesheet\" href=\"css\/bootstrap.min.css\">\n\n\n<ul class=\"pagination\">\n\t    \n\t\n\n<li >\n\t<a href='?page_no=14427'>Previous<\/a>\n\t<\/li>\n\n\n       \n    \n\n<li><a href='?page_no=1'>1<\/a><\/li>\n\n\n\n<li><a href='?page_no=2'>2<\/a><\/li>\n\n\n\n<li><a>...<\/a><\/li>\n\n\n\n<li><a href='?page_no=14426'>14426<\/a><\/li>\n\n\n\n<li><a href='?page_no=14427'>14427<\/a><\/li>\n\n\n\n<li class='active'><a>14428<\/a><\/li>\n\n\n\n<li><a href='?page_no=14429'>14429<\/a><\/li>\n\n\n\n<li><a href='?page_no=14430'>14430<\/a><\/li>\n\n\n\n<li><a>...<\/a><\/li>\n\n\n\n<li><a href='?page_no=36999'>36999<\/a><\/li>\n\n\n\n<li><a href='?page_no=37000'>37000<\/a><\/li>\n\n    \n\t\n\n<li >\n\t<a href='?page_no=14429'>Next<\/a>\n\t<\/li>\n\n\n    \n\n<li><a href='?page_no=37000'>Last &rsaquo;&rsaquo;<\/a><\/li>\n\n<\/ul>\n\n\n--><br \/>\n<\/body><\/p>\n","protected":false},"excerpt":{"rendered":"<p>Hato Mayor del Rey, RD, 2 de octubre.- El periodista Odalis Vega que ha comenzado su carrera en la b\u00fasqueda de la sindicatura de su natal Hato Mayor, anunci\u00f3 que ha ca\u00eddo muy bien en la comunidad. Vega, juramentado recientemente por el Presidente del Partido Reformista Social Cristiano (PRSC) ingeniero Quique Ant\u00fan, es miembro de [&hellip;]<\/p>\n","protected":false},"author":3,"featured_media":0,"comment_status":"open","ping_status":"open","sticky":false,"template":"","format":"standard","meta":{"footnotes":""},"categories":[22],"tags":[],"class_list":["post-161976","post","type-post","status-publish","format-standard","hentry","category-politica"],"_links":{"self":[{"href":"https:\/\/diariodominicano.com\/index.php?rest_route=\/wp\/v2\/posts\/161976","targetHints":{"allow":["GET"]}}],"collection":[{"href":"https:\/\/diariodominicano.com\/index.php?rest_route=\/wp\/v2\/posts"}],"about":[{"href":"https:\/\/diariodominicano.com\/index.php?rest_route=\/wp\/v2\/types\/post"}],"author":[{"embeddable":true,"href":"https:\/\/diariodominicano.com\/index.php?rest_route=\/wp\/v2\/users\/3"}],"replies":[{"embeddable":true,"href":"https:\/\/diariodominicano.com\/index.php?rest_route=%2Fwp%2Fv2%2Fcomments&post=161976"}],"version-history":[{"count":0,"href":"https:\/\/diariodominicano.com\/index.php?rest_route=\/wp\/v2\/posts\/161976\/revisions"}],"wp:attachment":[{"href":"https:\/\/diariodominicano.com\/index.php?rest_route=%2Fwp%2Fv2%2Fmedia&parent=161976"}],"wp:term":[{"taxonomy":"category","embeddable":true,"href":"https:\/\/diariodominicano.com\/index.php?rest_route=%2Fwp%2Fv2%2Fcategories&post=161976"},{"taxonomy":"post_tag","embeddable":true,"href":"https:\/\/diariodominicano.com\/index.php?rest_route=%2Fwp%2Fv2%2Ftags&post=161976"}],"curies":[{"name":"wp","href":"https:\/\/api.w.org\/{rel}","templated":true}]}}