{"id":161975,"date":"2014-10-02T18:34:30","date_gmt":"2014-10-02T18:34:30","guid":{"rendered":"http:\/\/diariodominicano.ddns.net\/?p=161975"},"modified":"2014-10-02T18:34:30","modified_gmt":"2014-10-02T18:34:30","slug":"califican-de-cobarde-y-difamatoria-protestas-contra-leonel-en-ny","status":"publish","type":"post","link":"https:\/\/diariodominicano.com\/?p=161975","title":{"rendered":"&#13;Califican de \u00abcobarde y difamatoria\u00bb protestas contra Leonel en NY"},"content":{"rendered":"<p><body><\/p>\n<p><img decoding=\"async\" src=\"img3\/dirigentepld.jpg\" \/><br \/><img decoding=\"async\" src=\"img3\/dirigentespld2.jpg\" \/>  <\/p>\n<\/p>\n<p><span class=\"text1noticias\">Por Jhonny Trinidad<\/span><\/p>\n<p><span class=\"text1noticias\"> <\/span><\/p>\n<p><span class=\"text1noticias\">Nueva York, EEU, 2 de octubre.- Dirigentes del Partido de la Liberaci\u00f3n Dominicana repudiaron \u00abtajantemente\u00bb las manifestaciones en contra de la visita a esta ciudad del expresidente Leonel Fern\u00e1ndez.<\/span><\/p>\n<\/p>\n<p><span class=\"text1noticias\">Juan Isidro Mart\u00ednez y Gregorio Morrobel argumentaron que lo anterior es parte de una campa\u00f1a de descr\u00e9dito contra Fern\u00e1ndez, motivada por la desesperaci\u00f3n de sus adversarios ante su eventual nominaci\u00f3n presidencial.<\/span><\/p>\n<\/p>\n<p><span class=\"text1noticias\">Expresaron que, \u00abcomo no tienen argumentos para competir con nuestro l\u00edder, inventan cualquier cosa para tratar de destruir su imagen\u00bb.<\/span><\/p>\n<\/p>\n<p><span class=\"text1noticias\">\u00abLlegaron al extremo de pagarle dinero a un grup\u00fasculo de facinerosos para que provocaran desordenes y caos en los lugares donde asist\u00eda Fern\u00e1ndez\u00bb, indicaron.<\/span><\/p>\n<\/p>\n<p><span class=\"text1noticias\">Calificaron dicha campa\u00f1a de \u00abcobarde, difamatoria y calumniadora, por lo que llamaron a los pelede\u00edstas a enfrentarla con la decisi\u00f3n, el valor y la firmeza que les ense\u00f1\u00f3 Juan Bosch, fundador de su partido.<\/span><\/p>\n<\/p>\n<p><span class=\"text1noticias\">Se quejaron tambi\u00e9n de que en otras ocasiones, cuando alguien protesta en contra de la visita de alg\u00fan Mandatario, incluso del mismo Fern\u00e1ndez, los manifestantes eran mantenidos a una distancia considerable del Gobernante, pero en esta oportunidad, la Polic\u00eda permiti\u00f3 que se colocaran en la misma acera por donde pasar\u00eda el expresidente dominicano. \u00abNo le brindaron la protecci\u00f3n que se estila en esos casos. Aunque no queremos especular, es algo que nos pareci\u00f3 raro\u00bb, afirmaron.<\/span><\/p>\n<\/p>\n<p><span class=\"text1noticias\">Culpan HM y Moreno<\/span><\/p>\n<\/p>\n<p><span class=\"text1noticias\">Atribuyeron la \u00abguerra sucia\u00bb en contra de su l\u00edder. a sectores ligados a Guillermo Moreno, presidente del partido Alianza Pa\u00eds, y al exmandatario Hip\u00f3lito Mej\u00eda, a quienes calificaron como \u00abdos muertos pol\u00edticos, carentes de cualidades para competir con Fern\u00e1ndez, raz\u00f3n por la cual recurren a denuestos calumniosos y difamatorios, propios de perdedores.<\/span><\/p>\n<\/p>\n<p><span class=\"text1noticias\">Explicaron que esos sectores, encabezados por el exfiscal del Distrito Nacional, pretenden manipular los hechos para confundir al pueblo dominicano y crear desafectos hacia Fern\u00e1ndez, quien la semana pasada realiz\u00f3 varios eventos en Nueva York, en los cuales recibi\u00f3 el apoyo \u00abincondicional\u00bb de importantes personalidades e instituciones que solicitaron su postulaci\u00f3n para el 2016.<\/span><\/p>\n<\/p>\n<p><span class=\"text1noticias\">\u00abEsas demostraciones de cari\u00f1o, afecto y respaldo hacia nuestro l\u00edder crearon celos en sus detractores, quienes, movidos por la envidia y la ingratitud, quisieron aprovechar el escenario para denostar la personalidad de un hombre que no ha hecho m\u00e1s que encausar a la Rep\u00fablica Dominicana por los senderos del desarrollo y el progreso, sobre la base del crecimiento de la econom\u00eda, la generaci\u00f3n de empleos, la transparencia y el respeto a las leyes, la Constituci\u00f3n y al pueblo que lo eligi\u00f3 como gu\u00eda\u00bb, manifestaron en una entrevista exclusiva con este redactor.<\/span><\/p>\n<\/p>\n<p><span class=\"text1noticias\">Difamador<\/span><\/p>\n<\/p>\n<p><span class=\"text1noticias\">Morrobel describi\u00f3 a Moreno como  \u00abun difamador\u00bb al servicio de Mej\u00eda, cuyos \u00abasesores\u00bb tambi\u00e9n se han dado a la tarea de copar las redes sociales con diatribas y difusi\u00f3n de videos que solo buscan tergiversar lo que realmente ocurri\u00f3 en los eventos encabezados por Fern\u00e1ndez durante su reciente visita a Nueva York y otras ciudades estadounidense, donde recibi\u00f3 \u00abun derroche\u00bb de afectos y apoyo a su posible candidatura.<\/span><\/p>\n<\/p>\n<p><span class=\"text1noticias\">\u00abEsa actitud evidencia la intenci\u00f3n de hacerle da\u00f1o y restarle popularidad al presidente Fern\u00e1ndez, en momentos en que se perfila como seguro candidato presidencial de nuestro partido y futuro presidente de la Rep\u00fablica\u00bb, manifest\u00f3.<\/span><\/p>\n<\/p>\n<p><span class=\"text1noticias\">Mart\u00ednez, de su lado, dijo que \u00abes una mezquindad y una bajeza recurrir a esas patra\u00f1as para restar calidad a un hombre que ha aportando tanto a la sociedad dominicana y a la democracia mundial\u00bb.<\/span><\/p>\n<h6> 2014-10-02 18:34:30 <\/h6>\n<p><!--\n<link rel=\"stylesheet\" href=\"css\/bootstrap.min.css\">\n\n\n<ul class=\"pagination\">\n\t    \n\t\n\n<li >\n\t<a href='?page_no=14426'>Previous<\/a>\n\t<\/li>\n\n\n       \n    \n\n<li><a href='?page_no=1'>1<\/a><\/li>\n\n\n\n<li><a href='?page_no=2'>2<\/a><\/li>\n\n\n\n<li><a>...<\/a><\/li>\n\n\n\n<li><a href='?page_no=14425'>14425<\/a><\/li>\n\n\n\n<li><a href='?page_no=14426'>14426<\/a><\/li>\n\n\n\n<li class='active'><a>14427<\/a><\/li>\n\n\n\n<li><a href='?page_no=14428'>14428<\/a><\/li>\n\n\n\n<li><a href='?page_no=14429'>14429<\/a><\/li>\n\n\n\n<li><a>...<\/a><\/li>\n\n\n\n<li><a href='?page_no=36999'>36999<\/a><\/li>\n\n\n\n<li><a href='?page_no=37000'>37000<\/a><\/li>\n\n    \n\t\n\n<li >\n\t<a href='?page_no=14428'>Next<\/a>\n\t<\/li>\n\n\n    \n\n<li><a href='?page_no=37000'>Last &rsaquo;&rsaquo;<\/a><\/li>\n\n<\/ul>\n\n\n--><br \/>\n<\/body><\/p>\n","protected":false},"excerpt":{"rendered":"<p>Por Jhonny Trinidad Nueva York, EEU, 2 de octubre.- Dirigentes del Partido de la Liberaci\u00f3n Dominicana repudiaron \u00abtajantemente\u00bb las manifestaciones en contra de la visita a esta ciudad del expresidente Leonel Fern\u00e1ndez. Juan Isidro Mart\u00ednez y Gregorio Morrobel argumentaron que lo anterior es parte de una campa\u00f1a de descr\u00e9dito contra Fern\u00e1ndez, motivada por la desesperaci\u00f3n [&hellip;]<\/p>\n","protected":false},"author":3,"featured_media":0,"comment_status":"open","ping_status":"open","sticky":false,"template":"","format":"standard","meta":{"footnotes":""},"categories":[22],"tags":[],"class_list":["post-161975","post","type-post","status-publish","format-standard","hentry","category-politica"],"_links":{"self":[{"href":"https:\/\/diariodominicano.com\/index.php?rest_route=\/wp\/v2\/posts\/161975","targetHints":{"allow":["GET"]}}],"collection":[{"href":"https:\/\/diariodominicano.com\/index.php?rest_route=\/wp\/v2\/posts"}],"about":[{"href":"https:\/\/diariodominicano.com\/index.php?rest_route=\/wp\/v2\/types\/post"}],"author":[{"embeddable":true,"href":"https:\/\/diariodominicano.com\/index.php?rest_route=\/wp\/v2\/users\/3"}],"replies":[{"embeddable":true,"href":"https:\/\/diariodominicano.com\/index.php?rest_route=%2Fwp%2Fv2%2Fcomments&post=161975"}],"version-history":[{"count":0,"href":"https:\/\/diariodominicano.com\/index.php?rest_route=\/wp\/v2\/posts\/161975\/revisions"}],"wp:attachment":[{"href":"https:\/\/diariodominicano.com\/index.php?rest_route=%2Fwp%2Fv2%2Fmedia&parent=161975"}],"wp:term":[{"taxonomy":"category","embeddable":true,"href":"https:\/\/diariodominicano.com\/index.php?rest_route=%2Fwp%2Fv2%2Fcategories&post=161975"},{"taxonomy":"post_tag","embeddable":true,"href":"https:\/\/diariodominicano.com\/index.php?rest_route=%2Fwp%2Fv2%2Ftags&post=161975"}],"curies":[{"name":"wp","href":"https:\/\/api.w.org\/{rel}","templated":true}]}}