{"id":161974,"date":"2014-10-02T18:50:01","date_gmt":"2014-10-02T18:50:01","guid":{"rendered":"http:\/\/diariodominicano.ddns.net\/?p=161974"},"modified":"2014-10-02T18:50:01","modified_gmt":"2014-10-02T18:50:01","slug":"roberto-salcedo-habla-de-municipalidad-en-mesa-de-dialogo-de-la-jpld","status":"publish","type":"post","link":"https:\/\/diariodominicano.com\/?p=161974","title":{"rendered":"&#13;&#13;Roberto Salcedo habla de municipalidad en Mesa de Dialogo de la JPLD"},"content":{"rendered":"<p><body><\/p>\n<p><img decoding=\"async\" src=\"img3\/salcedo.jpg\" \/>  <\/p>\n<\/p>\n<p><span class=\"text1noticias\"> <\/span><\/p>\n<p><span class=\"text1noticias\">Santo Domingo, RD, 2 de octubre.- El Partido de la Liberaci\u00f3n Dominicana (PLD) contin\u00faa  este jueves  los conversatorios semanales, organizados por la Secretar\u00eda de la Juventud de esa organizaci\u00f3n.<\/span><\/p>\n<p><span class=\"text1noticias\"> <\/span><\/p>\n<p><span class=\"text1noticias\">Este  jueves Roberto Salcedo, Alcalde del Distrito Nacional,  es el invitado  para desarrollar  el tema \u00abAvances, retos y desaf\u00edos de la Ciudad de Santo Domingo\u00bb.<\/span><\/p>\n<p><span class=\"text1noticias\"> <\/span><\/p>\n<p><span class=\"text1noticias\">El espacio auspiciado por la Juventud del Partido de la Liberaci\u00f3n Dominicana, JPLD, conocido como Mesa del Dialogo Semanal, es un foro abierto para el debate de ideas y temas con el objetivo de formal pol\u00edticamente a los participantes<\/span><\/p>\n<p><span class=\"text1noticias\"> <\/span><\/p>\n<p><span class=\"text1noticias\">Para el encuentro de este jueves al que se convoca a la prensa, a j\u00f3venes y a amigos del PLD, el titular de la juventud pelede\u00edsta,  Franklin Rodr\u00edguez, destaca la importancia de analizar y debatir lo que ocurre en la capital a nivel de municipalidad.<\/span><\/p>\n<p><span class=\"text1noticias\"> <\/span><\/p>\n<p><span class=\"text1noticias\">La Mesa del Di\u00e1logo de la JPLD es coordinada por Claritza de la Cruz, de la JPLD   una vez a la semana, a las 6:30 PM,  teniendo una exposici\u00f3n de base y luego respuestas a las preguntas que se formule<\/span><\/p>\n<p><span class=\"text1noticias\"> <\/span><\/p>\n<p><span class=\"text1noticias\">\u00abAvances, Retos y Desaf\u00edos de la ciudad de Santo Domingo, con la participaci\u00f3n de Roberto Salcedo, su alcalde durante 12 a\u00f1os es un espacio id\u00f3neo para conocer de logros  y proyectos en carpeta que son  de inter\u00e9s para los mun\u00edcipes de la capital\u00bb, se destaca en la nota de la Secretar\u00eda de Comunicaciones remitida a los medios.<\/span><\/p>\n<\/p>\n<h6> 2014-10-02 18:50:01 <\/h6>\n<p><!--\n<link rel=\"stylesheet\" href=\"css\/bootstrap.min.css\">\n\n\n<ul class=\"pagination\">\n\t    \n\t\n\n<li >\n\t<a href='?page_no=14425'>Previous<\/a>\n\t<\/li>\n\n\n       \n    \n\n<li><a href='?page_no=1'>1<\/a><\/li>\n\n\n\n<li><a href='?page_no=2'>2<\/a><\/li>\n\n\n\n<li><a>...<\/a><\/li>\n\n\n\n<li><a href='?page_no=14424'>14424<\/a><\/li>\n\n\n\n<li><a href='?page_no=14425'>14425<\/a><\/li>\n\n\n\n<li class='active'><a>14426<\/a><\/li>\n\n\n\n<li><a href='?page_no=14427'>14427<\/a><\/li>\n\n\n\n<li><a href='?page_no=14428'>14428<\/a><\/li>\n\n\n\n<li><a>...<\/a><\/li>\n\n\n\n<li><a href='?page_no=36999'>36999<\/a><\/li>\n\n\n\n<li><a href='?page_no=37000'>37000<\/a><\/li>\n\n    \n\t\n\n<li >\n\t<a href='?page_no=14427'>Next<\/a>\n\t<\/li>\n\n\n    \n\n<li><a href='?page_no=37000'>Last &rsaquo;&rsaquo;<\/a><\/li>\n\n<\/ul>\n\n\n--><br \/>\n<\/body><\/p>\n","protected":false},"excerpt":{"rendered":"<p>Santo Domingo, RD, 2 de octubre.- El Partido de la Liberaci\u00f3n Dominicana (PLD) contin\u00faa este jueves los conversatorios semanales, organizados por la Secretar\u00eda de la Juventud de esa organizaci\u00f3n. Este jueves Roberto Salcedo, Alcalde del Distrito Nacional, es el invitado para desarrollar el tema \u00abAvances, retos y desaf\u00edos de la Ciudad de Santo Domingo\u00bb. El [&hellip;]<\/p>\n","protected":false},"author":3,"featured_media":0,"comment_status":"open","ping_status":"open","sticky":false,"template":"","format":"standard","meta":{"footnotes":""},"categories":[22],"tags":[],"class_list":["post-161974","post","type-post","status-publish","format-standard","hentry","category-politica"],"_links":{"self":[{"href":"https:\/\/diariodominicano.com\/index.php?rest_route=\/wp\/v2\/posts\/161974","targetHints":{"allow":["GET"]}}],"collection":[{"href":"https:\/\/diariodominicano.com\/index.php?rest_route=\/wp\/v2\/posts"}],"about":[{"href":"https:\/\/diariodominicano.com\/index.php?rest_route=\/wp\/v2\/types\/post"}],"author":[{"embeddable":true,"href":"https:\/\/diariodominicano.com\/index.php?rest_route=\/wp\/v2\/users\/3"}],"replies":[{"embeddable":true,"href":"https:\/\/diariodominicano.com\/index.php?rest_route=%2Fwp%2Fv2%2Fcomments&post=161974"}],"version-history":[{"count":0,"href":"https:\/\/diariodominicano.com\/index.php?rest_route=\/wp\/v2\/posts\/161974\/revisions"}],"wp:attachment":[{"href":"https:\/\/diariodominicano.com\/index.php?rest_route=%2Fwp%2Fv2%2Fmedia&parent=161974"}],"wp:term":[{"taxonomy":"category","embeddable":true,"href":"https:\/\/diariodominicano.com\/index.php?rest_route=%2Fwp%2Fv2%2Fcategories&post=161974"},{"taxonomy":"post_tag","embeddable":true,"href":"https:\/\/diariodominicano.com\/index.php?rest_route=%2Fwp%2Fv2%2Ftags&post=161974"}],"curies":[{"name":"wp","href":"https:\/\/api.w.org\/{rel}","templated":true}]}}