{"id":161973,"date":"2014-10-02T19:24:37","date_gmt":"2014-10-02T19:24:37","guid":{"rendered":"http:\/\/diariodominicano.ddns.net\/?p=161973"},"modified":"2014-10-02T19:24:37","modified_gmt":"2014-10-02T19:24:37","slug":"define-desastrosa-gestion-de-serulle-en-el-cabildo-de-santiago","status":"publish","type":"post","link":"https:\/\/diariodominicano.com\/?p=161973","title":{"rendered":"&#13;Define desastrosa gesti\u00f3n de Serulle en el cabildo de Santiago"},"content":{"rendered":"<p><body><\/p>\n<p><img decoding=\"async\" src=\"img3\/rosa2.jpg\" \/>  <\/p>\n<\/p>\n<p><span class=\"text1noticias\"> <\/span><\/p>\n<p><span class=\"text1noticias\">Por: Francis P\u00e9rez<\/span><\/p>\n<\/p>\n<p><span class=\"text1noticias\">Santo Domingo, RD, 2 de octubre.- El  aspirante  alcalde por el Partido de la Liberaci\u00f3n Dominicana (PLD) en esta ciudad Fernando Rosa, critic\u00f3 a la actual gesti\u00f3n municipal de Gilberto Serulle, al considerarla un desorden y un desastre que ha llevado la destrucci\u00f3n y al caos al municipio.<\/span><\/p>\n<p><span class=\"text1noticias\"> <\/span><\/p>\n<p><span class=\"text1noticias\">Rosa manifest\u00f3 que por el caos que existe en Santiago, Serulle no tiene ninguna posibilidad para postularse y ratificar de nuevo la sindicatura.<\/span><\/p>\n<p><span class=\"text1noticias\"> <\/span><\/p>\n<p><span class=\"text1noticias\">Dijo que en esta ciudad existe una estructura municipal arcaica y atrasada que no arranca porque son muy antiguas, obsoletas y anquilosadas que creen que el alcalde lo es todo.<\/span><\/p>\n<p><span class=\"text1noticias\"> <\/span><\/p>\n<p><span class=\"text1noticias\">\u00abEl Ayuntamiento hay que descentralizarlo aplicando lo que dice la ley en relaci\u00f3n a los cabildos barriales, para que la poblaci\u00f3n tenga una participaci\u00f3n mayor en las decisiones que se toman en este\u00bb, precis\u00f3.<\/span><\/p>\n<p><span class=\"text1noticias\"> <\/span><\/p>\n<p><span class=\"text1noticias\">Demand\u00f3 de la Alcald\u00eda el cumplimiento del presupuesto participativo en cada una de las comunidades donde se asignan las obras.<\/span><\/p>\n<p><span class=\"text1noticias\"> <\/span><\/p>\n<p><span class=\"text1noticias\">Expres\u00f3 que es necesario que las autoridades municipales se sienten con las comunidades a discutir cu\u00e1les son sus principales prioridades, porque no se pueden estar haciendo obras sin ser demandadas por la comunidad.<\/span><\/p>\n<p><span class=\"text1noticias\"> <\/span><\/p>\n<p><span class=\"text1noticias\">\u00abExactamente eso es lo se est\u00e1 haciendo ahora, las comunidades piden una cosa y el s\u00edndico hace otra\u00bb, asegur\u00f3.<\/span><\/p>\n<p><span class=\"text1noticias\"> <\/span><\/p>\n<p><span class=\"text1noticias\">Agreg\u00f3 que de esa manera nunca se estar\u00e1 de acuerdo con las iniciativas que toma el alcalde, ya que estas  son para su beneficio particular y no para la comunidad. \u00abNo es posible mantener una Alcald\u00eda de esa manera\u00bb, puntualiz\u00f3.<\/span><\/p>\n<p><span class=\"text1noticias\"> <\/span><\/p>\n<p><span class=\"text1noticias\">Rosa se refiri\u00f3 tambi\u00e9n a la alta valoraci\u00f3n que posee en las encuestas que lo colocan en primer lugar para optar por la candidatura a s\u00edndico, y afirm\u00f3 que esto se mantendr\u00e1 inalterable, ya que no existen razones algunas para que se modifique el panorama electoral.<\/span><\/p>\n<p><span class=\"text1noticias\"> <\/span><\/p>\n<p><span class=\"text1noticias\">Se\u00f1al\u00f3 que el pueblo de Santiago lo conoce como una persona que no va a incurrir en errores que permitan su desplome.<\/span><\/p>\n<p><span class=\"text1noticias\"> <\/span><\/p>\n<p><span class=\"text1noticias\">Fernando Rosa es el preferido entre los aspirantes a alcalde de Santiago, seg\u00fan lo expresa una encuesta realizada por la firma Herrara  Guti\u00e9rrez Mart\u00ednez y Asociados, que le otorga 19.2% por encima de su m\u00e1s cercano contendiente Ram\u00f3n Rodr\u00edguez (Monchy), que aparece con 14.6 por ciento.<\/span><\/p>\n<p><span class=\"text1noticias\"> <\/span><\/p>\n<p><span class=\"text1noticias\">\u00abSi el pueblo de Santiago en solo 90 d\u00edas ha valorado nuestro trabajo pol\u00edtico y lo que hemos hecho desde el gobierno y desde las instituciones que hemos dirigido, es porque tiene un criterio de que contamos con la capacidad, los conocimientos y porque hemos hecho un trabajo encomiable para Santiago, ya que siempre estamos pendiente de los problemas municipales\u00bb, expres\u00f3.<\/span><\/p>\n<p><span class=\"text1noticias\"> <\/span><\/p>\n<p><span class=\"text1noticias\">Apunt\u00f3 que aun sin pensar en aspirar a la Alcald\u00eda hizo obras importantes para la provincia.<\/span><\/p>\n<p><span class=\"text1noticias\"> <\/span><\/p>\n<p><span class=\"text1noticias\">Indic\u00f3 que \u00e9l es un dirigente que siempre ha estado preocupado por los problemas sociales de la ciudad, lo que lleva a la poblaci\u00f3n a valorar el trabajo que realiza como l\u00edder y aspirante.<\/span><\/p>\n<p><span class=\"text1noticias\"> <\/span><\/p>\n<p><span class=\"text1noticias\">\u00abLa valoraci\u00f3n que tenemos en este momento no es a la azar, sino analizada y pensada por todos los ciudadanos, que consideran que soy el candidato en mejores condiciones para dirigir la Alcald\u00eda a partir del 2016\u00bb, precis\u00f3.<\/span><\/p>\n<p><span class=\"text1noticias\"> <\/span><\/p>\n<p><span class=\"text1noticias\">El alto dirigente del PLD se consider\u00f3 entre otras cosas, como el candidato que unifica a la familia pelede\u00edsta de cara a las elecciones municipales del 2016.<\/span><\/p>\n<p><span class=\"text1noticias\"> <\/span><\/p>\n<p><span class=\"text1noticias\">Destac\u00f3 que el PLD esta unificado alrededor de sus aspiraciones sin tendencias de tipo. En Santiago todo el PLD est\u00e1 concentrado alrededor de nosotros\u00bb, ratific\u00f3.<\/span><\/p>\n<p><span class=\"text1noticias\"> <\/span><\/p>\n<p><span class=\"text1noticias\">Rosa emiti\u00f3 sus consideraciones en el marco de una entrevista exclusiva que le realizara este redactor.<\/span><\/p>\n<\/p>\n<h6> 2014-10-02 19:24:37 <\/h6>\n<p><!--\n<link rel=\"stylesheet\" href=\"css\/bootstrap.min.css\">\n\n\n<ul class=\"pagination\">\n\t    \n\t\n\n<li >\n\t<a href='?page_no=14424'>Previous<\/a>\n\t<\/li>\n\n\n       \n    \n\n<li><a href='?page_no=1'>1<\/a><\/li>\n\n\n\n<li><a href='?page_no=2'>2<\/a><\/li>\n\n\n\n<li><a>...<\/a><\/li>\n\n\n\n<li><a href='?page_no=14423'>14423<\/a><\/li>\n\n\n\n<li><a href='?page_no=14424'>14424<\/a><\/li>\n\n\n\n<li class='active'><a>14425<\/a><\/li>\n\n\n\n<li><a href='?page_no=14426'>14426<\/a><\/li>\n\n\n\n<li><a href='?page_no=14427'>14427<\/a><\/li>\n\n\n\n<li><a>...<\/a><\/li>\n\n\n\n<li><a href='?page_no=36999'>36999<\/a><\/li>\n\n\n\n<li><a href='?page_no=37000'>37000<\/a><\/li>\n\n    \n\t\n\n<li >\n\t<a href='?page_no=14426'>Next<\/a>\n\t<\/li>\n\n\n    \n\n<li><a href='?page_no=37000'>Last &rsaquo;&rsaquo;<\/a><\/li>\n\n<\/ul>\n\n\n--><br \/>\n<\/body><\/p>\n","protected":false},"excerpt":{"rendered":"<p>Por: Francis P\u00e9rez Santo Domingo, RD, 2 de octubre.- El aspirante alcalde por el Partido de la Liberaci\u00f3n Dominicana (PLD) en esta ciudad Fernando Rosa, critic\u00f3 a la actual gesti\u00f3n municipal de Gilberto Serulle, al considerarla un desorden y un desastre que ha llevado la destrucci\u00f3n y al caos al municipio. Rosa manifest\u00f3 que por [&hellip;]<\/p>\n","protected":false},"author":3,"featured_media":0,"comment_status":"open","ping_status":"open","sticky":false,"template":"","format":"standard","meta":{"footnotes":""},"categories":[22],"tags":[],"class_list":["post-161973","post","type-post","status-publish","format-standard","hentry","category-politica"],"_links":{"self":[{"href":"https:\/\/diariodominicano.com\/index.php?rest_route=\/wp\/v2\/posts\/161973","targetHints":{"allow":["GET"]}}],"collection":[{"href":"https:\/\/diariodominicano.com\/index.php?rest_route=\/wp\/v2\/posts"}],"about":[{"href":"https:\/\/diariodominicano.com\/index.php?rest_route=\/wp\/v2\/types\/post"}],"author":[{"embeddable":true,"href":"https:\/\/diariodominicano.com\/index.php?rest_route=\/wp\/v2\/users\/3"}],"replies":[{"embeddable":true,"href":"https:\/\/diariodominicano.com\/index.php?rest_route=%2Fwp%2Fv2%2Fcomments&post=161973"}],"version-history":[{"count":0,"href":"https:\/\/diariodominicano.com\/index.php?rest_route=\/wp\/v2\/posts\/161973\/revisions"}],"wp:attachment":[{"href":"https:\/\/diariodominicano.com\/index.php?rest_route=%2Fwp%2Fv2%2Fmedia&parent=161973"}],"wp:term":[{"taxonomy":"category","embeddable":true,"href":"https:\/\/diariodominicano.com\/index.php?rest_route=%2Fwp%2Fv2%2Fcategories&post=161973"},{"taxonomy":"post_tag","embeddable":true,"href":"https:\/\/diariodominicano.com\/index.php?rest_route=%2Fwp%2Fv2%2Ftags&post=161973"}],"curies":[{"name":"wp","href":"https:\/\/api.w.org\/{rel}","templated":true}]}}