{"id":161972,"date":"2014-10-02T19:38:15","date_gmt":"2014-10-02T19:38:15","guid":{"rendered":"http:\/\/diariodominicano.ddns.net\/?p=161972"},"modified":"2014-10-02T19:38:15","modified_gmt":"2014-10-02T19:38:15","slug":"acosta-moreta-dice-que-en-la-udc-las-mujeres-no-estan-limitadas-por-la-cuota-que-establece-la-ley","status":"publish","type":"post","link":"https:\/\/diariodominicano.com\/?p=161972","title":{"rendered":"&#13;&#13;Acosta Moreta dice que en la UDC las mujeres no est\u00e1n limitadas por la cuota que establece la ley"},"content":{"rendered":"<p><body><\/p>\n<p><img decoding=\"async\" src=\"img3\/luiselgallo.jpg\" \/>  <\/p>\n<\/p>\n<p><span class=\"text1noticias\">Santo Domingo, RD, 2 de octubre.- El presidente de la  Uni\u00f3n Dem\u00f3crata Cristiana ?UDC-, Luis Acosta Moreta ?Luis El Gallo-, dijo que en esa organizaci\u00f3n las mujeres  tienen  m\u00e1s de la cuota que establece la ley  y exige El Foro de Mujeres de  partidos pol\u00edticos.<\/span><\/p>\n<\/p>\n<p><span class=\"text1noticias\">Acosta Moreta expres\u00f3 que en la ?UDC- las mujeres no est\u00e1n limitadas por el 33 por ciento que establece la ley en la estructuraci\u00f3n de la boleta electoral, y agreg\u00f3 que en ese partido mujeres y hombres alcanzan posiciones pol\u00edticas y dirigenciales en base a su trabajo.<\/span><\/p>\n<\/p>\n<p><span class=\"text1noticias\">Luis El Gallo se reuni\u00f3 con una delegaci\u00f3n del Foro de Mujeres de los  partidos  pol\u00edticos, la cual  estuvo encabezada por Yolanda D\u00edaz,  Presidenta y  representante de Partido Revolucionario Dominicano PRD, Mar\u00eda Rosa Belliard, representante del PRSC, Cristina P\u00e9rez de Amor\u00f3s, delegada por el  PLD, Aquilina Alcequie Pared, secretaria de Organizaci\u00f3n del Foro, Damaris P\u00e9rez,  Secretaria del Foro, y  Nuris Luisa Santos, representante de la UDC.<\/span><\/p>\n<\/p>\n<p><span class=\"text1noticias\">Durante el encuentro, Luis Acosta Moreta exhort\u00f3 las representantes de los partidos pol\u00edticos a llevar a ese Foro de Mujeres un debate sobre el plan de  regularizaci\u00f3n de extranjeros que realizan las autoridades dominicanas, y los problemas que est\u00e1n generando al pa\u00eds la migraci\u00f3n haitiana.<\/span><\/p>\n<\/p>\n<p><span class=\"text1noticias\">En representaci\u00f3n del Foro, su Presidenta Yolanda D\u00edaz, solicit\u00f3 el respaldo de la UDC para reclamar a la Junta Central Electoral ?JCE- su apoyo  econ\u00f3mico,  y as\u00ed El Foro de Mujeres de Partidos Pol\u00edticos pueda actuar de forma independiente.<\/span><\/p>\n<\/p>\n<p><span class=\"text1noticias\">\u00abEl Foro  est\u00e1 buscando  apoyo y solidaridad  en los partidos pol\u00edticos para mantener la  lucha, y las organizaciones pol\u00edticas  respeten las cuotas de la mujer en sus estructuras\u00bb, expres\u00f3 Yolanda D\u00edaz.    <\/span><\/p>\n<\/p>\n<p><span class=\"text1noticias\">De su lado Aquilina Alcequie, en representaci\u00f3n del PLD, dijo que los espacios de la mujer en esa organizaci\u00f3n se respetan.<\/span><\/p>\n<\/p>\n<p><span class=\"text1noticias\">\u00abEn el Partido de La Liberaci\u00f3n Dominicana a la mujer se le escucha cuando habla y por eso es que hay muchas mujeres en el Poder Judicial y en la Administraci\u00f3n  P\u00fablica\u00bb, manifest\u00f3 la dirigente peledeista.<\/span><\/p>\n<h6> 2014-10-02 19:38:15 <\/h6>\n<p><!--\n<link rel=\"stylesheet\" href=\"css\/bootstrap.min.css\">\n\n\n<ul class=\"pagination\">\n\t    \n\t\n\n<li >\n\t<a href='?page_no=14423'>Previous<\/a>\n\t<\/li>\n\n\n       \n    \n\n<li><a href='?page_no=1'>1<\/a><\/li>\n\n\n\n<li><a href='?page_no=2'>2<\/a><\/li>\n\n\n\n<li><a>...<\/a><\/li>\n\n\n\n<li><a href='?page_no=14422'>14422<\/a><\/li>\n\n\n\n<li><a href='?page_no=14423'>14423<\/a><\/li>\n\n\n\n<li class='active'><a>14424<\/a><\/li>\n\n\n\n<li><a href='?page_no=14425'>14425<\/a><\/li>\n\n\n\n<li><a href='?page_no=14426'>14426<\/a><\/li>\n\n\n\n<li><a>...<\/a><\/li>\n\n\n\n<li><a href='?page_no=36999'>36999<\/a><\/li>\n\n\n\n<li><a href='?page_no=37000'>37000<\/a><\/li>\n\n    \n\t\n\n<li >\n\t<a href='?page_no=14425'>Next<\/a>\n\t<\/li>\n\n\n    \n\n<li><a href='?page_no=37000'>Last &rsaquo;&rsaquo;<\/a><\/li>\n\n<\/ul>\n\n\n--><br \/>\n<\/body><\/p>\n","protected":false},"excerpt":{"rendered":"<p>Santo Domingo, RD, 2 de octubre.- El presidente de la Uni\u00f3n Dem\u00f3crata Cristiana ?UDC-, Luis Acosta Moreta ?Luis El Gallo-, dijo que en esa organizaci\u00f3n las mujeres tienen m\u00e1s de la cuota que establece la ley y exige El Foro de Mujeres de partidos pol\u00edticos. Acosta Moreta expres\u00f3 que en la ?UDC- las mujeres no [&hellip;]<\/p>\n","protected":false},"author":3,"featured_media":0,"comment_status":"open","ping_status":"open","sticky":false,"template":"","format":"standard","meta":{"footnotes":""},"categories":[22],"tags":[],"class_list":["post-161972","post","type-post","status-publish","format-standard","hentry","category-politica"],"_links":{"self":[{"href":"https:\/\/diariodominicano.com\/index.php?rest_route=\/wp\/v2\/posts\/161972","targetHints":{"allow":["GET"]}}],"collection":[{"href":"https:\/\/diariodominicano.com\/index.php?rest_route=\/wp\/v2\/posts"}],"about":[{"href":"https:\/\/diariodominicano.com\/index.php?rest_route=\/wp\/v2\/types\/post"}],"author":[{"embeddable":true,"href":"https:\/\/diariodominicano.com\/index.php?rest_route=\/wp\/v2\/users\/3"}],"replies":[{"embeddable":true,"href":"https:\/\/diariodominicano.com\/index.php?rest_route=%2Fwp%2Fv2%2Fcomments&post=161972"}],"version-history":[{"count":0,"href":"https:\/\/diariodominicano.com\/index.php?rest_route=\/wp\/v2\/posts\/161972\/revisions"}],"wp:attachment":[{"href":"https:\/\/diariodominicano.com\/index.php?rest_route=%2Fwp%2Fv2%2Fmedia&parent=161972"}],"wp:term":[{"taxonomy":"category","embeddable":true,"href":"https:\/\/diariodominicano.com\/index.php?rest_route=%2Fwp%2Fv2%2Fcategories&post=161972"},{"taxonomy":"post_tag","embeddable":true,"href":"https:\/\/diariodominicano.com\/index.php?rest_route=%2Fwp%2Fv2%2Ftags&post=161972"}],"curies":[{"name":"wp","href":"https:\/\/api.w.org\/{rel}","templated":true}]}}