{"id":161971,"date":"2014-10-02T19:57:32","date_gmt":"2014-10-02T19:57:32","guid":{"rendered":"http:\/\/diariodominicano.ddns.net\/?p=161971"},"modified":"2014-10-02T19:57:32","modified_gmt":"2014-10-02T19:57:32","slug":"abinader-prm-esta-centrado-en-hacer-oposicion-que-ha-faltado-a-la-democracia","status":"publish","type":"post","link":"https:\/\/diariodominicano.com\/?p=161971","title":{"rendered":"&#13;Abinader: PRM est\u00e1 centrado en hacer oposici\u00f3n que ha faltado a la democracia&#13;"},"content":{"rendered":"<p><body><\/p>\n<p><img decoding=\"async\" src=\"img3\/abinader.jpg\" \/>  <\/p>\n<\/p>\n<\/p>\n<p><span class=\"text1noticias\">Haina, San Crist\u00f3bal, RD, 2 de octubre.- El aspirante presidencial del Partido Revolucionario Moderno (PRM), Luis Abinader, afirm\u00f3 que esa organizaci\u00f3n pol\u00edtica est\u00e1 centrada en ejercer el rol de oposici\u00f3n real  que le ha faltado a la democracia dominicana en los \u00faltimos a\u00f1os.<\/span><\/p>\n<\/p>\n<p><span class=\"text1noticias\">Tras se\u00f1alar que los l\u00edderes del PRM  est\u00e1n plenamente convencidos del compromiso hist\u00f3rico que han asumido con las bases de esa entidad y  con los sectores sociales mayoritarios que aspiran a un cambio de rumbo, Abinader dijo que el objetivo inmediato del nuevo proyecto pol\u00edtico es consolidar su estructura nacional y hacer una oposici\u00f3n firme, propositiva y \u00fatil a un partido de Gobierno que hasta hace poco hab\u00eda logrado subordinar o neutralizar a la mayor\u00eda de las fuerzas opositoras, incluyendo al partido m\u00e1s votado en las pasadas elecciones.<\/span><\/p>\n<\/p>\n<p><span class=\"text1noticias\">\u00abEn el PRM lo \u00fanico que hay es colaboraci\u00f3n y compromiso para hacer de esta organizaci\u00f3n un instrumento de acci\u00f3n pol\u00edtica y social  que represente a la mayor\u00eda del pueblo dominicano que necesita y est\u00e1 pidiendo un cambio por la v\u00eda democr\u00e1tica\u00bb, apunt\u00f3 el dirigente opositor luego de encabezar el acto de juramentaci\u00f3n del sector externo de su proyecto presidencial en los municipios de Haina y San Crist\u00f3bal.<\/span><\/p>\n<\/p>\n<p><span class=\"text1noticias\">El licenciado Abinader consider\u00f3 que la integraci\u00f3n en el Movimiento OLA  de importantes l\u00edderes sociales y personalidades de Haina y San Crist\u00f3bal, muestra una tendencia clara de la voluntad del pa\u00eds de apoyar una alternativa electoral que garantice un ejercicio decente del poder que promueva el respecto a la institucionalidad, y una administraci\u00f3n eficiente que asegure un crecimiento  econ\u00f3mico con equidad.<\/span><\/p>\n<\/p>\n<p><span class=\"text1noticias\">Dijo que como principal fuerza pol\u00edtica de oposici\u00f3n, el PRM ser\u00e1 el buque insignia de la Convergencia de partidos pol\u00edticos y sectores sociales que har\u00e1n posible el cambio necesario que demanda el pa\u00eds y la democracia dominicana.<\/span><\/p>\n<\/p>\n<p><span class=\"text1noticias\">Expreso que el poderoso sector externo que se ha nucleado alrededor de su propuesta presidencial, asumir\u00e1 junto al  PRM y la Convergencia la tarea ineludible de constituir una alternativa electoral para evitar el retorno al poder en el 2016 de  ese \u00abeje del mal que dej\u00f3 un pa\u00eds en bancarrota econ\u00f3mica, en quiebra moral e institucional y con una deuda  que tendr\u00e1n que pagar hasta los dominicanos que no han nacido\u00bb.<\/span><\/p>\n<\/p>\n<p><span class=\"text1noticias\">Entre los dirigentes del Sector Externo juramentados en el municipio de Haina, estuvieron Margarito Valoy, Salom\u00f3n Antonio Pujols, Miguel Lugo, Javier Soriano Saya, Roberto Heredia, Francisco Mojica, Elvin Oside Marte, y Frank Junior Guerrero; mientras que en San Crist\u00f3bal quedaron como responsables Mariel Belliard, Rosalba P\u00e9rez, Tuly Uribe, Ernesto Barlette, Caonabo Hern\u00e1ndez, Jes\u00fas Araujo, Jonathan Lara, Margarita Pineda, Gloria Uribe, Tomas Valdez, Reyno Rodr\u00edguez y  Zeo Hern\u00e1ndez, entre otros  <\/span><\/p>\n<\/p>\n<p><span class=\"text1noticias\">Durante las juramentaciones el candidato presidencial Luis Abinader estuvo acompa\u00f1ado del coordinador nacional del Movimiento Ola, sector externo de su proyecto, doctor Santiago Hazim y  de su coordinador provincial Rafael Salazar.<\/span><\/p>\n<\/p>\n<h6> 2014-10-02 19:57:32 <\/h6>\n<p><!--\n<link rel=\"stylesheet\" href=\"css\/bootstrap.min.css\">\n\n\n<ul class=\"pagination\">\n\t    \n\t\n\n<li >\n\t<a href='?page_no=14422'>Previous<\/a>\n\t<\/li>\n\n\n       \n    \n\n<li><a href='?page_no=1'>1<\/a><\/li>\n\n\n\n<li><a href='?page_no=2'>2<\/a><\/li>\n\n\n\n<li><a>...<\/a><\/li>\n\n\n\n<li><a href='?page_no=14421'>14421<\/a><\/li>\n\n\n\n<li><a href='?page_no=14422'>14422<\/a><\/li>\n\n\n\n<li class='active'><a>14423<\/a><\/li>\n\n\n\n<li><a href='?page_no=14424'>14424<\/a><\/li>\n\n\n\n<li><a href='?page_no=14425'>14425<\/a><\/li>\n\n\n\n<li><a>...<\/a><\/li>\n\n\n\n<li><a href='?page_no=36999'>36999<\/a><\/li>\n\n\n\n<li><a href='?page_no=37000'>37000<\/a><\/li>\n\n    \n\t\n\n<li >\n\t<a href='?page_no=14424'>Next<\/a>\n\t<\/li>\n\n\n    \n\n<li><a href='?page_no=37000'>Last &rsaquo;&rsaquo;<\/a><\/li>\n\n<\/ul>\n\n\n--><br \/>\n<\/body><\/p>\n","protected":false},"excerpt":{"rendered":"<p>Haina, San Crist\u00f3bal, RD, 2 de octubre.- El aspirante presidencial del Partido Revolucionario Moderno (PRM), Luis Abinader, afirm\u00f3 que esa organizaci\u00f3n pol\u00edtica est\u00e1 centrada en ejercer el rol de oposici\u00f3n real que le ha faltado a la democracia dominicana en los \u00faltimos a\u00f1os. Tras se\u00f1alar que los l\u00edderes del PRM est\u00e1n plenamente convencidos del compromiso [&hellip;]<\/p>\n","protected":false},"author":3,"featured_media":0,"comment_status":"open","ping_status":"open","sticky":false,"template":"","format":"standard","meta":{"footnotes":""},"categories":[22],"tags":[],"class_list":["post-161971","post","type-post","status-publish","format-standard","hentry","category-politica"],"_links":{"self":[{"href":"https:\/\/diariodominicano.com\/index.php?rest_route=\/wp\/v2\/posts\/161971","targetHints":{"allow":["GET"]}}],"collection":[{"href":"https:\/\/diariodominicano.com\/index.php?rest_route=\/wp\/v2\/posts"}],"about":[{"href":"https:\/\/diariodominicano.com\/index.php?rest_route=\/wp\/v2\/types\/post"}],"author":[{"embeddable":true,"href":"https:\/\/diariodominicano.com\/index.php?rest_route=\/wp\/v2\/users\/3"}],"replies":[{"embeddable":true,"href":"https:\/\/diariodominicano.com\/index.php?rest_route=%2Fwp%2Fv2%2Fcomments&post=161971"}],"version-history":[{"count":0,"href":"https:\/\/diariodominicano.com\/index.php?rest_route=\/wp\/v2\/posts\/161971\/revisions"}],"wp:attachment":[{"href":"https:\/\/diariodominicano.com\/index.php?rest_route=%2Fwp%2Fv2%2Fmedia&parent=161971"}],"wp:term":[{"taxonomy":"category","embeddable":true,"href":"https:\/\/diariodominicano.com\/index.php?rest_route=%2Fwp%2Fv2%2Fcategories&post=161971"},{"taxonomy":"post_tag","embeddable":true,"href":"https:\/\/diariodominicano.com\/index.php?rest_route=%2Fwp%2Fv2%2Ftags&post=161971"}],"curies":[{"name":"wp","href":"https:\/\/api.w.org\/{rel}","templated":true}]}}