{"id":161970,"date":"2014-10-02T22:19:48","date_gmt":"2014-10-02T22:19:48","guid":{"rendered":"http:\/\/diariodominicano.ddns.net\/?p=161970"},"modified":"2014-10-02T22:19:48","modified_gmt":"2014-10-02T22:19:48","slug":"asegura-diatribas-y-calumnias-contra-lf-forman-parte-plan-para-impedir-su-regreso-al-poder","status":"publish","type":"post","link":"https:\/\/diariodominicano.com\/?p=161970","title":{"rendered":"Asegura diatribas y calumnias contra LF forman parte plan para impedir su regreso al poder"},"content":{"rendered":"<p><body><\/p>\n<p><img decoding=\"async\" src=\"img3\/muro.jpg\" \/>  <\/p>\n<p><span class=\"text1noticias\">Santo Domingo, RD, 2 de Octubre.-El presidente del  Movimiento Unidad, Renovaci\u00f3n y Orden (MURO), V\u00edctor Pav\u00f3n asegur\u00f3 que la persecuci\u00f3n pol\u00edtica y las diatribas que se ciernen contra el ex presidente Leonel Fern\u00e1ndez, obedecen a un plan muy bien orquestado con el prop\u00f3sito de desacreditarlo ante la sociedad e impedir su inminente regreso al poder en el 2016.<\/span><\/p>\n<\/p>\n<p><span class=\"text1noticias\">Pav\u00f3n dijo que la reacci\u00f3n de la oposici\u00f3n y de sus aliados en contra de las aspiraciones de Leonel, se debe a que \u00e9ste en los \u00faltimos d\u00edas ha estado concitando el apoyo de la poblaci\u00f3n, como se refleja con las multitudinarias manifestaciones de apoyo y adhesi\u00f3n internamente como en los Estados Unidos.<\/span><\/p>\n<\/p>\n<p><span class=\"text1noticias\">\u00abLos vientos est\u00e1n soplando con tanta intensidad que ha creado p\u00e1nico en las organizaciones pol\u00edticas que adversan al ex mandatario\u00bb, afirm\u00f3.<\/span><\/p>\n<\/p>\n<p><span class=\"text1noticias\">Dijo que pese a la campa\u00f1a difamatoria y rastrera en contra de Fern\u00e1ndez y de sus m\u00e1s cercanos seguidores, \u00e9ste resurge renovado y con disposici\u00f3n gobernar el pa\u00eds, para continuar trillando el camino del progreso y el bienestar del pueblo.<\/span><\/p>\n<\/p>\n<p><span class=\"text1noticias\">\u00abLos ataques que ha estado recibiendo Fern\u00e1ndez, tanto en New York como en dominicana, son organizados por grupos pagados y enemigos del PLD, que siempre han estado opuesto al progreso y al pensamiento boschista, que enarbola la organizaci\u00f3n morada\u00bb, asegur\u00f3.<\/span><\/p>\n<\/p>\n<p><span class=\"text1noticias\">Manifest\u00f3 que es penoso y vergonzoso que un dirigente del PLD, como lo es Francisco Dom\u00ednguez Brito, se preste y se deje utilizar haci\u00e9ndoles el juego a los mismos enemigos de su partido, que otrora tildaban falsamente a Juan Bosch de traidor y enga\u00f1a pueblo.<\/span><\/p>\n<\/p>\n<p><span class=\"text1noticias\"> Precis\u00f3 que las acusaciones que le hace la oposici\u00f3n a Leonel, son entendibles, ya que ha sido \u00e9ste quien m\u00e1s  derrotas electorales, le ha propinado, permitiendo que el PLD pase a convertirse en la primera fuerza del pa\u00eds.<\/span><\/p>\n<p><span class=\"text1noticias\">Sostuvo que detr\u00e1s de la persecuci\u00f3n que lleva a cabo Dom\u00ednguez Brito en contra de F\u00e9lix Bautista, se esconde el deseo que tiene el procurador de querer inhabilitar con fines electoreros a Leonel Fern\u00e1ndez.   <\/span><\/p>\n<p><span class=\"text1noticias\">\u00abEl hecho del procurador estar persiguiendo a F\u00e9lix Bautista por rencillas personales, porque en el pasado \u00e9ste no lo haya apoyado en sus pretensiones pol\u00edticas,  no da pies para que se calumnie y se difame  a su propio compa\u00f1ero\u00bb, agreg\u00f3.<\/span><\/p>\n<\/p>\n<p><span class=\"text1noticias\"> Destac\u00f3 que Brito con esa actitud oportunista no solo perjudica a F\u00e9lix  Bautista y a Leonel, sino a su propio partido que es el que  gobierna a la naci\u00f3n y desea continuar en el poder.<\/span><\/p>\n<\/p>\n<p><span class=\"text1noticias\">Detall\u00f3 que tanto la oposici\u00f3n como el procurador de la Rep\u00fablica cuestionan a Feliz Bautista porque en el fondo lo buscan es destruir a quien ser\u00e1 el pr\u00f3ximo presidente de los dominicanos, Leonel Fern\u00e1ndez.<\/span><\/p>\n<\/p>\n<p><span class=\"text1noticias\">Puntualiz\u00f3 que las declaraciones de Brito en perjuicio de Bautista reflejan el grado de odio y rencor que posee \u00e9ste funcionario, y al mismo tiempo perjudican el accionar judicial de la Rep\u00fablica, ya que en la misma se ha utilizado el ingrediente pol\u00edtico y no de justicia.<\/span><\/p>\n<\/p>\n<p><span class=\"text1noticias\">\u00abEl procurador est\u00e1 violentando los derechos constitucionales en contra no solo de Feliz Bautista y Leonel Fern\u00e1ndez, sino del PLD, a\u00f1adi\u00f3.<\/span><\/p>\n<\/p>\n<p><span class=\"text1noticias\">Record\u00f3 que el tema que tiene que ver con los aviones S\u00faper Tucanos, ha sido tra\u00eddo por los cabellos despu\u00e9s de varios a\u00f1os de haber sido comprados, porque en el fondo es una estrategia que busca descalificar y reducir a Leonel Fern\u00e1ndez, olvidando el trabajo que estos aviones realizan en contra del tr\u00e1fico a\u00e9reo de estupefacientes narc\u00f3ticos. <\/span><\/p>\n<\/p>\n<p><span class=\"text1noticias\">Enfatiz\u00f3 que las calumnias y los actos organizados por la oposici\u00f3n y por algunos que otros funcionarios de este gobierno, no pararan el crecimiento de Leonel Fern\u00e1ndez, ya que \u00e9ste ser\u00e1 el candidato del PLD y el pr\u00f3ximo presidente de la Rep\u00fablica.(HG)<\/span>.<\/p>\n<h6> 2014-10-02 22:19:48 <\/h6>\n<p><!--\n<link rel=\"stylesheet\" href=\"css\/bootstrap.min.css\">\n\n\n<ul class=\"pagination\">\n\t    \n\t\n\n<li >\n\t<a href='?page_no=14421'>Previous<\/a>\n\t<\/li>\n\n\n       \n    \n\n<li><a href='?page_no=1'>1<\/a><\/li>\n\n\n\n<li><a href='?page_no=2'>2<\/a><\/li>\n\n\n\n<li><a>...<\/a><\/li>\n\n\n\n<li><a href='?page_no=14420'>14420<\/a><\/li>\n\n\n\n<li><a href='?page_no=14421'>14421<\/a><\/li>\n\n\n\n<li class='active'><a>14422<\/a><\/li>\n\n\n\n<li><a href='?page_no=14423'>14423<\/a><\/li>\n\n\n\n<li><a href='?page_no=14424'>14424<\/a><\/li>\n\n\n\n<li><a>...<\/a><\/li>\n\n\n\n<li><a href='?page_no=36999'>36999<\/a><\/li>\n\n\n\n<li><a href='?page_no=37000'>37000<\/a><\/li>\n\n    \n\t\n\n<li >\n\t<a href='?page_no=14423'>Next<\/a>\n\t<\/li>\n\n\n    \n\n<li><a href='?page_no=37000'>Last &rsaquo;&rsaquo;<\/a><\/li>\n\n<\/ul>\n\n\n--><br \/>\n<\/body><\/p>\n","protected":false},"excerpt":{"rendered":"<p>Santo Domingo, RD, 2 de Octubre.-El presidente del Movimiento Unidad, Renovaci\u00f3n y Orden (MURO), V\u00edctor Pav\u00f3n asegur\u00f3 que la persecuci\u00f3n pol\u00edtica y las diatribas que se ciernen contra el ex presidente Leonel Fern\u00e1ndez, obedecen a un plan muy bien orquestado con el prop\u00f3sito de desacreditarlo ante la sociedad e impedir su inminente regreso al poder [&hellip;]<\/p>\n","protected":false},"author":3,"featured_media":0,"comment_status":"open","ping_status":"open","sticky":false,"template":"","format":"standard","meta":{"footnotes":""},"categories":[22],"tags":[],"class_list":["post-161970","post","type-post","status-publish","format-standard","hentry","category-politica"],"_links":{"self":[{"href":"https:\/\/diariodominicano.com\/index.php?rest_route=\/wp\/v2\/posts\/161970","targetHints":{"allow":["GET"]}}],"collection":[{"href":"https:\/\/diariodominicano.com\/index.php?rest_route=\/wp\/v2\/posts"}],"about":[{"href":"https:\/\/diariodominicano.com\/index.php?rest_route=\/wp\/v2\/types\/post"}],"author":[{"embeddable":true,"href":"https:\/\/diariodominicano.com\/index.php?rest_route=\/wp\/v2\/users\/3"}],"replies":[{"embeddable":true,"href":"https:\/\/diariodominicano.com\/index.php?rest_route=%2Fwp%2Fv2%2Fcomments&post=161970"}],"version-history":[{"count":0,"href":"https:\/\/diariodominicano.com\/index.php?rest_route=\/wp\/v2\/posts\/161970\/revisions"}],"wp:attachment":[{"href":"https:\/\/diariodominicano.com\/index.php?rest_route=%2Fwp%2Fv2%2Fmedia&parent=161970"}],"wp:term":[{"taxonomy":"category","embeddable":true,"href":"https:\/\/diariodominicano.com\/index.php?rest_route=%2Fwp%2Fv2%2Fcategories&post=161970"},{"taxonomy":"post_tag","embeddable":true,"href":"https:\/\/diariodominicano.com\/index.php?rest_route=%2Fwp%2Fv2%2Ftags&post=161970"}],"curies":[{"name":"wp","href":"https:\/\/api.w.org\/{rel}","templated":true}]}}