{"id":161969,"date":"2014-10-03T18:36:22","date_gmt":"2014-10-03T18:36:22","guid":{"rendered":"http:\/\/diariodominicano.ddns.net\/?p=161969"},"modified":"2014-10-03T18:36:22","modified_gmt":"2014-10-03T18:36:22","slug":"el-prd-dara-a-conocer-su-posicion-en-torno-al-presupuesto-de-la-nacion-2015","status":"publish","type":"post","link":"https:\/\/diariodominicano.com\/?p=161969","title":{"rendered":"El PRD dar\u00e1 a conocer su posici\u00f3n en torno al presupuesto de la naci\u00f3n 2015"},"content":{"rendered":"<p><body><\/p>\n<p><img decoding=\"async\" src=\"img3\/prd 3.jpg\" \/>  <\/p>\n<\/p>\n<p>Yv\u00e1n Rodr\u00edguez, director del departamento de econom\u00eda del PRD, en el centro, ofrece declaraciones<\/p>\n<p>Santo Domingo, 2 oct (EFE).- El Partido Revolucionario Dominicano (PRD) ofrecera el lunes pr\u00f3ximo una rueda de prensa donde dar\u00e1 a conocer su posici\u00f3n con relaci\u00f3n al anteproyecto de ley de Presupuestos General de la Naci\u00f3n enviado por el Gobierno al Congreso Nacional.<\/p>\n<p>As\u00ed lo dio a conocer hoy en nota de prensa el presidente del PRD Miguel Vargas Maldonado, quien design\u00f3 una comisi\u00f3n de dirigentes que rendir\u00e1 un informe la pieza.<\/p>\n<p>La comisi\u00f3n estar\u00e1 integrada por Yv\u00e1n Rodr\u00edguez, director del departamento de econom\u00eda del PRD, quien la coordinar\u00e1; Eduardo Jorge Prats, director de institucionalidad y justicia; V\u00edctor G\u00f3mez Casanova, director nacional de comunicaciones; Salim Ibarra, director legal as\u00ed como  Ruddy Gonz\u00e1lez, vocero del bloque de diputados.<\/p>\n<p>Tambi\u00e9n la conforman,  Hugo Rivera, director de la unidad de pol\u00edticas p\u00fablicas; H\u00e9ctor Feliz, diputado de Pedernales y vicepresidente de la Comisi\u00f3n de Presupuesto de la C\u00e1mara de Diputados.<\/p>\n<p>La comisi\u00f3n deber\u00e1 presentar un informe a la presidencia del partido, con las recomendaciones correspondientes de lo que deber\u00e1 ser la posici\u00f3n del PRD y de su bancada legislativa sobre el tema Presupuesto 2015.<\/p>\n<h6> 2014-10-03 18:36:22 <\/h6>\n<p><!--\n<link rel=\"stylesheet\" href=\"css\/bootstrap.min.css\">\n\n\n<ul class=\"pagination\">\n\t    \n\t\n\n<li >\n\t<a href='?page_no=14420'>Previous<\/a>\n\t<\/li>\n\n\n       \n    \n\n<li><a href='?page_no=1'>1<\/a><\/li>\n\n\n\n<li><a href='?page_no=2'>2<\/a><\/li>\n\n\n\n<li><a>...<\/a><\/li>\n\n\n\n<li><a href='?page_no=14419'>14419<\/a><\/li>\n\n\n\n<li><a href='?page_no=14420'>14420<\/a><\/li>\n\n\n\n<li class='active'><a>14421<\/a><\/li>\n\n\n\n<li><a href='?page_no=14422'>14422<\/a><\/li>\n\n\n\n<li><a href='?page_no=14423'>14423<\/a><\/li>\n\n\n\n<li><a>...<\/a><\/li>\n\n\n\n<li><a href='?page_no=36999'>36999<\/a><\/li>\n\n\n\n<li><a href='?page_no=37000'>37000<\/a><\/li>\n\n    \n\t\n\n<li >\n\t<a href='?page_no=14422'>Next<\/a>\n\t<\/li>\n\n\n    \n\n<li><a href='?page_no=37000'>Last &rsaquo;&rsaquo;<\/a><\/li>\n\n<\/ul>\n\n\n--><br \/>\n<\/body><\/p>\n","protected":false},"excerpt":{"rendered":"<p>Yv\u00e1n Rodr\u00edguez, director del departamento de econom\u00eda del PRD, en el centro, ofrece declaraciones Santo Domingo, 2 oct (EFE).- El Partido Revolucionario Dominicano (PRD) ofrecera el lunes pr\u00f3ximo una rueda de prensa donde dar\u00e1 a conocer su posici\u00f3n con relaci\u00f3n al anteproyecto de ley de Presupuestos General de la Naci\u00f3n enviado por el Gobierno al [&hellip;]<\/p>\n","protected":false},"author":3,"featured_media":0,"comment_status":"open","ping_status":"open","sticky":false,"template":"","format":"standard","meta":{"footnotes":""},"categories":[22],"tags":[],"class_list":["post-161969","post","type-post","status-publish","format-standard","hentry","category-politica"],"_links":{"self":[{"href":"https:\/\/diariodominicano.com\/index.php?rest_route=\/wp\/v2\/posts\/161969","targetHints":{"allow":["GET"]}}],"collection":[{"href":"https:\/\/diariodominicano.com\/index.php?rest_route=\/wp\/v2\/posts"}],"about":[{"href":"https:\/\/diariodominicano.com\/index.php?rest_route=\/wp\/v2\/types\/post"}],"author":[{"embeddable":true,"href":"https:\/\/diariodominicano.com\/index.php?rest_route=\/wp\/v2\/users\/3"}],"replies":[{"embeddable":true,"href":"https:\/\/diariodominicano.com\/index.php?rest_route=%2Fwp%2Fv2%2Fcomments&post=161969"}],"version-history":[{"count":0,"href":"https:\/\/diariodominicano.com\/index.php?rest_route=\/wp\/v2\/posts\/161969\/revisions"}],"wp:attachment":[{"href":"https:\/\/diariodominicano.com\/index.php?rest_route=%2Fwp%2Fv2%2Fmedia&parent=161969"}],"wp:term":[{"taxonomy":"category","embeddable":true,"href":"https:\/\/diariodominicano.com\/index.php?rest_route=%2Fwp%2Fv2%2Fcategories&post=161969"},{"taxonomy":"post_tag","embeddable":true,"href":"https:\/\/diariodominicano.com\/index.php?rest_route=%2Fwp%2Fv2%2Ftags&post=161969"}],"curies":[{"name":"wp","href":"https:\/\/api.w.org\/{rel}","templated":true}]}}