{"id":161968,"date":"2014-10-03T18:49:33","date_gmt":"2014-10-03T18:49:33","guid":{"rendered":"http:\/\/diariodominicano.ddns.net\/?p=161968"},"modified":"2014-10-03T18:49:33","modified_gmt":"2014-10-03T18:49:33","slug":"perez-volquez-pide-a-senadores-convertir-en-ley-iniciativa-trata-honorarios-de-los-abogados","status":"publish","type":"post","link":"https:\/\/diariodominicano.com\/?p=161968","title":{"rendered":"P\u00e9rez V\u00f3lquez pide a senadores convertir en Ley iniciativa trata honorarios de los abogados&#13;"},"content":{"rendered":"<p><body><\/p>\n<p><img decoding=\"async\" src=\"img3\/perez 3.jpg\" \/>  <\/p>\n<p>Santo Domingo, RD 3 octubre- El presidente del Frente de Abogados del Partido Revolucionario Dominicano (PRD), Jos\u00e9 Fernando  P\u00e9rez V\u00f3lquez, inst\u00f3 este viernes  a los senadores a emular el ejemplo de los diputados y convertir en Ley a la mayor brevedad la iniciativa de actualizar los honorarios profesionales de los abogados.<\/p>\n<\/p>\n<p>Dijo que esta  ley tiene como prop\u00f3sito regular los honorarios que reciben los abogados por la labor que realizan en juicios, gestiones administrativas o extrajudiciales, fijados de acuerdo a lo que establecer\u00eda esa ley,<\/p>\n<\/p>\n<p>El tambi\u00e9n presidente de la Corriente Gremial Integridad Jur\u00eddica, sostuvo que esa ley  marcar\u00e1 el cambio sustancial de los abogados.<\/p>\n<\/p>\n<p> \u00abEste proyecto vendr\u00eda en ayuda de miles de profesionales de la toga y del birrete, ya que les mejorar\u00eda la econom\u00eda de forma sustancial a los juristas\u00bb,  dijo el jurista.<\/p>\n<\/p>\n<p>Dicha ley deber\u00e1 ser aprobada por el Senado de la Rep\u00fablica para que sea aprobada, el Pleno de diputados acogi\u00f3 las modificaciones que hab\u00edan aprobado en primera lectura.<\/p>\n<\/p>\n<p>\u00abEsta iniciativa fue sometida en su gesti\u00f3n como presidente del Colegio de Abogados de la Rep\u00fablica Dominicana (CARD), a trav\u00e9s del Diputado reformista Pedro Botello, a quien agradeci\u00f3 por el seguimiento dado a la propuesta\u00bb, record\u00f3 P\u00e9rez V\u00f3lquez.<\/p>\n<\/p>\n<\/p>\n<h6> 2014-10-03 18:49:33 <\/h6>\n<p><!--\n<link rel=\"stylesheet\" href=\"css\/bootstrap.min.css\">\n\n\n<ul class=\"pagination\">\n\t    \n\t\n\n<li >\n\t<a href='?page_no=14419'>Previous<\/a>\n\t<\/li>\n\n\n       \n    \n\n<li><a href='?page_no=1'>1<\/a><\/li>\n\n\n\n<li><a href='?page_no=2'>2<\/a><\/li>\n\n\n\n<li><a>...<\/a><\/li>\n\n\n\n<li><a href='?page_no=14418'>14418<\/a><\/li>\n\n\n\n<li><a href='?page_no=14419'>14419<\/a><\/li>\n\n\n\n<li class='active'><a>14420<\/a><\/li>\n\n\n\n<li><a href='?page_no=14421'>14421<\/a><\/li>\n\n\n\n<li><a href='?page_no=14422'>14422<\/a><\/li>\n\n\n\n<li><a>...<\/a><\/li>\n\n\n\n<li><a href='?page_no=36999'>36999<\/a><\/li>\n\n\n\n<li><a href='?page_no=37000'>37000<\/a><\/li>\n\n    \n\t\n\n<li >\n\t<a href='?page_no=14421'>Next<\/a>\n\t<\/li>\n\n\n    \n\n<li><a href='?page_no=37000'>Last &rsaquo;&rsaquo;<\/a><\/li>\n\n<\/ul>\n\n\n--><br \/>\n<\/body><\/p>\n","protected":false},"excerpt":{"rendered":"<p>Santo Domingo, RD 3 octubre- El presidente del Frente de Abogados del Partido Revolucionario Dominicano (PRD), Jos\u00e9 Fernando P\u00e9rez V\u00f3lquez, inst\u00f3 este viernes a los senadores a emular el ejemplo de los diputados y convertir en Ley a la mayor brevedad la iniciativa de actualizar los honorarios profesionales de los abogados. Dijo que esta ley [&hellip;]<\/p>\n","protected":false},"author":3,"featured_media":0,"comment_status":"open","ping_status":"open","sticky":false,"template":"","format":"standard","meta":{"footnotes":""},"categories":[22],"tags":[],"class_list":["post-161968","post","type-post","status-publish","format-standard","hentry","category-politica"],"_links":{"self":[{"href":"https:\/\/diariodominicano.com\/index.php?rest_route=\/wp\/v2\/posts\/161968","targetHints":{"allow":["GET"]}}],"collection":[{"href":"https:\/\/diariodominicano.com\/index.php?rest_route=\/wp\/v2\/posts"}],"about":[{"href":"https:\/\/diariodominicano.com\/index.php?rest_route=\/wp\/v2\/types\/post"}],"author":[{"embeddable":true,"href":"https:\/\/diariodominicano.com\/index.php?rest_route=\/wp\/v2\/users\/3"}],"replies":[{"embeddable":true,"href":"https:\/\/diariodominicano.com\/index.php?rest_route=%2Fwp%2Fv2%2Fcomments&post=161968"}],"version-history":[{"count":0,"href":"https:\/\/diariodominicano.com\/index.php?rest_route=\/wp\/v2\/posts\/161968\/revisions"}],"wp:attachment":[{"href":"https:\/\/diariodominicano.com\/index.php?rest_route=%2Fwp%2Fv2%2Fmedia&parent=161968"}],"wp:term":[{"taxonomy":"category","embeddable":true,"href":"https:\/\/diariodominicano.com\/index.php?rest_route=%2Fwp%2Fv2%2Fcategories&post=161968"},{"taxonomy":"post_tag","embeddable":true,"href":"https:\/\/diariodominicano.com\/index.php?rest_route=%2Fwp%2Fv2%2Ftags&post=161968"}],"curies":[{"name":"wp","href":"https:\/\/api.w.org\/{rel}","templated":true}]}}