{"id":161965,"date":"2014-10-03T18:59:18","date_gmt":"2014-10-03T18:59:18","guid":{"rendered":"http:\/\/diariodominicano.ddns.net\/?p=161965"},"modified":"2014-10-03T18:59:18","modified_gmt":"2014-10-03T18:59:18","slug":"guillermo-moreno-pld-no-puede-seguir-gobernando-el-pais","status":"publish","type":"post","link":"https:\/\/diariodominicano.com\/?p=161965","title":{"rendered":"Guillermo Moreno: \u00abPLD no puede seguir gobernando el pa\u00eds\u00bb"},"content":{"rendered":"<p><body><\/p>\n<p><img decoding=\"async\" src=\"img3\/moreno 3.jpg\" \/>  <\/p>\n<p>Bonao RD 3 octubre.- El presidente de Alianza Pa\u00eds, Guillermo Moreno, plante\u00f3 este jueves en Bonao que el Partido de la Liberaci\u00f3n Dominicana (PLD), no puede seguir gobernado a la Rep\u00fablica Dominicana.<\/p>\n<\/p>\n<p>Moreno, quien encabez\u00f3 el lanzamiento \u00abUn mill\u00f3n de amigos\u00bb, dijo que los ep\u00edtetos dirigidos en Estados Unidos contra el expresidente Leonel Fern\u00e1ndez, es una manifestaci\u00f3n espont\u00e1nea de repudio e indignaci\u00f3n de los dominicanos residentes en el exterior.<\/p>\n<\/p>\n<p>Critic\u00f3 que en los 14 a\u00f1os de gobierno del PLD, la poblaci\u00f3n dominicana sea m\u00e1s pobre, lo que atribuy\u00f3 a la corrupci\u00f3n.<\/p>\n<\/p>\n<p>\u00abUstedes ver\u00e1n y escuchar\u00e1n como las manifestaciones de ladr\u00f3n, ladr\u00f3n, lo van acompa\u00f1ar a \u00e9l (Leonel) en todas las actividades que realice, a menos que las haga clandestinamente\u00bb, dijo.<\/p>\n<\/p>\n<p>El dirigente pol\u00edtico tambi\u00e9n culp\u00f3 al animador de televisi\u00f3n Frederick Mart\u00ednez (El Pacha) de atribuirle a \u00e9l (Moreno) pagar 50 d\u00f3lares para vociferar la referida expresi\u00f3n contra ex mandatario dominicano.<\/p>\n<\/p>\n<p>Descart\u00f3 que la poblaci\u00f3n dominicana pueda creer que Alianza Pa\u00eds se haya prestado a tal pronunciamiento, alegando que el pueblo conoce como se maneja la entidad pol\u00edtica.<\/p>\n<\/p>\n<p>Asegur\u00f3 que la naci\u00f3n carece de autoridades comprometidas en enfrentar con seriedad, la corrupci\u00f3n que se desarrolla en las instituciones del estado.<\/p>\n<\/p>\n<p>Acus\u00f3 a Fern\u00e1ndez de utilizar a la Fundaci\u00f3n Global y Desarrollo (FUNGLODE), supuestamente para lavar dinero sucio de origen corrupto.<\/p>\n<\/p>\n<p>Durante la alocuci\u00f3n que pronunci\u00f3 ante decenas de miembros y simpatizantes de su partido, descargo  cr\u00edticas contundentes contra el procurador general de la Rep\u00fablica, Francisco Dom\u00ednguez Brito y la fiscal del distrito nacional Yeny Berenice Reynoso.<\/p>\n<\/p>\n<p>\u00abUn cambio pol\u00edtico en la conducci\u00f3n del pa\u00eds, no se trata de cambiar lo que est\u00e1 por otra persona que venga a repetir lo mismo, se trata de introducir un cambio pol\u00edtico para enderezar el rumbo de este pa\u00eds para acabar con la impunidad y la corrupci\u00f3n que encarna el partido de gobierno\u00bb , sostuvo.<\/p>\n<h6> 2014-10-03 18:59:18 <\/h6>\n<p><!--\n<link rel=\"stylesheet\" href=\"css\/bootstrap.min.css\">\n\n\n<ul class=\"pagination\">\n\t    \n\t\n\n<li >\n\t<a href='?page_no=14417'>Previous<\/a>\n\t<\/li>\n\n\n       \n    \n\n<li><a href='?page_no=1'>1<\/a><\/li>\n\n\n\n<li><a href='?page_no=2'>2<\/a><\/li>\n\n\n\n<li><a>...<\/a><\/li>\n\n\n\n<li><a href='?page_no=14416'>14416<\/a><\/li>\n\n\n\n<li><a href='?page_no=14417'>14417<\/a><\/li>\n\n\n\n<li class='active'><a>14418<\/a><\/li>\n\n\n\n<li><a href='?page_no=14419'>14419<\/a><\/li>\n\n\n\n<li><a href='?page_no=14420'>14420<\/a><\/li>\n\n\n\n<li><a>...<\/a><\/li>\n\n\n\n<li><a href='?page_no=36999'>36999<\/a><\/li>\n\n\n\n<li><a href='?page_no=37000'>37000<\/a><\/li>\n\n    \n\t\n\n<li >\n\t<a href='?page_no=14419'>Next<\/a>\n\t<\/li>\n\n\n    \n\n<li><a href='?page_no=37000'>Last &rsaquo;&rsaquo;<\/a><\/li>\n\n<\/ul>\n\n\n--><br \/>\n<\/body><\/p>\n","protected":false},"excerpt":{"rendered":"<p>Bonao RD 3 octubre.- El presidente de Alianza Pa\u00eds, Guillermo Moreno, plante\u00f3 este jueves en Bonao que el Partido de la Liberaci\u00f3n Dominicana (PLD), no puede seguir gobernado a la Rep\u00fablica Dominicana. Moreno, quien encabez\u00f3 el lanzamiento \u00abUn mill\u00f3n de amigos\u00bb, dijo que los ep\u00edtetos dirigidos en Estados Unidos contra el expresidente Leonel Fern\u00e1ndez, es [&hellip;]<\/p>\n","protected":false},"author":3,"featured_media":0,"comment_status":"open","ping_status":"open","sticky":false,"template":"","format":"standard","meta":{"footnotes":""},"categories":[22],"tags":[],"class_list":["post-161965","post","type-post","status-publish","format-standard","hentry","category-politica"],"_links":{"self":[{"href":"https:\/\/diariodominicano.com\/index.php?rest_route=\/wp\/v2\/posts\/161965","targetHints":{"allow":["GET"]}}],"collection":[{"href":"https:\/\/diariodominicano.com\/index.php?rest_route=\/wp\/v2\/posts"}],"about":[{"href":"https:\/\/diariodominicano.com\/index.php?rest_route=\/wp\/v2\/types\/post"}],"author":[{"embeddable":true,"href":"https:\/\/diariodominicano.com\/index.php?rest_route=\/wp\/v2\/users\/3"}],"replies":[{"embeddable":true,"href":"https:\/\/diariodominicano.com\/index.php?rest_route=%2Fwp%2Fv2%2Fcomments&post=161965"}],"version-history":[{"count":0,"href":"https:\/\/diariodominicano.com\/index.php?rest_route=\/wp\/v2\/posts\/161965\/revisions"}],"wp:attachment":[{"href":"https:\/\/diariodominicano.com\/index.php?rest_route=%2Fwp%2Fv2%2Fmedia&parent=161965"}],"wp:term":[{"taxonomy":"category","embeddable":true,"href":"https:\/\/diariodominicano.com\/index.php?rest_route=%2Fwp%2Fv2%2Fcategories&post=161965"},{"taxonomy":"post_tag","embeddable":true,"href":"https:\/\/diariodominicano.com\/index.php?rest_route=%2Fwp%2Fv2%2Ftags&post=161965"}],"curies":[{"name":"wp","href":"https:\/\/api.w.org\/{rel}","templated":true}]}}