{"id":161964,"date":"2014-10-03T19:04:58","date_gmt":"2014-10-03T19:04:58","guid":{"rendered":"http:\/\/diariodominicano.ddns.net\/?p=161964"},"modified":"2014-10-03T19:04:58","modified_gmt":"2014-10-03T19:04:58","slug":"gran-entusiasmo-en-curso-de-campanas-electorales-de-la-app-segundo-ciclo-sera-en-febrero-2015","status":"publish","type":"post","link":"https:\/\/diariodominicano.com\/?p=161964","title":{"rendered":"&#13;Gran entusiasmo en curso de campa\u00f1as electorales de la APP; segundo ciclo ser\u00e1 en febrero 2015"},"content":{"rendered":"<p><body><\/p>\n<p><img decoding=\"async\" src=\"img3\/charloa 3.jpg\" \/><br \/><img decoding=\"async\" src=\"img3\/charla 2.jpg\" \/>  <\/p>\n<p>Santo Domingo RD 3 octubre.-El presidente de la Academia Profesionalizaci\u00f3n Pol\u00edtica (APP), Ricardo P\u00e9rez Fern\u00e1ndez, dijo hoy que el primer ciclo del curso \u00abCampa\u00f1as Electorales en el Siglo XXI: De la Improvisaci\u00f3n a la Ciencia\u00bb, donde participaron 410 personas tuvo un rotundo \u00e9xito debido al inter\u00e9s y entusiasmo mostrado por los participantes.<\/p>\n<\/p>\n<p>Explic\u00f3 que el segundo ciclo del referido se realizar\u00e1 los d\u00edas 19 y 20 de febrero del 2015, mientras que el tercer ciclo ser\u00e1 celebrado los d\u00edas 28 y 29 de mayo de ese mismo a\u00f1o.<\/p>\n<\/p>\n<p>Manifest\u00f3 que de los 410 participantes en el primer ciclo de conferencia sobre estrategias y campa\u00f1as electorales, unos 40 j\u00f3venes de diferentes partidos pol\u00edticos fueron becados \u00abgracias a las donaciones de algunos empresarios dominicanos que valoraron la presencia de la juventud en esta actividad\u00bb.<\/p>\n<\/p>\n<p>Dijo que institucionalmente se entregaron cinco becas a j\u00f3venes del Partido Revolucionario Dominicano (PRD), igual n\u00famero a j\u00f3venes de los partidos de la Liberaci\u00f3n Dominicana (PLD), Revolucionario Mayoritario (PRM) y Reformista Social Cristiano (PRSC), mientras que las dem\u00e1s se repartieron a partidos minoritarios o emergentes. El costo de las becas asciende a casi 500 mil pesos.<\/p>\n<\/p>\n<p>P\u00e9rez Fern\u00e1ndez indic\u00f3 que en la actividad participaron representantes de nueve partidos pol\u00edticos, as\u00ed como diputados, alcaldes, regidores, encargados de distritos municipales y gente que trabajo con equipos de importantes figuras pol\u00edticas del pa\u00eds a todos los niveles.<\/p>\n<\/p>\n<p>El polit\u00f3logo asegur\u00f3 que el curso tiene mucha importancia por muchos factores, primero porque quienes se interesen y participen, pueden ver como se hacen las campa\u00f1as electorales de manera profesional.<\/p>\n<\/p>\n<p>P\u00e9rez Fern\u00e1ndez dijo que tanto los pol\u00edticos que se abocar\u00e1n dentro de poco tiempo a un proceso electoral, como cualquier interesado en sentido general por los temas tratados.<\/p>\n<\/p>\n<p>\u00abEn segundo lugar-y es un factor que importantiza el momento en que se ha decidido emprender esta actividad- es que estamos cerca de lo que ser\u00e1 el pr\u00f3ximo proceso electoral\u00bb, agreg\u00f3.<\/p>\n<\/p>\n<p>Afirm\u00f3 que \u00aba partir de aqu\u00ed, aquellos que vayan a desempe\u00f1ar un rol activo, ya sea como candidato o trabajando como parte de alg\u00fan equipo de persona que opte por una posici\u00f3n electiva, pueda tener un visi\u00f3n pol\u00edtica integral de lo que son las campa\u00f1as electorales y puedan aplicar los conocimientos aprendido en el curso\u00bb.<\/p>\n<\/p>\n<p>P\u00e9rez Fern\u00e1ndez afirm\u00f3 que \u00abesto ha sido absolutamente exitoso. Nosotros hab\u00edamos programado originalmente esta actividad para 200 personas, y con toda la buena publicidad que hemos tenido, el inter\u00e9s y el entusiasmo generado, el cupo se duplic\u00f3 a m\u00e1s de 400 personas\u00bb.<\/p>\n<\/p>\n<p>La rama femenina tuvo una gran presencia en curso sobre campa\u00f1as electorales, efectuado en el hotel Embajador, en esta capital, auspiciado por la Academia Profesionalizaci\u00f3n Pol\u00edtica (APP).<\/p>\n<\/p>\n<p>La conferencia final \u00abComo se construye y prepara un candidato\u00bb, estuvo a cargo del renombrado consultor pol\u00edtico argentino Carlos Fara. Cont\u00f3 con la presencia del expresidente Leonel Fern\u00e1ndez Reyna.<\/p>\n<\/p>\n<p>El evento culmin\u00f3 con un panel de cierre, donde participaron destacadas personalidades ligadas al mundo de la pol\u00edtica y la comunicaci\u00f3n, entre ellos Tony Raf\u00fal, Julio C\u00e9sar Valent\u00edn, Persio Maldonado y Rafael Toribio, bajo la moderaci\u00f3n de la comunicadora Laura Castellanos.<\/p>\n<\/p>\n<h6> 2014-10-03 19:04:58 <\/h6>\n<p><!--\n<link rel=\"stylesheet\" href=\"css\/bootstrap.min.css\">\n\n\n<ul class=\"pagination\">\n\t    \n\t\n\n<li >\n\t<a href='?page_no=14416'>Previous<\/a>\n\t<\/li>\n\n\n       \n    \n\n<li><a href='?page_no=1'>1<\/a><\/li>\n\n\n\n<li><a href='?page_no=2'>2<\/a><\/li>\n\n\n\n<li><a>...<\/a><\/li>\n\n\n\n<li><a href='?page_no=14415'>14415<\/a><\/li>\n\n\n\n<li><a href='?page_no=14416'>14416<\/a><\/li>\n\n\n\n<li class='active'><a>14417<\/a><\/li>\n\n\n\n<li><a href='?page_no=14418'>14418<\/a><\/li>\n\n\n\n<li><a href='?page_no=14419'>14419<\/a><\/li>\n\n\n\n<li><a>...<\/a><\/li>\n\n\n\n<li><a href='?page_no=36999'>36999<\/a><\/li>\n\n\n\n<li><a href='?page_no=37000'>37000<\/a><\/li>\n\n    \n\t\n\n<li >\n\t<a href='?page_no=14418'>Next<\/a>\n\t<\/li>\n\n\n    \n\n<li><a href='?page_no=37000'>Last &rsaquo;&rsaquo;<\/a><\/li>\n\n<\/ul>\n\n\n--><br \/>\n<\/body><\/p>\n","protected":false},"excerpt":{"rendered":"<p>Santo Domingo RD 3 octubre.-El presidente de la Academia Profesionalizaci\u00f3n Pol\u00edtica (APP), Ricardo P\u00e9rez Fern\u00e1ndez, dijo hoy que el primer ciclo del curso \u00abCampa\u00f1as Electorales en el Siglo XXI: De la Improvisaci\u00f3n a la Ciencia\u00bb, donde participaron 410 personas tuvo un rotundo \u00e9xito debido al inter\u00e9s y entusiasmo mostrado por los participantes. Explic\u00f3 que el [&hellip;]<\/p>\n","protected":false},"author":3,"featured_media":0,"comment_status":"open","ping_status":"open","sticky":false,"template":"","format":"standard","meta":{"footnotes":""},"categories":[22],"tags":[],"class_list":["post-161964","post","type-post","status-publish","format-standard","hentry","category-politica"],"_links":{"self":[{"href":"https:\/\/diariodominicano.com\/index.php?rest_route=\/wp\/v2\/posts\/161964","targetHints":{"allow":["GET"]}}],"collection":[{"href":"https:\/\/diariodominicano.com\/index.php?rest_route=\/wp\/v2\/posts"}],"about":[{"href":"https:\/\/diariodominicano.com\/index.php?rest_route=\/wp\/v2\/types\/post"}],"author":[{"embeddable":true,"href":"https:\/\/diariodominicano.com\/index.php?rest_route=\/wp\/v2\/users\/3"}],"replies":[{"embeddable":true,"href":"https:\/\/diariodominicano.com\/index.php?rest_route=%2Fwp%2Fv2%2Fcomments&post=161964"}],"version-history":[{"count":0,"href":"https:\/\/diariodominicano.com\/index.php?rest_route=\/wp\/v2\/posts\/161964\/revisions"}],"wp:attachment":[{"href":"https:\/\/diariodominicano.com\/index.php?rest_route=%2Fwp%2Fv2%2Fmedia&parent=161964"}],"wp:term":[{"taxonomy":"category","embeddable":true,"href":"https:\/\/diariodominicano.com\/index.php?rest_route=%2Fwp%2Fv2%2Fcategories&post=161964"},{"taxonomy":"post_tag","embeddable":true,"href":"https:\/\/diariodominicano.com\/index.php?rest_route=%2Fwp%2Fv2%2Ftags&post=161964"}],"curies":[{"name":"wp","href":"https:\/\/api.w.org\/{rel}","templated":true}]}}