{"id":161963,"date":"2014-10-03T21:59:39","date_gmt":"2014-10-03T21:59:39","guid":{"rendered":"http:\/\/diariodominicano.ddns.net\/?p=161963"},"modified":"2014-10-03T21:59:39","modified_gmt":"2014-10-03T21:59:39","slug":"jce-y-tribunal-electoral-de-brasil-firman-acuerdo-para-elevar-gestion-y-administracion-electoral","status":"publish","type":"post","link":"https:\/\/diariodominicano.com\/?p=161963","title":{"rendered":"JCE y Tribunal Electoral de Brasil firman acuerdo para elevar gesti\u00f3n y administraci\u00f3n electoral"},"content":{"rendered":"<p><body><\/p>\n<p><img decoding=\"async\" src=\"img3\/bransil02.jpg\" \/><br \/><img decoding=\"async\" src=\"img3\/JCEBra00.jpg\" \/><br \/><img decoding=\"async\" src=\"img3\/JCEBra00.jpg\" \/>  <\/p>\n<p><span class=\"text1noticias\">Brasilia, Brasil,  3 de Octubre de 2014.- El Presidente  del Tribunal Superior Electoral de Brasil consider\u00f3 que ha llegado la hora de que esa instituci\u00f3n estreche los v\u00ednculos  de colaboraci\u00f3n y  trabajo con la Junta Central Electoral de la Republica Dominicana, para intercambiar experiencias, buenas pr\u00e1cticas y documentaci\u00f3n  electorales entre ambos pa\u00edses que contribuyan a fortalecer los sistemas electorales entre ambas naciones.<\/span><\/p>\n<\/p>\n<p><span class=\"text1noticias\">El Ministro Dias Toffoli  manifest\u00f3 el inter\u00e9s de que la Junta Central Electoral y el Tribunal Superior Electoral de Brasil  trabajen mancomunadamente  en busca del mejoramiento de la gesti\u00f3n y administraci\u00f3n electoral en ambas naciones para beneficio de la consolidaci\u00f3n  de sus democracias.<\/span><\/p>\n<\/p>\n<p><span class=\"text1noticias\">Dias Toffoli se pronunci\u00f3  en esos t\u00e9rminos  al firmar  un Memor\u00e1ndum de Entendimiento  con el  doctor  Roberto Rosario M\u00e1rquez, Presidente de la Junta Central Electoral, quien se encuentra  en  Brasil encabezando  una misi\u00f3n de observaci\u00f3n electoral a prop\u00f3sito de las Elecciones Generales Presidenciales  de este domingo, de la cual forma parte tambi\u00e9n el magistrado Eddy de Jes\u00fas Olivares Ortega, Miembro titular de la Junta Central Electoral.<\/span><\/p>\n<\/p>\n<p><span class=\"text1noticias\">En  el acto de firma de acuerdo, el doctor Rosario M\u00e1rquez  destaco la importancia de esta colaboraci\u00f3n con el Tribunal Superior Electoral de Brasil por la magnitud del trabajo que realiza esa instituci\u00f3n organizado unas elecciones donde participan 140 millones de votantes  y por las experiencias en materias tecnol\u00f3gicas que tiene la misma.<\/span><\/p>\n<\/p>\n<p><span class=\"text1noticias\">El doctor Rosario M\u00e1rquez dijo que la JCE y el Tribunal Superior Electoral de  Brasil podr\u00e1n establecer proyectos espec\u00edficos sobre temas de inter\u00e9s com\u00fan, para el que se definir\u00e1n los recursos humanos y materiales necesarios as\u00ed como los compromisos derivados de las partes.<\/span><\/p>\n<\/p>\n<p><span class=\"text1noticias\">En el memor\u00e1ndum de entendimiento, ambas instituciones podr\u00e1n valerse de la colaboraci\u00f3n de organismos internacionales  y \/o entidades publicas y privadas, a ser identificadas en com\u00fan acuerdo, para la ejecuci\u00f3n de los proyectos espec\u00edficos, destaco el Presidente de la Junta Central Electoral.<\/span><\/p>\n<\/p>\n<p><span class=\"text1noticias\">El  doctor Roberto Rosario M\u00e1rquez, quien es presidente adem\u00e1s de la Uni\u00f3n Interamericana de \u00d3rganos Electorales, UNIORE, dijo que continuara trabajando para fortalecer los v\u00ednculos y la colaboraci\u00f3n mutua entre la Junta Central Electoral y el Tribunal Superior Electoral de Brasil, al igual que como lo ha venido haciendo con otros \u00f3rganos electorales de Am\u00e9rica, Asia y Europa, porque todo eso redundar\u00e1 en beneficio del sistema electoral  y la democracia de Republica Dominicana.<\/span><\/p>\n<\/p>\n<\/p>\n<\/p>\n<\/p>\n<h6> 2014-10-03 21:59:39 <\/h6>\n<p><!--\n<link rel=\"stylesheet\" href=\"css\/bootstrap.min.css\">\n\n\n<ul class=\"pagination\">\n\t    \n\t\n\n<li >\n\t<a href='?page_no=14415'>Previous<\/a>\n\t<\/li>\n\n\n       \n    \n\n<li><a href='?page_no=1'>1<\/a><\/li>\n\n\n\n<li><a href='?page_no=2'>2<\/a><\/li>\n\n\n\n<li><a>...<\/a><\/li>\n\n\n\n<li><a href='?page_no=14414'>14414<\/a><\/li>\n\n\n\n<li><a href='?page_no=14415'>14415<\/a><\/li>\n\n\n\n<li class='active'><a>14416<\/a><\/li>\n\n\n\n<li><a href='?page_no=14417'>14417<\/a><\/li>\n\n\n\n<li><a href='?page_no=14418'>14418<\/a><\/li>\n\n\n\n<li><a>...<\/a><\/li>\n\n\n\n<li><a href='?page_no=36999'>36999<\/a><\/li>\n\n\n\n<li><a href='?page_no=37000'>37000<\/a><\/li>\n\n    \n\t\n\n<li >\n\t<a href='?page_no=14417'>Next<\/a>\n\t<\/li>\n\n\n    \n\n<li><a href='?page_no=37000'>Last &rsaquo;&rsaquo;<\/a><\/li>\n\n<\/ul>\n\n\n--><br \/>\n<\/body><\/p>\n","protected":false},"excerpt":{"rendered":"<p>Brasilia, Brasil, 3 de Octubre de 2014.- El Presidente del Tribunal Superior Electoral de Brasil consider\u00f3 que ha llegado la hora de que esa instituci\u00f3n estreche los v\u00ednculos de colaboraci\u00f3n y trabajo con la Junta Central Electoral de la Republica Dominicana, para intercambiar experiencias, buenas pr\u00e1cticas y documentaci\u00f3n electorales entre ambos pa\u00edses que contribuyan a [&hellip;]<\/p>\n","protected":false},"author":3,"featured_media":0,"comment_status":"open","ping_status":"open","sticky":false,"template":"","format":"standard","meta":{"footnotes":""},"categories":[22],"tags":[],"class_list":["post-161963","post","type-post","status-publish","format-standard","hentry","category-politica"],"_links":{"self":[{"href":"https:\/\/diariodominicano.com\/index.php?rest_route=\/wp\/v2\/posts\/161963","targetHints":{"allow":["GET"]}}],"collection":[{"href":"https:\/\/diariodominicano.com\/index.php?rest_route=\/wp\/v2\/posts"}],"about":[{"href":"https:\/\/diariodominicano.com\/index.php?rest_route=\/wp\/v2\/types\/post"}],"author":[{"embeddable":true,"href":"https:\/\/diariodominicano.com\/index.php?rest_route=\/wp\/v2\/users\/3"}],"replies":[{"embeddable":true,"href":"https:\/\/diariodominicano.com\/index.php?rest_route=%2Fwp%2Fv2%2Fcomments&post=161963"}],"version-history":[{"count":0,"href":"https:\/\/diariodominicano.com\/index.php?rest_route=\/wp\/v2\/posts\/161963\/revisions"}],"wp:attachment":[{"href":"https:\/\/diariodominicano.com\/index.php?rest_route=%2Fwp%2Fv2%2Fmedia&parent=161963"}],"wp:term":[{"taxonomy":"category","embeddable":true,"href":"https:\/\/diariodominicano.com\/index.php?rest_route=%2Fwp%2Fv2%2Fcategories&post=161963"},{"taxonomy":"post_tag","embeddable":true,"href":"https:\/\/diariodominicano.com\/index.php?rest_route=%2Fwp%2Fv2%2Ftags&post=161963"}],"curies":[{"name":"wp","href":"https:\/\/api.w.org\/{rel}","templated":true}]}}