{"id":161962,"date":"2014-10-03T23:33:43","date_gmt":"2014-10-03T23:33:43","guid":{"rendered":"http:\/\/diariodominicano.ddns.net\/?p=161962"},"modified":"2014-10-03T23:33:43","modified_gmt":"2014-10-03T23:33:43","slug":"alcaldes-del-prm-piden-aumento-presupuesto-de-los-ayuntamientos-como-establece-ley-166-03","status":"publish","type":"post","link":"https:\/\/diariodominicano.com\/?p=161962","title":{"rendered":"Alcaldes del PRM piden  aumento  presupuesto de los ayuntamientos como establece Ley 166-03"},"content":{"rendered":"<p><body><\/p>\n<p><img decoding=\"async\" src=\"img3\/prm-municipios.jpg\" \/>  <\/p>\n<p><span class=\"text1noticias\">Santo Domingo, R. D., 4 de octubre.- La Asamblea de Alcaldes del Partido Revolucionario Moderno (PRM) anuncia su respaldo  al presidente  de la Federaci\u00f3n Dominicana de Municipios en su demanda de aumento en el Presupuesto de los Ayuntamientos y deplora que en el a\u00f1o 2014, los gobiernos municipales est\u00e9n recibiendo alrededor de un cuatro por ciento del Presupuesto de la Naci\u00f3n, a pesar de que en el a\u00f1o 2004, se aprob\u00f3 la Ley 166-03, que dispuso un aumento presupuestario gradual para los ayuntamientos, el que debi\u00f3 llegar al 10 por ciento en el 2010.<\/span><\/p>\n<p><span class=\"text1noticias\"> <\/span><\/p>\n<p><span class=\"text1noticias\">Los alcaldes del PRM, luego de celebrar una reuni\u00f3n, la cual encabez\u00f3 su presidente, el doctor Andr\u00e9s Bautista, consideraron que las Comisiones de Presupuesto de la C\u00e1mara de Diputados y del Senado,  deben mejorar la partida asignada para los ayuntamientos, tomando en cuenta la incidencia de los combustibles en los costos de los servicios municipales y tomando en cuenta el necesario aumento de salarios.<\/span><\/p>\n<p><span class=\"text1noticias\"> <\/span><\/p>\n<p><span class=\"text1noticias\">Proponen adem\u00e1s que se asigne en el Presupuesto para el 2015, una partida especial para el inicio de  la construcci\u00f3n de rellenos sanitarios en algunos municipios, en atenci\u00f3n a que los ayuntamientos no pueden afrontar esos costos y el pa\u00eds debe superar la etapa de los vertederos de cielo abierto.<\/span><\/p>\n<p><span class=\"text1noticias\"> <\/span><\/p>\n<p><span class=\"text1noticias\"> Reclaman tambi\u00e9n, la asignaci\u00f3n de un fondo especial para la compra por parte del Gobierno Central, de una partida de camiones cisterna para los cuerpos de bomberos de los ayuntamientos, a fin de habilitar a muchos ayuntamientos que carecen de ellos o para sustituir los camiones bombas que tienen en p\u00e9simas condiciones.<\/span><\/p>\n<p><span class=\"text1noticias\"> <\/span><\/p>\n<p><span class=\"text1noticias\">El Presupuesto de la Naci\u00f3n debe servir de instrumento para cubrir tambi\u00e9n las necesidades de financiaci\u00f3n  de los ayuntamientos del pa\u00eds. <\/span><\/p>\n<p><span class=\"text1noticias\"> <\/span><\/p>\n<p><span class=\"text1noticias\">En la reuni\u00f3n participaron adem\u00e1s de Bautista, el dirigente Jes\u00fas V\u00e1squez, la doctora Geanilda V\u00e1squez, el doctor H\u00e9ctor Grull\u00f3n Moronta, entre otros.<\/span><\/p>\n<p><span class=\"text1noticias\"> <\/span><\/p>\n<p><span class=\"text1noticias\">Los alcaldes municipales  participantes estuvieron: Remberto Cruz de Moca, Jos\u00e9 Rafael Estrella, de Pu\u00f1al, Pablo Senci\u00f3n, de Villa Isabela, Omar S\u00e1nchez de Montellano, Juna Luna, de Constanza, Hermes Rodr\u00edguez de Tenares, Luis Nelson Rosario de Pimentel, Jos\u00e9 Peralta de Santa Cruz de Mao, Luis M\u00e9ndez por Montecristi,  Ram\u00f3n Antonio Pimentel, de Casta\u00f1uelas, Guarionex Genaro, de Loma de Cabrera, Ram\u00f3n Aquino de Arenoso.<\/span><\/p>\n<p><span class=\"text1noticias\"> <\/span><\/p>\n<p><span class=\"text1noticias\">Adem\u00e1s,  Glovis Reyes por Nizao, Pedro Castillo de sabana Larga, Fausto de los Santos de juna  de Herrera, Ram\u00f3n de Jes\u00fas Vargas por Peralvillo, Andresito Cipion de Vallejuelo, Jos\u00e9 Francisco Moreta de la Ci\u00e9naga, Menni Cuevas por Tamayo, Buanerges Matos de Crist\u00f3bal, Robert Tavares, de Los Llanos y Jos\u00e9  A P\u00e9rez de El <\/span>Valle.<\/p>\n<h6> 2014-10-03 23:33:43 <\/h6>\n<p><!--\n<link rel=\"stylesheet\" href=\"css\/bootstrap.min.css\">\n\n\n<ul class=\"pagination\">\n\t    \n\t\n\n<li >\n\t<a href='?page_no=14414'>Previous<\/a>\n\t<\/li>\n\n\n       \n    \n\n<li><a href='?page_no=1'>1<\/a><\/li>\n\n\n\n<li><a href='?page_no=2'>2<\/a><\/li>\n\n\n\n<li><a>...<\/a><\/li>\n\n\n\n<li><a href='?page_no=14413'>14413<\/a><\/li>\n\n\n\n<li><a href='?page_no=14414'>14414<\/a><\/li>\n\n\n\n<li class='active'><a>14415<\/a><\/li>\n\n\n\n<li><a href='?page_no=14416'>14416<\/a><\/li>\n\n\n\n<li><a href='?page_no=14417'>14417<\/a><\/li>\n\n\n\n<li><a>...<\/a><\/li>\n\n\n\n<li><a href='?page_no=36999'>36999<\/a><\/li>\n\n\n\n<li><a href='?page_no=37000'>37000<\/a><\/li>\n\n    \n\t\n\n<li >\n\t<a href='?page_no=14416'>Next<\/a>\n\t<\/li>\n\n\n    \n\n<li><a href='?page_no=37000'>Last &rsaquo;&rsaquo;<\/a><\/li>\n\n<\/ul>\n\n\n--><br \/>\n<\/body><\/p>\n","protected":false},"excerpt":{"rendered":"<p>Santo Domingo, R. D., 4 de octubre.- La Asamblea de Alcaldes del Partido Revolucionario Moderno (PRM) anuncia su respaldo al presidente de la Federaci\u00f3n Dominicana de Municipios en su demanda de aumento en el Presupuesto de los Ayuntamientos y deplora que en el a\u00f1o 2014, los gobiernos municipales est\u00e9n recibiendo alrededor de un cuatro por [&hellip;]<\/p>\n","protected":false},"author":3,"featured_media":0,"comment_status":"open","ping_status":"open","sticky":false,"template":"","format":"standard","meta":{"footnotes":""},"categories":[22],"tags":[],"class_list":["post-161962","post","type-post","status-publish","format-standard","hentry","category-politica"],"_links":{"self":[{"href":"https:\/\/diariodominicano.com\/index.php?rest_route=\/wp\/v2\/posts\/161962","targetHints":{"allow":["GET"]}}],"collection":[{"href":"https:\/\/diariodominicano.com\/index.php?rest_route=\/wp\/v2\/posts"}],"about":[{"href":"https:\/\/diariodominicano.com\/index.php?rest_route=\/wp\/v2\/types\/post"}],"author":[{"embeddable":true,"href":"https:\/\/diariodominicano.com\/index.php?rest_route=\/wp\/v2\/users\/3"}],"replies":[{"embeddable":true,"href":"https:\/\/diariodominicano.com\/index.php?rest_route=%2Fwp%2Fv2%2Fcomments&post=161962"}],"version-history":[{"count":0,"href":"https:\/\/diariodominicano.com\/index.php?rest_route=\/wp\/v2\/posts\/161962\/revisions"}],"wp:attachment":[{"href":"https:\/\/diariodominicano.com\/index.php?rest_route=%2Fwp%2Fv2%2Fmedia&parent=161962"}],"wp:term":[{"taxonomy":"category","embeddable":true,"href":"https:\/\/diariodominicano.com\/index.php?rest_route=%2Fwp%2Fv2%2Fcategories&post=161962"},{"taxonomy":"post_tag","embeddable":true,"href":"https:\/\/diariodominicano.com\/index.php?rest_route=%2Fwp%2Fv2%2Ftags&post=161962"}],"curies":[{"name":"wp","href":"https:\/\/api.w.org\/{rel}","templated":true}]}}