{"id":161961,"date":"2014-10-03T23:57:16","date_gmt":"2014-10-03T23:57:16","guid":{"rendered":"http:\/\/diariodominicano.ddns.net\/?p=161961"},"modified":"2014-10-03T23:57:16","modified_gmt":"2014-10-03T23:57:16","slug":"reinaldo-pared-perez-anuncia-solicitara-licencia-como-secretario-general-del-pld-cuando-el-comite-central-oficialice-precandidaturas","status":"publish","type":"post","link":"https:\/\/diariodominicano.com\/?p=161961","title":{"rendered":"Reinaldo Pared P\u00e9rez anuncia  solicitar\u00e1 licencia como secretario general del PLD cuando el &#13;Comit\u00e9 Central oficialice precandidaturas"},"content":{"rendered":"<p><body><\/p>\n<p><img decoding=\"async\" src=\"img3\/Reinaldo-San Juan.jpg\" \/>  <\/p>\n<p><span class=\"text1noticias\"> SAN JUAN DE LA MAGUANA, 4 de Octubre de 2014.-  El aspirante presidencial Reinaldo Pared P\u00e9rez anunci\u00f3 aqu\u00ed que tomar\u00e1 una licencia como secretario general del Partido de la Liberaci\u00f3n Dominicana (PLD) desde el momento en que el Comit\u00e9 Central de la organizaci\u00f3n oficialice el proceso interno para la elecci\u00f3n del candidato presidencial.<\/span><\/p>\n<p><span class=\"text1noticias\"> <\/span><\/p>\n<p><span class=\"text1noticias\">El senador por el Distrito Nacional record\u00f3 que recientemente no opt\u00f3 para volver a presidir el Senado de la Rep\u00fablica, primero para no dar motivos a que se pensara que utilizar\u00eda esa posici\u00f3n para beneficiarse como aspirante a la candidatura presidencial del PLD y, segundo, para poder dedicar m\u00e1s tiempo a su campa\u00f1a electoral.<\/span><\/p>\n<p><span class=\"text1noticias\"> <\/span><\/p>\n<p><span class=\"text1noticias\">\u00abAdem\u00e1s de recordarles que hace unos d\u00edas propuse que el candidato presidencial del PLD debe escogerse lo m\u00e1s r\u00e1pidamente posible, quiero reiterar que el Comit\u00e9 Central debe reunirse entre enero y febrero para oficializar las precandidaturas\u00bb, enfatiz\u00f3 el dirigente pelede\u00edsta.<\/span><\/p>\n<p><span class=\"text1noticias\"> <\/span><\/p>\n<p><span class=\"text1noticias\">Agreg\u00f3 que la escogencia de los candidatos debe realizarse en dos procesos: primero escoger al candidato presidencial y, luego, en un segundo proceso escoger a los candidatos a cargos congresuales y municipales.<\/span><\/p>\n<p><span class=\"text1noticias\"> <\/span><\/p>\n<p><span class=\"text1noticias\">Al referirse a la posici\u00f3n que adoptar\u00e1 luego que el Comit\u00e9 Central del PLD oficialice las precandidaturas, el doctor Pared P\u00e9rez dijo: \u00ables tengo una primicia, tan pronto se tome la iniciativa presentar\u00e9 ante el Comit\u00e9 Pol\u00edtico una solicitud para tomar una licencia como secretario general del partido, para que no vayan a malinterpretar la cosa y se vaya a pensar que esta posici\u00f3n dirigencial en el partido podr\u00eda beneficiarme como aspirante presidencial\u00bb.<\/span><\/p>\n<p><span class=\"text1noticias\"> <\/span><\/p>\n<p><span class=\"text1noticias\">El aspirante presidencial por el PLD recorre desde el viernes los pueblos y municipios de las provincias San Juan y El\u00edas Pi\u00f1a, donde recibe un notable respaldo de la dirigencia del partido en lugares como Bohech\u00edo, Arroyo Cano, Palmar del Yaque, Loma del Yaque, Sabana Alta y varias circunscripciones electorales de la zona.<\/span><\/p>\n<p><span class=\"text1noticias\"> <\/span><\/p>\n<p><span class=\"text1noticias\">Este s\u00e1bado, el doctor Pared P\u00e9rez recorrer\u00e1 la provincia El\u00edas Pi\u00f1a y el domingo culminar\u00e1 sus actividades con un masivo acto en esta ciudad de San Juan de la Maguana.<\/span><\/p>\n<p><span class=\"text1noticias\"> <\/span><\/p>\n<p><span class=\"text1noticias\">El c\u00f3nsul general de la Rep\u00fablica Dominicana en Puerto Pr\u00edncipe y miembro del Comit\u00e9 Central del PLD, profesor Ram\u00f3n de la Rosa, aspirante a senador por la provincia de San Juan, encabez\u00f3 la amplia delegaci\u00f3n de dirigentes que recibi\u00f3 al doctor Pared P\u00e9rez y le acompa\u00f1\u00f3 en el recorrido de este viernes.<\/span><\/p>\n<p><span class=\"text1noticias\"> <\/span><\/p>\n<p><span class=\"text1noticias\">El presidente del PLD en Las Matas de Farf\u00e1n y miembro del Comit\u00e9 Central del PLD, Ruddy D\u00edaz, as\u00ed como dirigentes como F\u00e1tima P\u00e9rez, Julio C\u00e9sar Budr\u00e9, Jos\u00e9 Ram\u00f3n  Mateo, Milton C\u00e9sar de los Santos y el profesor Arsenio Quevedo, presidente de la Uni\u00f3n Nacional de Transportistas y Afines (UNATRAFIN) y aspirante a diputado por El\u00edas Pi\u00f1a, figuran entre los dirigentes pelede\u00edstas que respaldan al doctor Pared P\u00e9rez en este recorrido.<\/span><\/p>\n<p><span class=\"text1noticias\"> <\/span><\/p>\n<p><span class=\"text1noticias\">El doctor Pared P\u00e9rez viaja por esta zona acompa\u00f1ado de los senadores Rafael Calder\u00f3n y Juan Orlando Mercedes, de las provincias Azua e Independencia, respectivamente; el alcalde de Azua, Rafael Hidalgo, as\u00ed como de los miembros del Comit\u00e9 Central del PLD Charlie N\u00fa\u00f1ez, Margarita Pimentel, diputado Franklin de la Cruz y Bol\u00edvar Marte, entre otros.<\/span><\/p>\n<h6> 2014-10-03 23:57:16 <\/h6>\n<p><!--\n<link rel=\"stylesheet\" href=\"css\/bootstrap.min.css\">\n\n\n<ul class=\"pagination\">\n\t    \n\t\n\n<li >\n\t<a href='?page_no=14413'>Previous<\/a>\n\t<\/li>\n\n\n       \n    \n\n<li><a href='?page_no=1'>1<\/a><\/li>\n\n\n\n<li><a href='?page_no=2'>2<\/a><\/li>\n\n\n\n<li><a>...<\/a><\/li>\n\n\n\n<li><a href='?page_no=14412'>14412<\/a><\/li>\n\n\n\n<li><a href='?page_no=14413'>14413<\/a><\/li>\n\n\n\n<li class='active'><a>14414<\/a><\/li>\n\n\n\n<li><a href='?page_no=14415'>14415<\/a><\/li>\n\n\n\n<li><a href='?page_no=14416'>14416<\/a><\/li>\n\n\n\n<li><a>...<\/a><\/li>\n\n\n\n<li><a href='?page_no=36999'>36999<\/a><\/li>\n\n\n\n<li><a href='?page_no=37000'>37000<\/a><\/li>\n\n    \n\t\n\n<li >\n\t<a href='?page_no=14415'>Next<\/a>\n\t<\/li>\n\n\n    \n\n<li><a href='?page_no=37000'>Last &rsaquo;&rsaquo;<\/a><\/li>\n\n<\/ul>\n\n\n--><br \/>\n<\/body><\/p>\n","protected":false},"excerpt":{"rendered":"<p>SAN JUAN DE LA MAGUANA, 4 de Octubre de 2014.- El aspirante presidencial Reinaldo Pared P\u00e9rez anunci\u00f3 aqu\u00ed que tomar\u00e1 una licencia como secretario general del Partido de la Liberaci\u00f3n Dominicana (PLD) desde el momento en que el Comit\u00e9 Central de la organizaci\u00f3n oficialice el proceso interno para la elecci\u00f3n del candidato presidencial. El senador [&hellip;]<\/p>\n","protected":false},"author":3,"featured_media":0,"comment_status":"open","ping_status":"open","sticky":false,"template":"","format":"standard","meta":{"footnotes":""},"categories":[22],"tags":[],"class_list":["post-161961","post","type-post","status-publish","format-standard","hentry","category-politica"],"_links":{"self":[{"href":"https:\/\/diariodominicano.com\/index.php?rest_route=\/wp\/v2\/posts\/161961","targetHints":{"allow":["GET"]}}],"collection":[{"href":"https:\/\/diariodominicano.com\/index.php?rest_route=\/wp\/v2\/posts"}],"about":[{"href":"https:\/\/diariodominicano.com\/index.php?rest_route=\/wp\/v2\/types\/post"}],"author":[{"embeddable":true,"href":"https:\/\/diariodominicano.com\/index.php?rest_route=\/wp\/v2\/users\/3"}],"replies":[{"embeddable":true,"href":"https:\/\/diariodominicano.com\/index.php?rest_route=%2Fwp%2Fv2%2Fcomments&post=161961"}],"version-history":[{"count":0,"href":"https:\/\/diariodominicano.com\/index.php?rest_route=\/wp\/v2\/posts\/161961\/revisions"}],"wp:attachment":[{"href":"https:\/\/diariodominicano.com\/index.php?rest_route=%2Fwp%2Fv2%2Fmedia&parent=161961"}],"wp:term":[{"taxonomy":"category","embeddable":true,"href":"https:\/\/diariodominicano.com\/index.php?rest_route=%2Fwp%2Fv2%2Fcategories&post=161961"},{"taxonomy":"post_tag","embeddable":true,"href":"https:\/\/diariodominicano.com\/index.php?rest_route=%2Fwp%2Fv2%2Ftags&post=161961"}],"curies":[{"name":"wp","href":"https:\/\/api.w.org\/{rel}","templated":true}]}}