{"id":161960,"date":"2014-10-04T14:11:02","date_gmt":"2014-10-04T14:11:02","guid":{"rendered":"http:\/\/diariodominicano.ddns.net\/?p=161960"},"modified":"2014-10-04T14:11:02","modified_gmt":"2014-10-04T14:11:02","slug":"guillermo-caram-dice-reformistas-deben-desconectarse-del-pld-pero-no-del-gobierno","status":"publish","type":"post","link":"https:\/\/diariodominicano.com\/?p=161960","title":{"rendered":"Guillermo Caram, dice \u00b4\u00b4reformistas deben desconectarse del PLD, pero no del gobierno\u00b4\u00b4&#13;"},"content":{"rendered":"<p><body><\/p>\n<p><img decoding=\"async\" src=\"img3\/caran 4.jpg\" \/>  <\/p>\n<p>Santo Domingo RD 4 octubre.- .- El vicepresidente del Partido Reformista Social Cristiano (PRSC) Guillermo Caram dijo que esta organizaci\u00f3n pol\u00edtica debe desconectarse del Partido de la Liberaci\u00f3n Dominicana (PLD) para lograr una verdadera reconstrucci\u00f3n, pero sin desligarse del gobierno.<\/p>\n<\/p>\n<p>Caram indic\u00f3 que estando dentro del gobierno es m\u00e1s f\u00e1cil hacer oposici\u00f3n, aunque reconoci\u00f3 que los miembros de su partido no est\u00e1n cumpliendo esta funci\u00f3n correctamente.<\/p>\n<\/p>\n<p>Al ser entrevistado por el periodista Salvador en el programa Hilando Fino Holgu\u00edn transmitido por Teleradio Am\u00e9rica canal 45 a las 8:00 AM, Guillermo Caram resalt\u00f3 que el PRSC puede recomponerse y convertirse en una fuerte de oposici\u00f3n institucionalizada para el 2016.<\/p>\n<\/p>\n<p>El dirigente expres\u00f3 que la sociedad dominicana est\u00e1 cansada del bipartidismo que han liderado el Partido de la Liberaci\u00f3n Dominicana (PLD) y el Partido Revolucionario Dominicano (PRD), lo que representa una oportunidad para el PRSC.<\/p>\n<\/p>\n<p>Caram dijo que existen posibilidades de que surjan fen\u00f3menos pol\u00edticos que conlleven a grandes cambios sociales, sin embargo asumi\u00f3 que en el partido reformista no se est\u00e1 haciendo lo suficiente para lograr dichos cambios.<\/p>\n<p><strong>El presupuesto nacional<\/strong><\/p>\n<\/p>\n<p>Guillermo Caram se refiri\u00f3 al tema del presupuesto nacional para el 2015, y manifest\u00f3 que el mismo debi\u00f3 ser m\u00e1s comedido y m\u00e1s prudente, con estimaciones de ingreso menos optimistas, a pesar de las favorables entradas que se han obtenido.<\/p>\n<\/p>\n<p>El ex gobernador resalt\u00f3 que el gobierno ha tenido ingresos extraordinarios este a\u00f1o, pero, que para poder reflejarlo debe ejecutar algunas acciones como, eliminar las asignaciones partidarias, corregir el sistema de subsidios y eliminar las famosas \u00b4\u00b4 botellas\u00b4\u00b4.<\/p>\n<\/p>\n<p>Al preguntarle que si el presupuesto deja al desnudo la verdadera situaci\u00f3n del pais, Caram respondi\u00f3 que la misma ya estaba al desnudo, hasta en la comunidad internacional, la que apoya al presidente Danilo de manera muy positiva.<\/p>\n<\/p>\n<p>Expres\u00f3 que Medina debe de utilizar la popularidad y la autoridad que se le ha concedido para introducir los cambios fiscales que se necesitan.<\/p>\n<\/p>\n<p>El programa \u00abHilando Fino\u00bb se transmite de lunes a viernes a las 8 am por Teleradio Am\u00e9rica canal 45 y para los Estados Unidos, Centro Am\u00e9rica y Europa por S\u00faper Canal Caribe, Cablevisi\u00f3n 211, Comcast 620, Time Warner Cable 809 y Verizon FiOS 1507 y por la Internet www.hilandofinotv.com, en youtube \/hilandofinotv.<\/p>\n<\/p>\n<h6> 2014-10-04 14:11:02 <\/h6>\n<p><!--\n<link rel=\"stylesheet\" href=\"css\/bootstrap.min.css\">\n\n\n<ul class=\"pagination\">\n\t    \n\t\n\n<li >\n\t<a href='?page_no=14412'>Previous<\/a>\n\t<\/li>\n\n\n       \n    \n\n<li><a href='?page_no=1'>1<\/a><\/li>\n\n\n\n<li><a href='?page_no=2'>2<\/a><\/li>\n\n\n\n<li><a>...<\/a><\/li>\n\n\n\n<li><a href='?page_no=14411'>14411<\/a><\/li>\n\n\n\n<li><a href='?page_no=14412'>14412<\/a><\/li>\n\n\n\n<li class='active'><a>14413<\/a><\/li>\n\n\n\n<li><a href='?page_no=14414'>14414<\/a><\/li>\n\n\n\n<li><a href='?page_no=14415'>14415<\/a><\/li>\n\n\n\n<li><a>...<\/a><\/li>\n\n\n\n<li><a href='?page_no=36999'>36999<\/a><\/li>\n\n\n\n<li><a href='?page_no=37000'>37000<\/a><\/li>\n\n    \n\t\n\n<li >\n\t<a href='?page_no=14414'>Next<\/a>\n\t<\/li>\n\n\n    \n\n<li><a href='?page_no=37000'>Last &rsaquo;&rsaquo;<\/a><\/li>\n\n<\/ul>\n\n\n--><br \/>\n<\/body><\/p>\n","protected":false},"excerpt":{"rendered":"<p>Santo Domingo RD 4 octubre.- .- El vicepresidente del Partido Reformista Social Cristiano (PRSC) Guillermo Caram dijo que esta organizaci\u00f3n pol\u00edtica debe desconectarse del Partido de la Liberaci\u00f3n Dominicana (PLD) para lograr una verdadera reconstrucci\u00f3n, pero sin desligarse del gobierno. Caram indic\u00f3 que estando dentro del gobierno es m\u00e1s f\u00e1cil hacer oposici\u00f3n, aunque reconoci\u00f3 que [&hellip;]<\/p>\n","protected":false},"author":3,"featured_media":0,"comment_status":"open","ping_status":"open","sticky":false,"template":"","format":"standard","meta":{"footnotes":""},"categories":[22],"tags":[],"class_list":["post-161960","post","type-post","status-publish","format-standard","hentry","category-politica"],"_links":{"self":[{"href":"https:\/\/diariodominicano.com\/index.php?rest_route=\/wp\/v2\/posts\/161960","targetHints":{"allow":["GET"]}}],"collection":[{"href":"https:\/\/diariodominicano.com\/index.php?rest_route=\/wp\/v2\/posts"}],"about":[{"href":"https:\/\/diariodominicano.com\/index.php?rest_route=\/wp\/v2\/types\/post"}],"author":[{"embeddable":true,"href":"https:\/\/diariodominicano.com\/index.php?rest_route=\/wp\/v2\/users\/3"}],"replies":[{"embeddable":true,"href":"https:\/\/diariodominicano.com\/index.php?rest_route=%2Fwp%2Fv2%2Fcomments&post=161960"}],"version-history":[{"count":0,"href":"https:\/\/diariodominicano.com\/index.php?rest_route=\/wp\/v2\/posts\/161960\/revisions"}],"wp:attachment":[{"href":"https:\/\/diariodominicano.com\/index.php?rest_route=%2Fwp%2Fv2%2Fmedia&parent=161960"}],"wp:term":[{"taxonomy":"category","embeddable":true,"href":"https:\/\/diariodominicano.com\/index.php?rest_route=%2Fwp%2Fv2%2Fcategories&post=161960"},{"taxonomy":"post_tag","embeddable":true,"href":"https:\/\/diariodominicano.com\/index.php?rest_route=%2Fwp%2Fv2%2Ftags&post=161960"}],"curies":[{"name":"wp","href":"https:\/\/api.w.org\/{rel}","templated":true}]}}