{"id":161959,"date":"2014-10-04T14:54:29","date_gmt":"2014-10-04T14:54:29","guid":{"rendered":"http:\/\/diariodominicano.ddns.net\/?p=161959"},"modified":"2014-10-04T14:54:29","modified_gmt":"2014-10-04T14:54:29","slug":"senador-del-pld-por-santiago-responde-que-la-reeleccion-no-esta-en-agenda-y-reforma-es-del-cn","status":"publish","type":"post","link":"https:\/\/diariodominicano.com\/?p=161959","title":{"rendered":"Senador del PLD por Santiago responde que la reelecci\u00f3n no est\u00e1 en agenda y reforma es del CN"},"content":{"rendered":"<p><body><\/p>\n<p>Santo Domingo RD 4 octubre.- El senador por Santiago, Julio C\u00e9sar Valent\u00edn, asegur\u00f3 este viernes que es pertinente aclarar que la posible discusi\u00f3n de una reforma constitucional es tema exclusivo del Congreso Nacional por facultad constitucional.<\/p>\n<\/p>\n<p>\u00abEl de la reelecci\u00f3n presidencial resulta ser un tema recurrente a mediado de los gobiernos dominicanos, a\u00fan en los casos en los que existen impedimentos institucionales como es el caso actual\u00bb, fue la respuesta del legislador santiaguero al ser consultado en relaci\u00f3n a la idea del ministro de Administraci\u00f3n P\u00fablica, Ram\u00f3n Ventura Camejo, en el sentido de que har\u00eda una propuesta al Comit\u00e9 Pol\u00edtico para que apruebe la reelecci\u00f3n.<\/p>\n<\/p>\n<p>Valent\u00edn, miembro del Comit\u00e9 Pol\u00edtico del PLD, dijo que a su juicio resulta inoportuno y poco fructuoso para el PLD colocar en este momento el tema de la reelecci\u00f3n en la agenda nacional, toda vez que lo prioritario es contribuir con el buen gobierno que realiza el presidente Danilo Medina, lo que le ha otorgado amplios niveles de simpat\u00eda popular.<\/p>\n<\/p>\n<p>Refiri\u00f3 que todo pelede\u00edsta debe trabajar en dos tareas fundamentales: defender el excelente gobierno del presidente Medina y fortalecer la unidad interna del PLD que ha sido uno de los factores decisivos de las victorias electorales moradas.<\/p>\n<\/p>\n<p>Consider\u00f3 que los aprestos reeleccionistas no tienen el aval del presidente Danilo Medina, en raz\u00f3n de que una de las fortalezas del mandatario ha sido su s\u00f3lida credibilidad, lo que podr\u00eda ser lastimada con un posible intento en ese sentido.<\/p>\n<\/p>\n<p>Valent\u00edn asever\u00f3 que los principales voceros en la contienda interna del 2007 destacaron las desventajas de la reelecci\u00f3n presidencial, seg\u00fan el parecer de Medina.<\/p>\n<\/p>\n<p>\u00abEl presidente Medina dejar\u00e1 su legado y estar\u00e1 validado para presentarse de nuevo con \u00e9xito en cert\u00e1menes electorales futuros\u00bb, agreg\u00f3 el representante en el Senado de Santiago.<\/p>\n<\/p>\n<p>Dio como un hecho que el pr\u00f3ximo proceso electoral ser\u00e1 ganado por el Partido de la Liberaci\u00f3n Dominicana y la buena obra de los gobiernos del PLD ser\u00e1n  bases fundamentales de dicho triunfo.<\/p>\n<\/p>\n<h6> 2014-10-04 14:54:29 <\/h6>\n<p><!--\n<link rel=\"stylesheet\" href=\"css\/bootstrap.min.css\">\n\n\n<ul class=\"pagination\">\n\t    \n\t\n\n<li >\n\t<a href='?page_no=14411'>Previous<\/a>\n\t<\/li>\n\n\n       \n    \n\n<li><a href='?page_no=1'>1<\/a><\/li>\n\n\n\n<li><a href='?page_no=2'>2<\/a><\/li>\n\n\n\n<li><a>...<\/a><\/li>\n\n\n\n<li><a href='?page_no=14410'>14410<\/a><\/li>\n\n\n\n<li><a href='?page_no=14411'>14411<\/a><\/li>\n\n\n\n<li class='active'><a>14412<\/a><\/li>\n\n\n\n<li><a href='?page_no=14413'>14413<\/a><\/li>\n\n\n\n<li><a href='?page_no=14414'>14414<\/a><\/li>\n\n\n\n<li><a>...<\/a><\/li>\n\n\n\n<li><a href='?page_no=36999'>36999<\/a><\/li>\n\n\n\n<li><a href='?page_no=37000'>37000<\/a><\/li>\n\n    \n\t\n\n<li >\n\t<a href='?page_no=14413'>Next<\/a>\n\t<\/li>\n\n\n    \n\n<li><a href='?page_no=37000'>Last &rsaquo;&rsaquo;<\/a><\/li>\n\n<\/ul>\n\n\n--><br \/>\n<\/body><\/p>\n","protected":false},"excerpt":{"rendered":"<p>Santo Domingo RD 4 octubre.- El senador por Santiago, Julio C\u00e9sar Valent\u00edn, asegur\u00f3 este viernes que es pertinente aclarar que la posible discusi\u00f3n de una reforma constitucional es tema exclusivo del Congreso Nacional por facultad constitucional. \u00abEl de la reelecci\u00f3n presidencial resulta ser un tema recurrente a mediado de los gobiernos dominicanos, a\u00fan en los [&hellip;]<\/p>\n","protected":false},"author":3,"featured_media":0,"comment_status":"open","ping_status":"open","sticky":false,"template":"","format":"standard","meta":{"footnotes":""},"categories":[22],"tags":[],"class_list":["post-161959","post","type-post","status-publish","format-standard","hentry","category-politica"],"_links":{"self":[{"href":"https:\/\/diariodominicano.com\/index.php?rest_route=\/wp\/v2\/posts\/161959","targetHints":{"allow":["GET"]}}],"collection":[{"href":"https:\/\/diariodominicano.com\/index.php?rest_route=\/wp\/v2\/posts"}],"about":[{"href":"https:\/\/diariodominicano.com\/index.php?rest_route=\/wp\/v2\/types\/post"}],"author":[{"embeddable":true,"href":"https:\/\/diariodominicano.com\/index.php?rest_route=\/wp\/v2\/users\/3"}],"replies":[{"embeddable":true,"href":"https:\/\/diariodominicano.com\/index.php?rest_route=%2Fwp%2Fv2%2Fcomments&post=161959"}],"version-history":[{"count":0,"href":"https:\/\/diariodominicano.com\/index.php?rest_route=\/wp\/v2\/posts\/161959\/revisions"}],"wp:attachment":[{"href":"https:\/\/diariodominicano.com\/index.php?rest_route=%2Fwp%2Fv2%2Fmedia&parent=161959"}],"wp:term":[{"taxonomy":"category","embeddable":true,"href":"https:\/\/diariodominicano.com\/index.php?rest_route=%2Fwp%2Fv2%2Fcategories&post=161959"},{"taxonomy":"post_tag","embeddable":true,"href":"https:\/\/diariodominicano.com\/index.php?rest_route=%2Fwp%2Fv2%2Ftags&post=161959"}],"curies":[{"name":"wp","href":"https:\/\/api.w.org\/{rel}","templated":true}]}}