{"id":161958,"date":"2014-10-04T14:58:48","date_gmt":"2014-10-04T14:58:48","guid":{"rendered":"http:\/\/diariodominicano.ddns.net\/?p=161958"},"modified":"2014-10-04T14:58:48","modified_gmt":"2014-10-04T14:58:48","slug":"cuatro-diputados-pld-apoyan-ventura-camejo-lleve-tema-al-cp","status":"publish","type":"post","link":"https:\/\/diariodominicano.com\/?p=161958","title":{"rendered":"&#13;Cuatro diputados PLD apoyan Ventura Camejo lleve tema al CP"},"content":{"rendered":"<p><body><\/p>\n<p><img decoding=\"async\" src=\"img3\/elpidio 3.jpg\" \/><br \/><img decoding=\"async\" src=\"img3\/rizek 5.jpg\" \/><br \/><img decoding=\"async\" src=\"img3\/henry 4.jpg\" \/>  <\/p>\n<p>Santo Domingo RD 4 octubre.- Diputados  del Partido de la Liberaci\u00f3n Dominicana (PLD) favorecieron este viernes la propuesta del ministro de Administraci\u00f3n P\u00fablica, Ram\u00f3n Ventura Camejo, de llevar el tema de la reelecci\u00f3n presidencial  ante el Comit\u00e9 Pol\u00edtico de la organizaci\u00f3n oficialista. <\/p>\n<\/p>\n<p>Los legisladores que favorecen que la propuesta sea llevada al Comit\u00e9 Pol\u00edtico del PLD son Nazario Rizek Camilo, Hamlet Melo, Elpidio B\u00e1ez y Henry Mer\u00e1n, por entender que es la instancia que tiene que decidir sobre este tema. <\/p>\n<\/p>\n<p>El diputado  por la  provincia Hermanas Mirabal, Afif Nazario Rizek Camilo, consider\u00f3  es un tema que se debe discutir y buscar una salida con un nivel de consenso en su totalidad. <\/p>\n<\/p>\n<p> \u00abHay gente que entiende que el candidato m\u00e1s id\u00f3neo es el presidente Danilo Medina por su popularidad; pero si se va a modificar la Carta Magna debemos estar todos de acuerdo\u00bb, precis\u00f3 Rizek Camilo.<\/p>\n<\/p>\n<p> En tanto que, el congresista  Hamlet Melo entiende que la propuesta de  Ventura Camejo  resulta muy interesante, ya que el Comit\u00e9 Pol\u00edtico del PLD es quien gu\u00eda las acciones del partido.<\/p>\n<\/p>\n<p>El diputado por la provincia La Altagracia observ\u00f3 que los temas  que est\u00e1n llamando la atenci\u00f3n  de la poblaci\u00f3n y que enfocan al PLD deben ser tratados en ese \u00f3rgano.<\/p>\n<\/p>\n<p>\u00abLo que no puede ser es que solo dos personas traten esa situaci\u00f3n\u00bb, indic\u00f3 el legislador. <\/p>\n<\/p>\n<p>Mientras que el diputado Elpidio B\u00e1ez calific\u00f3 la propuesta Ventura Camejo como un caso novedoso dentro de la filas de la entidad pol\u00edtica, ya que en la \u00faltimas modificaciones a la Constituci\u00f3n para la reelecci\u00f3n presidencial la han hecho otros partidos, y en  esta ocasi\u00f3n  nos toca decidir si o no.<\/p>\n<\/p>\n<p>Sostuvo que la propuesta de Camejo tiene una solo lectura y es que el comit\u00e9 pol\u00edtico PLD asuma la discusi\u00f3n. <\/p>\n<\/p>\n<p>De igual manera, el diputado  Henry Mer\u00e1n, puntualiz\u00f3 que la observaci\u00f3n de Camejo es correcta, ya que comit\u00e9 pol\u00edtico es la m\u00e1xima instancia de la entidad, debido a que est\u00e1 facultada para  establecer lo que nos conviene en ese \u00e1mbito y que sea saludable.<\/p>\n<\/p>\n<h6> 2014-10-04 14:58:48 <\/h6>\n<p><!--\n<link rel=\"stylesheet\" href=\"css\/bootstrap.min.css\">\n\n\n<ul class=\"pagination\">\n\t    \n\t\n\n<li >\n\t<a href='?page_no=14410'>Previous<\/a>\n\t<\/li>\n\n\n       \n    \n\n<li><a href='?page_no=1'>1<\/a><\/li>\n\n\n\n<li><a href='?page_no=2'>2<\/a><\/li>\n\n\n\n<li><a>...<\/a><\/li>\n\n\n\n<li><a href='?page_no=14409'>14409<\/a><\/li>\n\n\n\n<li><a href='?page_no=14410'>14410<\/a><\/li>\n\n\n\n<li class='active'><a>14411<\/a><\/li>\n\n\n\n<li><a href='?page_no=14412'>14412<\/a><\/li>\n\n\n\n<li><a href='?page_no=14413'>14413<\/a><\/li>\n\n\n\n<li><a>...<\/a><\/li>\n\n\n\n<li><a href='?page_no=36999'>36999<\/a><\/li>\n\n\n\n<li><a href='?page_no=37000'>37000<\/a><\/li>\n\n    \n\t\n\n<li >\n\t<a href='?page_no=14412'>Next<\/a>\n\t<\/li>\n\n\n    \n\n<li><a href='?page_no=37000'>Last &rsaquo;&rsaquo;<\/a><\/li>\n\n<\/ul>\n\n\n--><br \/>\n<\/body><\/p>\n","protected":false},"excerpt":{"rendered":"<p>Santo Domingo RD 4 octubre.- Diputados del Partido de la Liberaci\u00f3n Dominicana (PLD) favorecieron este viernes la propuesta del ministro de Administraci\u00f3n P\u00fablica, Ram\u00f3n Ventura Camejo, de llevar el tema de la reelecci\u00f3n presidencial ante el Comit\u00e9 Pol\u00edtico de la organizaci\u00f3n oficialista. Los legisladores que favorecen que la propuesta sea llevada al Comit\u00e9 Pol\u00edtico del [&hellip;]<\/p>\n","protected":false},"author":3,"featured_media":0,"comment_status":"open","ping_status":"open","sticky":false,"template":"","format":"standard","meta":{"footnotes":""},"categories":[22],"tags":[],"class_list":["post-161958","post","type-post","status-publish","format-standard","hentry","category-politica"],"_links":{"self":[{"href":"https:\/\/diariodominicano.com\/index.php?rest_route=\/wp\/v2\/posts\/161958","targetHints":{"allow":["GET"]}}],"collection":[{"href":"https:\/\/diariodominicano.com\/index.php?rest_route=\/wp\/v2\/posts"}],"about":[{"href":"https:\/\/diariodominicano.com\/index.php?rest_route=\/wp\/v2\/types\/post"}],"author":[{"embeddable":true,"href":"https:\/\/diariodominicano.com\/index.php?rest_route=\/wp\/v2\/users\/3"}],"replies":[{"embeddable":true,"href":"https:\/\/diariodominicano.com\/index.php?rest_route=%2Fwp%2Fv2%2Fcomments&post=161958"}],"version-history":[{"count":0,"href":"https:\/\/diariodominicano.com\/index.php?rest_route=\/wp\/v2\/posts\/161958\/revisions"}],"wp:attachment":[{"href":"https:\/\/diariodominicano.com\/index.php?rest_route=%2Fwp%2Fv2%2Fmedia&parent=161958"}],"wp:term":[{"taxonomy":"category","embeddable":true,"href":"https:\/\/diariodominicano.com\/index.php?rest_route=%2Fwp%2Fv2%2Fcategories&post=161958"},{"taxonomy":"post_tag","embeddable":true,"href":"https:\/\/diariodominicano.com\/index.php?rest_route=%2Fwp%2Fv2%2Ftags&post=161958"}],"curies":[{"name":"wp","href":"https:\/\/api.w.org\/{rel}","templated":true}]}}