{"id":161957,"date":"2014-10-04T15:30:14","date_gmt":"2014-10-04T15:30:14","guid":{"rendered":"http:\/\/diariodominicano.ddns.net\/?p=161957"},"modified":"2014-10-04T15:30:14","modified_gmt":"2014-10-04T15:30:14","slug":"dirigente-del-prm-acusa-al-presidente-del-colegio-de-abogados-de-utilizar-la-entidad-para-fines-politicos-partidistas","status":"publish","type":"post","link":"https:\/\/diariodominicano.com\/?p=161957","title":{"rendered":"Dirigente  del PRM acusa al presidente del Colegio de Abogados de utilizar la entidad  para fines pol\u00edticos partidistas"},"content":{"rendered":"<p><body><\/p>\n<p><img decoding=\"async\" src=\"img3\/frankli 4.jpg\" \/>  <\/p>\n<p>Santo Domingo RD 4 octubre.- El dirigente del PRM  y ex  presidente del Colegio de Abogados de la Rep\u00fablica Dominicana (CARD),  Franklin Garc\u00eca  Ferm\u00ecn acus\u00f3 al presidente de esa entidqad  de usarla  para fines pol\u00edticos partidistas, porque a su juicio ha asumido la defensa jur\u00eddica del ex presidente Leonel Fern\u00e1ndez.<\/p>\n<\/p>\n<p>Tambi\u00e9n susbribi\u00f3 la denuncia de  la Fundaci\u00f3n Primero Justicia  que ha acusado a la administraci\u00f3n  del presidente Fern\u00e1ndez de  actos de corrupci\u00f3n en la compra de  los aviones S\u00f9per Tucano.  <\/p>\n<\/p>\n<p>\u00abEl Colegio de Abogados es una corporaci\u00f3n de derecho p\u00fablico la que no debe ser usada como si se tratara de una instituci\u00f3n privada. Es una instituci\u00f3n igual al Senado, o la C\u00e1mara de Diputados o la Direcci\u00f3n General de Aduanas, como cualquier instituci\u00f3n p\u00fablica del pa\u00eds, por tanto, ponerla al servicio de Leonel Fern\u00e1ndez es una violaci\u00f3n a la Constituci\u00f3n y a la Ley 91 del a\u00f1o 1983\u00bb, sostuvo el dirigente del PRM.  <\/p>\n<\/p>\n<p>El tambi\u00e9n pasado Rector de la Universidad Aut\u00f3noma de Santo Domingo (UASD), demand\u00f3 una profunda investigaci\u00f3n de la denuncia sobre supuesto soborno en la compra de los aviones S\u00f9per Tucano donde hay 8 personas investigadas y acusadas de pago ilegal en lacompra de esas aeronaves a Brasil.  <\/p>\n<\/p>\n<p>El doctor Franklin Garc\u00eda Ferm\u00edn censur\u00f3 que el Colegio de Abogados haya sido instrumentalizado por el doctor Diego Jos\u00e9 Garc\u00eda, presidente de la entidad, creyendo que es un comit\u00e9 de base del Partido de la Liberaci\u00f3n Dominicana.  <\/p>\n<\/p>\n<p>\u00abEsta acci\u00f3n, contraria a la naturaleza del Colegio de Abogados y sin precedente en el pa\u00eds, debe ser rechazada en\u00e9rgicamente por los abogados, que vemos c\u00f3mo el Colegio no presta ning\u00fan servicios a los profesionales del derecho y a sus familiares y a lo \u00fanico que se dedica es hacer actividades pol\u00edticas partidistas en desmedro de la instituci\u00f3n y a despilfarrar los fondos que le son asignados por ley\u00bb, indic\u00f3 el profesor universitario.  <\/p>\n<\/p>\n<p>El presidente del Colegio de Abogados de la Rep\u00fablica Dominicana (CARD) anuncio que asumir\u00e1 la defensa jur\u00eddica del ex-presidente Leonel Fern\u00e1ndez en la querella interpuesta en su contra por la Fundaci\u00f3n Primero Justicia, sobre el caso de supuesto soborno en la compra de los aviones S\u00f9per Tucano.<\/p>\n<\/p>\n<h6> 2014-10-04 15:30:14 <\/h6>\n<p><!--\n<link rel=\"stylesheet\" href=\"css\/bootstrap.min.css\">\n\n\n<ul class=\"pagination\">\n\t    \n\t\n\n<li >\n\t<a href='?page_no=14409'>Previous<\/a>\n\t<\/li>\n\n\n       \n    \n\n<li><a href='?page_no=1'>1<\/a><\/li>\n\n\n\n<li><a href='?page_no=2'>2<\/a><\/li>\n\n\n\n<li><a>...<\/a><\/li>\n\n\n\n<li><a href='?page_no=14408'>14408<\/a><\/li>\n\n\n\n<li><a href='?page_no=14409'>14409<\/a><\/li>\n\n\n\n<li class='active'><a>14410<\/a><\/li>\n\n\n\n<li><a href='?page_no=14411'>14411<\/a><\/li>\n\n\n\n<li><a href='?page_no=14412'>14412<\/a><\/li>\n\n\n\n<li><a>...<\/a><\/li>\n\n\n\n<li><a href='?page_no=36999'>36999<\/a><\/li>\n\n\n\n<li><a href='?page_no=37000'>37000<\/a><\/li>\n\n    \n\t\n\n<li >\n\t<a href='?page_no=14411'>Next<\/a>\n\t<\/li>\n\n\n    \n\n<li><a href='?page_no=37000'>Last &rsaquo;&rsaquo;<\/a><\/li>\n\n<\/ul>\n\n\n--><br \/>\n<\/body><\/p>\n","protected":false},"excerpt":{"rendered":"<p>Santo Domingo RD 4 octubre.- El dirigente del PRM y ex presidente del Colegio de Abogados de la Rep\u00fablica Dominicana (CARD), Franklin Garc\u00eca Ferm\u00ecn acus\u00f3 al presidente de esa entidqad de usarla para fines pol\u00edticos partidistas, porque a su juicio ha asumido la defensa jur\u00eddica del ex presidente Leonel Fern\u00e1ndez. Tambi\u00e9n susbribi\u00f3 la denuncia de [&hellip;]<\/p>\n","protected":false},"author":3,"featured_media":0,"comment_status":"open","ping_status":"open","sticky":false,"template":"","format":"standard","meta":{"footnotes":""},"categories":[22],"tags":[],"class_list":["post-161957","post","type-post","status-publish","format-standard","hentry","category-politica"],"_links":{"self":[{"href":"https:\/\/diariodominicano.com\/index.php?rest_route=\/wp\/v2\/posts\/161957","targetHints":{"allow":["GET"]}}],"collection":[{"href":"https:\/\/diariodominicano.com\/index.php?rest_route=\/wp\/v2\/posts"}],"about":[{"href":"https:\/\/diariodominicano.com\/index.php?rest_route=\/wp\/v2\/types\/post"}],"author":[{"embeddable":true,"href":"https:\/\/diariodominicano.com\/index.php?rest_route=\/wp\/v2\/users\/3"}],"replies":[{"embeddable":true,"href":"https:\/\/diariodominicano.com\/index.php?rest_route=%2Fwp%2Fv2%2Fcomments&post=161957"}],"version-history":[{"count":0,"href":"https:\/\/diariodominicano.com\/index.php?rest_route=\/wp\/v2\/posts\/161957\/revisions"}],"wp:attachment":[{"href":"https:\/\/diariodominicano.com\/index.php?rest_route=%2Fwp%2Fv2%2Fmedia&parent=161957"}],"wp:term":[{"taxonomy":"category","embeddable":true,"href":"https:\/\/diariodominicano.com\/index.php?rest_route=%2Fwp%2Fv2%2Fcategories&post=161957"},{"taxonomy":"post_tag","embeddable":true,"href":"https:\/\/diariodominicano.com\/index.php?rest_route=%2Fwp%2Fv2%2Ftags&post=161957"}],"curies":[{"name":"wp","href":"https:\/\/api.w.org\/{rel}","templated":true}]}}