{"id":161955,"date":"2014-10-04T15:33:45","date_gmt":"2014-10-04T15:33:45","guid":{"rendered":"http:\/\/diariodominicano.ddns.net\/?p=161955"},"modified":"2014-10-04T15:33:45","modified_gmt":"2014-10-04T15:33:45","slug":"miguel-vargas-pide-reivindicaciones-para-trabajadores-del-sector-agropecuario","status":"publish","type":"post","link":"https:\/\/diariodominicano.com\/?p=161955","title":{"rendered":"Miguel Vargas pide reivindicaciones para trabajadores del sector agropecuario&#13;"},"content":{"rendered":"<p><body><\/p>\n<p><img decoding=\"async\" src=\"img3\/miki 4.jpg\" \/>  <\/p>\n<p>Los felicita en su D\u00eda<\/p>\n<p>Miguel Vargas pide reivindicaciones para trabajadores del sector agropecuario<\/p>\n<\/p>\n<p>El presidente del Partido Revolucionario Dominicano (PRD), Miguel Vargas Maldonado, conjuntamente con el Frente Agropecuario de la organizaci\u00f3n pol\u00edtica, felicit\u00f3 a todos los agr\u00f3nomos del pa\u00eds en su d\u00eda y, al mismo tiempo, valor\u00f3 el gran esfuerzo profesional y laboral que realizan \u00abestos hombres y mujeres que d\u00eda a d\u00eda procuran mayores niveles de producci\u00f3n en el campo dominicano\u00bb.<\/p>\n<\/p>\n<p>\u00abEl profesional agropecuario juega un papel laboral determinante en la producci\u00f3n agropecuaria nacional en estos tiempos de competencia global hacia la competitividad en la producci\u00f3n agropecuaria, en donde se requiere de mayores niveles de aplicaci\u00f3n de tecnolog\u00eda en los cultivos y con oportuna supervisi\u00f3n en todas las pr\u00e1cticas culturales de producci\u00f3n, un efectivo monitoreo de Plagas y enfermedades, comercializaci\u00f3n, capacitaci\u00f3n y extensi\u00f3n, por ello el Partido Revolucionario Dominicano solicita al Gobierno Central y al Ministerio de Agricultura incluir a los profesionales agropecuarios en todos sus planes y proyectos como forma de garantizar un seguimiento adecuado a la producci\u00f3n agropecuaria y a la seguridad alimentaria nacional\u00bb, abog\u00f3 el presidente del PRD en un comunicado este viernes. <\/p>\n<\/p>\n<p>De igual manera, dijo que se hace necesario reivindicar aquellos hombres y mujeres que dieron su juventud profesional en sus labores de campo y hoy esperan por ver materializados su justa pensi\u00f3n derivada de sus largos a\u00f1os de trabajo en distintas instituciones gubernamentales y cuyas solicitudes provienen de los gremios profesionales que los agrupa en La Asociaci\u00f3n Nacional de Profesionales Agropecuarios (ANPA) y La Asociaci\u00f3n de Ingenieros Agr\u00f3nomos (ADIA), ya es justo que se otorguen dichas pensiones.<\/p>\n<\/p>\n<h6> 2014-10-04 15:33:45 <\/h6>\n<p><!--\n<link rel=\"stylesheet\" href=\"css\/bootstrap.min.css\">\n\n\n<ul class=\"pagination\">\n\t    \n\t\n\n<li >\n\t<a href='?page_no=14408'>Previous<\/a>\n\t<\/li>\n\n\n       \n    \n\n<li><a href='?page_no=1'>1<\/a><\/li>\n\n\n\n<li><a href='?page_no=2'>2<\/a><\/li>\n\n\n\n<li><a>...<\/a><\/li>\n\n\n\n<li><a href='?page_no=14407'>14407<\/a><\/li>\n\n\n\n<li><a href='?page_no=14408'>14408<\/a><\/li>\n\n\n\n<li class='active'><a>14409<\/a><\/li>\n\n\n\n<li><a href='?page_no=14410'>14410<\/a><\/li>\n\n\n\n<li><a href='?page_no=14411'>14411<\/a><\/li>\n\n\n\n<li><a>...<\/a><\/li>\n\n\n\n<li><a href='?page_no=36999'>36999<\/a><\/li>\n\n\n\n<li><a href='?page_no=37000'>37000<\/a><\/li>\n\n    \n\t\n\n<li >\n\t<a href='?page_no=14410'>Next<\/a>\n\t<\/li>\n\n\n    \n\n<li><a href='?page_no=37000'>Last &rsaquo;&rsaquo;<\/a><\/li>\n\n<\/ul>\n\n\n--><br \/>\n<\/body><\/p>\n","protected":false},"excerpt":{"rendered":"<p>Los felicita en su D\u00eda Miguel Vargas pide reivindicaciones para trabajadores del sector agropecuario El presidente del Partido Revolucionario Dominicano (PRD), Miguel Vargas Maldonado, conjuntamente con el Frente Agropecuario de la organizaci\u00f3n pol\u00edtica, felicit\u00f3 a todos los agr\u00f3nomos del pa\u00eds en su d\u00eda y, al mismo tiempo, valor\u00f3 el gran esfuerzo profesional y laboral que [&hellip;]<\/p>\n","protected":false},"author":3,"featured_media":0,"comment_status":"open","ping_status":"open","sticky":false,"template":"","format":"standard","meta":{"footnotes":""},"categories":[22],"tags":[],"class_list":["post-161955","post","type-post","status-publish","format-standard","hentry","category-politica"],"_links":{"self":[{"href":"https:\/\/diariodominicano.com\/index.php?rest_route=\/wp\/v2\/posts\/161955","targetHints":{"allow":["GET"]}}],"collection":[{"href":"https:\/\/diariodominicano.com\/index.php?rest_route=\/wp\/v2\/posts"}],"about":[{"href":"https:\/\/diariodominicano.com\/index.php?rest_route=\/wp\/v2\/types\/post"}],"author":[{"embeddable":true,"href":"https:\/\/diariodominicano.com\/index.php?rest_route=\/wp\/v2\/users\/3"}],"replies":[{"embeddable":true,"href":"https:\/\/diariodominicano.com\/index.php?rest_route=%2Fwp%2Fv2%2Fcomments&post=161955"}],"version-history":[{"count":0,"href":"https:\/\/diariodominicano.com\/index.php?rest_route=\/wp\/v2\/posts\/161955\/revisions"}],"wp:attachment":[{"href":"https:\/\/diariodominicano.com\/index.php?rest_route=%2Fwp%2Fv2%2Fmedia&parent=161955"}],"wp:term":[{"taxonomy":"category","embeddable":true,"href":"https:\/\/diariodominicano.com\/index.php?rest_route=%2Fwp%2Fv2%2Fcategories&post=161955"},{"taxonomy":"post_tag","embeddable":true,"href":"https:\/\/diariodominicano.com\/index.php?rest_route=%2Fwp%2Fv2%2Ftags&post=161955"}],"curies":[{"name":"wp","href":"https:\/\/api.w.org\/{rel}","templated":true}]}}