{"id":161954,"date":"2014-10-04T15:37:04","date_gmt":"2014-10-04T15:37:04","guid":{"rendered":"http:\/\/diariodominicano.ddns.net\/?p=161954"},"modified":"2014-10-04T15:37:04","modified_gmt":"2014-10-04T15:37:04","slug":"montas-estara-en-san-cristobal-bonao-y-el-dn-este-fin-de-semana","status":"publish","type":"post","link":"https:\/\/diariodominicano.com\/?p=161954","title":{"rendered":"Mont\u00e1s estar\u00e1 en San Crist\u00f3bal, Bonao y el DN este fin de semana"},"content":{"rendered":"<p><body><\/p>\n<p><img decoding=\"async\" src=\"img3\/montas 4.jpg\" \/>  <\/p>\n<p>Santo Domingo RD 4 octubre.- El equipo de campa\u00f1a del ingeniero Tem\u00edstocles Mont\u00e1s, aspirante presidencial por el Partido de la Liberaci\u00f3n Dominicana (PLD) anunci\u00f3 este viernes que su candidato recorrer\u00e1 este fin de semana San Crist\u00f3bal, Bonao y sectores de la parte Sur del Distrito Nacional.<\/p>\n<\/p>\n<p>Este s\u00e1bado a las diez de la ma\u00f1ana Mont\u00e1s reunir\u00e1 una gran asamblea de coordinadores de su campa\u00f1a a nivel nacional en el hotel BQ, el antiguo Delta, ubicado en la avenida Sarasota de esta capital.<\/p>\n<\/p>\n<p>Y a las cuatro de la tarde tambi\u00e9n hablar\u00e1 en su pueblo natal de San Crist\u00f3bal en un encuentro convocado por propulsoras de sus concepciones sobre igualdad y equidad de g\u00e9nero.<\/p>\n<\/p>\n<p>Mientras que este domingo a las nueve de la ma\u00f1ana, Mont\u00e1s ser\u00e1 recibido en Bonao por dirigentes y simpatizantes del PLD que impulsan sus aspiraciones, y a las cinco de la tarde concluir\u00e1 su itinerario en la capital en una gran actividad en el Kil\u00f3metro 8 y medio de la carretera S\u00e1nchez.<\/p>\n<\/p>\n<h6> 2014-10-04 15:37:04 <\/h6>\n<p><!--\n<link rel=\"stylesheet\" href=\"css\/bootstrap.min.css\">\n\n\n<ul class=\"pagination\">\n\t    \n\t\n\n<li >\n\t<a href='?page_no=14407'>Previous<\/a>\n\t<\/li>\n\n\n       \n    \n\n<li><a href='?page_no=1'>1<\/a><\/li>\n\n\n\n<li><a href='?page_no=2'>2<\/a><\/li>\n\n\n\n<li><a>...<\/a><\/li>\n\n\n\n<li><a href='?page_no=14406'>14406<\/a><\/li>\n\n\n\n<li><a href='?page_no=14407'>14407<\/a><\/li>\n\n\n\n<li class='active'><a>14408<\/a><\/li>\n\n\n\n<li><a href='?page_no=14409'>14409<\/a><\/li>\n\n\n\n<li><a href='?page_no=14410'>14410<\/a><\/li>\n\n\n\n<li><a>...<\/a><\/li>\n\n\n\n<li><a href='?page_no=36999'>36999<\/a><\/li>\n\n\n\n<li><a href='?page_no=37000'>37000<\/a><\/li>\n\n    \n\t\n\n<li >\n\t<a href='?page_no=14409'>Next<\/a>\n\t<\/li>\n\n\n    \n\n<li><a href='?page_no=37000'>Last &rsaquo;&rsaquo;<\/a><\/li>\n\n<\/ul>\n\n\n--><br \/>\n<\/body><\/p>\n","protected":false},"excerpt":{"rendered":"<p>Santo Domingo RD 4 octubre.- El equipo de campa\u00f1a del ingeniero Tem\u00edstocles Mont\u00e1s, aspirante presidencial por el Partido de la Liberaci\u00f3n Dominicana (PLD) anunci\u00f3 este viernes que su candidato recorrer\u00e1 este fin de semana San Crist\u00f3bal, Bonao y sectores de la parte Sur del Distrito Nacional. Este s\u00e1bado a las diez de la ma\u00f1ana Mont\u00e1s [&hellip;]<\/p>\n","protected":false},"author":3,"featured_media":0,"comment_status":"open","ping_status":"open","sticky":false,"template":"","format":"standard","meta":{"footnotes":""},"categories":[22],"tags":[],"class_list":["post-161954","post","type-post","status-publish","format-standard","hentry","category-politica"],"_links":{"self":[{"href":"https:\/\/diariodominicano.com\/index.php?rest_route=\/wp\/v2\/posts\/161954","targetHints":{"allow":["GET"]}}],"collection":[{"href":"https:\/\/diariodominicano.com\/index.php?rest_route=\/wp\/v2\/posts"}],"about":[{"href":"https:\/\/diariodominicano.com\/index.php?rest_route=\/wp\/v2\/types\/post"}],"author":[{"embeddable":true,"href":"https:\/\/diariodominicano.com\/index.php?rest_route=\/wp\/v2\/users\/3"}],"replies":[{"embeddable":true,"href":"https:\/\/diariodominicano.com\/index.php?rest_route=%2Fwp%2Fv2%2Fcomments&post=161954"}],"version-history":[{"count":0,"href":"https:\/\/diariodominicano.com\/index.php?rest_route=\/wp\/v2\/posts\/161954\/revisions"}],"wp:attachment":[{"href":"https:\/\/diariodominicano.com\/index.php?rest_route=%2Fwp%2Fv2%2Fmedia&parent=161954"}],"wp:term":[{"taxonomy":"category","embeddable":true,"href":"https:\/\/diariodominicano.com\/index.php?rest_route=%2Fwp%2Fv2%2Fcategories&post=161954"},{"taxonomy":"post_tag","embeddable":true,"href":"https:\/\/diariodominicano.com\/index.php?rest_route=%2Fwp%2Fv2%2Ftags&post=161954"}],"curies":[{"name":"wp","href":"https:\/\/api.w.org\/{rel}","templated":true}]}}