{"id":161953,"date":"2014-10-04T17:04:37","date_gmt":"2014-10-04T17:04:37","guid":{"rendered":"http:\/\/diariodominicano.ddns.net\/?p=161953"},"modified":"2014-10-04T17:04:37","modified_gmt":"2014-10-04T17:04:37","slug":"convergencia-por-un-mejor-pais-realizara-un-encuentro-de-organizaciones-manana-domingo","status":"publish","type":"post","link":"https:\/\/diariodominicano.com\/?p=161953","title":{"rendered":"Convergencia por un Mejor Pa\u00eds realizar\u00e1 un encuentro de organizaciones ma\u00f1ana domingo"},"content":{"rendered":"<p><body><\/p>\n<p>SANTO DOMINGO.-La Convergencia por un mejor pa\u00eds celebrar\u00e1 este domingo un gran encuentro con las organizaciones componentes de la misma  para la conformaci\u00f3n sus estructuras correspondientes a la provincia Santo Domingo y la aprobaci\u00f3n de un plan de lucha para el logro de la soluci\u00f3n de las principales necesidades de sus moradores.<\/p>\n<p>El acto ser\u00e1 celebrado   a las 10:00 de la ma\u00f1ana, en el local de la Cooperativa de Herrera, ubicado en la Isabela Aguiar  esquina M\u00e9xico  del sector de Herrera del municipio de Santo Domingo Oeste.<\/p>\n<p>Al mismo asistir\u00e1n delegaciones de los municipios Santo Domingo Oeste, Santo Domingo Norte, Pedro Brand, Los Alcarrizos,  La Guayiga,  La Victoria, Santo Domingo Este,  Guerra, Boca Chica, entre otros.<\/p>\n<p>La coalici\u00f3n \u00abConvergencia por un Mejor Pa\u00eds\u00bb viene trabajando en la conformaci\u00f3n de un gran Frente Electoral Opositor para las elecciones del 2016 y la compactaci\u00f3n de fuerzas sociales municipales, comunicatorias, barriales, profesionales,  culturales, pol\u00edticas, entre otras para desarrollar un plan  lucha por las reivindicaciones sociales de la sociedad dominicana<\/p>\n<h6> 2014-10-04 17:04:37 <\/h6>\n<p><!--\n<link rel=\"stylesheet\" href=\"css\/bootstrap.min.css\">\n\n\n<ul class=\"pagination\">\n\t    \n\t\n\n<li >\n\t<a href='?page_no=14406'>Previous<\/a>\n\t<\/li>\n\n\n       \n    \n\n<li><a href='?page_no=1'>1<\/a><\/li>\n\n\n\n<li><a href='?page_no=2'>2<\/a><\/li>\n\n\n\n<li><a>...<\/a><\/li>\n\n\n\n<li><a href='?page_no=14405'>14405<\/a><\/li>\n\n\n\n<li><a href='?page_no=14406'>14406<\/a><\/li>\n\n\n\n<li class='active'><a>14407<\/a><\/li>\n\n\n\n<li><a href='?page_no=14408'>14408<\/a><\/li>\n\n\n\n<li><a href='?page_no=14409'>14409<\/a><\/li>\n\n\n\n<li><a>...<\/a><\/li>\n\n\n\n<li><a href='?page_no=36999'>36999<\/a><\/li>\n\n\n\n<li><a href='?page_no=37000'>37000<\/a><\/li>\n\n    \n\t\n\n<li >\n\t<a href='?page_no=14408'>Next<\/a>\n\t<\/li>\n\n\n    \n\n<li><a href='?page_no=37000'>Last &rsaquo;&rsaquo;<\/a><\/li>\n\n<\/ul>\n\n\n--><br \/>\n<\/body><\/p>\n","protected":false},"excerpt":{"rendered":"<p>SANTO DOMINGO.-La Convergencia por un mejor pa\u00eds celebrar\u00e1 este domingo un gran encuentro con las organizaciones componentes de la misma para la conformaci\u00f3n sus estructuras correspondientes a la provincia Santo Domingo y la aprobaci\u00f3n de un plan de lucha para el logro de la soluci\u00f3n de las principales necesidades de sus moradores. El acto ser\u00e1 [&hellip;]<\/p>\n","protected":false},"author":3,"featured_media":0,"comment_status":"open","ping_status":"open","sticky":false,"template":"","format":"standard","meta":{"footnotes":""},"categories":[22],"tags":[],"class_list":["post-161953","post","type-post","status-publish","format-standard","hentry","category-politica"],"_links":{"self":[{"href":"https:\/\/diariodominicano.com\/index.php?rest_route=\/wp\/v2\/posts\/161953","targetHints":{"allow":["GET"]}}],"collection":[{"href":"https:\/\/diariodominicano.com\/index.php?rest_route=\/wp\/v2\/posts"}],"about":[{"href":"https:\/\/diariodominicano.com\/index.php?rest_route=\/wp\/v2\/types\/post"}],"author":[{"embeddable":true,"href":"https:\/\/diariodominicano.com\/index.php?rest_route=\/wp\/v2\/users\/3"}],"replies":[{"embeddable":true,"href":"https:\/\/diariodominicano.com\/index.php?rest_route=%2Fwp%2Fv2%2Fcomments&post=161953"}],"version-history":[{"count":0,"href":"https:\/\/diariodominicano.com\/index.php?rest_route=\/wp\/v2\/posts\/161953\/revisions"}],"wp:attachment":[{"href":"https:\/\/diariodominicano.com\/index.php?rest_route=%2Fwp%2Fv2%2Fmedia&parent=161953"}],"wp:term":[{"taxonomy":"category","embeddable":true,"href":"https:\/\/diariodominicano.com\/index.php?rest_route=%2Fwp%2Fv2%2Fcategories&post=161953"},{"taxonomy":"post_tag","embeddable":true,"href":"https:\/\/diariodominicano.com\/index.php?rest_route=%2Fwp%2Fv2%2Ftags&post=161953"}],"curies":[{"name":"wp","href":"https:\/\/api.w.org\/{rel}","templated":true}]}}